{"id":59007,"date":"2014-12-22T16:13:54","date_gmt":"2014-12-22T19:13:54","guid":{"rendered":"http:\/\/www.24baires.com\/?p=59007"},"modified":"2014-12-22T16:13:54","modified_gmt":"2014-12-22T19:13:54","slug":"scioli-pidio-paz-y-armonia-en-las-fiestas-de-fin-de-ano","status":"publish","type":"post","link":"http:\/\/www.24baires.com\/?p=59007","title":{"rendered":"Scioli pidi\u00f3 \u00abpaz y armon\u00eda\u00bb en las fiestas de fin de a\u00f1o"},"content":{"rendered":"<p><img data-recalc-dims=\"1\" loading=\"lazy\" decoding=\"async\" class=\"aligncenter size-full wp-image-52695\" src=\"https:\/\/i0.wp.com\/www.24baires.com\/wp-content\/uploads\/2014\/08\/scioli5.jpg?resize=560%2C280\" alt=\"scioli5\" width=\"560\" height=\"280\" srcset=\"https:\/\/i0.wp.com\/www.24baires.com\/wp-content\/uploads\/2014\/08\/scioli5.jpg?w=560 560w, https:\/\/i0.wp.com\/www.24baires.com\/wp-content\/uploads\/2014\/08\/scioli5.jpg?resize=300%2C150 300w\" sizes=\"auto, (max-width: 560px) 100vw, 560px\" \/>El gobernador bonaerense, Daniel Scioli, pidi\u00f3 hoy que \u201cen v\u00edsperas de las fiestas, trabajemos para que todo transcurra en paz social y armon\u00eda\u201d, al participar de un brindis en la Fiscal\u00eda de Estado bonaerense, donde tambi\u00e9n solicit\u00f3 \u201ca las organizaciones gremiales estatales\u201d que \u201cpongan el hombro para tener una Provincia pujante e inclusiva\u201d.<!--more--><\/p>\n<p>Adem\u00e1s, agradeci\u00f3 a \u201ctodos los que defienden a diario el patrimonio estatal\u201d y destac\u00f3 la figura del ex fiscal de Estado, Ricardo Szelagowski.<\/p>\n<p>Sostuvo que \u201cquienes han tomado la posta tambi\u00e9n son profesionales responsables y respetados por toda la comunidad\u201d y luego se comprometi\u00f3 a \u00abavanzar en la autarqu\u00eda de la Fiscalia de Estado para que se pueda desenvolver con total autonom\u00eda\u201d.<\/p>\n<p>&nbsp;<\/p>\n<p>&nbsp;<\/p>\n<p>&nbsp;<\/p>\n<p>&nbsp;<\/p>\n<p>&nbsp;<\/p>\n<p>&nbsp;<\/p>\n<p>&nbsp;<\/p>\n<p>&nbsp;<\/p>\n<p>&nbsp;<\/p>\n<p>&nbsp;<\/p>\n<p>&nbsp;<\/p>\n<p>&nbsp;<\/p>\n<p>&nbsp;<\/p>\n<p>&nbsp;<\/p>\n","protected":false},"excerpt":{"rendered":"<p>El gobernador bonaerense, Daniel Scioli, pidi\u00f3 hoy que \u201cen v\u00edsperas de las fiestas, trabajemos para que todo transcurra en paz social y armon\u00eda\u201d, al participar de un brindis en la Fiscal\u00eda de Estado bonaerense, donde tambi\u00e9n solicit\u00f3 \u201ca las organizaciones gremiales estatales\u201d que \u201cpongan el hombro para tener una Provincia pujante e inclusiva\u201d.<\/p>\n","protected":false},"author":8,"featured_media":0,"comment_status":"open","ping_status":"open","sticky":false,"template":"","format":"standard","meta":{"_jetpack_newsletter_access":"","_jetpack_dont_email_post_to_subs":false,"_jetpack_newsletter_tier_id":0,"_jetpack_memberships_contains_paywalled_content":false,"_jetpack_memberships_contains_paid_content":false,"footnotes":""},"categories":[51],"tags":[],"class_list":["post-59007","post","type-post","status-publish","format-standard","hentry","category-politica"],"jetpack_shortlink":"https:\/\/wp.me\/p2JWE0-flJ","jetpack-related-posts":[{"id":101057,"url":"http:\/\/www.24baires.com\/?p=101057","url_meta":{"origin":59007,"position":0},"title":"Piden embargar por $650 millones a exfuncionarios de IOMA","author":"AF","date":"14\/03\/2018","format":false,"excerpt":"La Fiscal\u00eda de Estado de la provincia de Buenos Aires y la UFI 11 de La Plata pidieron que se dicte una inhibici\u00f3n de bienes contra Antonio La Scaleia, ex titular de IOMA durante el Gobierno de Daniel Scioli, y otros diez ex funcionarios de la obra social estatal. El\u2026","rel":"","context":"En \u00abJUDICIALES\u00bb","block_context":{"text":"JUDICIALES","link":"http:\/\/www.24baires.com\/?cat=68"},"img":{"alt_text":"","src":"https:\/\/i0.wp.com\/www.24baires.com\/wp-content\/uploads\/2018\/02\/IOMA.jpg?resize=350%2C200","width":350,"height":200,"srcset":"https:\/\/i0.wp.com\/www.24baires.com\/wp-content\/uploads\/2018\/02\/IOMA.jpg?resize=350%2C200 1x, https:\/\/i0.wp.com\/www.24baires.com\/wp-content\/uploads\/2018\/02\/IOMA.jpg?resize=525%2C300 1.5x"},"classes":[]},{"id":101122,"url":"http:\/\/www.24baires.com\/?p=101122","url_meta":{"origin":59007,"position":1},"title":"Indagar\u00e1n a Scioli por irregularidades en la construcci\u00f3n de las UPA 24","author":"AF","date":"17\/03\/2018","format":false,"excerpt":"El ex gobernador Daniel Scioli y quien fuera su ministro de Salud, Alejandro Collia, fueron imputados y citados a prestar declaraci\u00f3n indagatoria en el marco de una causa que investiga presuntas irregularidades en la adjudicaci\u00f3n de ocho Unidades de Pronta Atenci\u00f3n (UPA 24) para las que se destinaron m\u00e1s de\u2026","rel":"","context":"En \u00abJUDICIALES\u00bb","block_context":{"text":"JUDICIALES","link":"http:\/\/www.24baires.com\/?cat=68"},"img":{"alt_text":"","src":"https:\/\/i0.wp.com\/www.24baires.com\/wp-content\/uploads\/2014\/05\/Daniel-Scioli.jpg?resize=350%2C200","width":350,"height":200,"srcset":"https:\/\/i0.wp.com\/www.24baires.com\/wp-content\/uploads\/2014\/05\/Daniel-Scioli.jpg?resize=350%2C200 1x, https:\/\/i0.wp.com\/www.24baires.com\/wp-content\/uploads\/2014\/05\/Daniel-Scioli.jpg?resize=525%2C300 1.5x"},"classes":[]},{"id":37259,"url":"http:\/\/www.24baires.com\/?p=37259","url_meta":{"origin":59007,"position":2},"title":"Docentes bonaerenses tambi\u00e9n reclaman un plus de fin de a\u00f1o","author":"Grupo Sierra","date":"21\/12\/2013","format":false,"excerpt":"La Federaci\u00f3n de Educadores Bonaerenses solicit\u00f3 el pago de un bono de fin de a\u00f1o, tal como cobraron los estatales de otras provincias. \u201cLos dirigentes vivimos enfrentando una sucesi\u00f3n de faltas de decisi\u00f3n, falta de respuesta y falta de soluci\u00f3n\u201d, se quej\u00f3 Mirta Petrocini. La presidenta de la Federaci\u00f3n de\u2026","rel":"","context":"En \u00abProvincia\u00bb","block_context":{"text":"Provincia","link":"http:\/\/www.24baires.com\/?cat=40"},"img":{"alt_text":"","src":"","width":0,"height":0},"classes":[]},{"id":112897,"url":"http:\/\/www.24baires.com\/?p=112897","url_meta":{"origin":59007,"position":3},"title":"Educaci\u00f3n primaria: aument\u00f3 el abandono y se duplic\u00f3 la repitencia durante la gesti\u00f3n de Vidal","author":"GB","date":"07\/11\/2019","format":false,"excerpt":"Los datos surgen del informe publicado por el Ministerio de Educaci\u00f3n bonaerense que cuenta con estad\u00edsticas correspondiente al per\u00edodo comprendido entre los a\u00f1os 2011 y 2018. Respecto al nivel secundario, el gobierno de Vidal alcanz\u00f3 guarismos m\u00e1s grandes que los que agarr\u00f3 luego de la gesti\u00f3n sciolista. Un informe del\u2026","rel":"","context":"En \u00abProvincia\u00bb","block_context":{"text":"Provincia","link":"http:\/\/www.24baires.com\/?cat=40"},"img":{"alt_text":"","src":"https:\/\/i0.wp.com\/www.24baires.com\/wp-content\/uploads\/2019\/11\/primaria.jpg?resize=350%2C200","width":350,"height":200,"srcset":"https:\/\/i0.wp.com\/www.24baires.com\/wp-content\/uploads\/2019\/11\/primaria.jpg?resize=350%2C200 1x, https:\/\/i0.wp.com\/www.24baires.com\/wp-content\/uploads\/2019\/11\/primaria.jpg?resize=525%2C300 1.5x"},"classes":[]},{"id":103352,"url":"http:\/\/www.24baires.com\/?p=103352","url_meta":{"origin":59007,"position":4},"title":"In\u00e9dito: La Provincia no tiene opositores en los \u00f3rganos de contralor del gobierno","author":"Grupo Sierra","date":"15\/07\/2018","format":false,"excerpt":"El nombramiento de Mar\u00eda Fernanda Inza como contadora general de la Provincia, que Mar\u00eda Eugenia Vidal apur\u00f3 la semana que pas\u00f3 a favor de la mayor\u00eda que posee en el Senado y el oportuno apoyo de un representante del massismo, termin\u00f3 de consolidar una situaci\u00f3n con pocos antecedentes: todos los\u2026","rel":"","context":"En \u00abProvincia\u00bb","block_context":{"text":"Provincia","link":"http:\/\/www.24baires.com\/?cat=40"},"img":{"alt_text":"","src":"https:\/\/i0.wp.com\/www.dib.com.ar\/gestion\/images\/blogmanagement\/noticias\/thumb\/5b4b9524cb0ac1531680036.jpg?resize=350%2C200","width":350,"height":200,"srcset":"https:\/\/i0.wp.com\/www.dib.com.ar\/gestion\/images\/blogmanagement\/noticias\/thumb\/5b4b9524cb0ac1531680036.jpg?resize=350%2C200 1x, https:\/\/i0.wp.com\/www.dib.com.ar\/gestion\/images\/blogmanagement\/noticias\/thumb\/5b4b9524cb0ac1531680036.jpg?resize=525%2C300 1.5x"},"classes":[]},{"id":10559,"url":"http:\/\/www.24baires.com\/?p=10559","url_meta":{"origin":59007,"position":5},"title":"Scioli: \u00abCon Mariotto arrancamos con dificultades, pero terminamos el a\u00f1o en armon\u00eda\u201d","author":"AF","date":"27\/12\/2012","format":false,"excerpt":"LA PLATA - El gobernador Daniel Scioli, encabez\u00f3 el tradicional brindis de fin de a\u00f1o con los periodistas acreditados en la Gobernaci\u00f3n bonaerense. Repas\u00f3 diferentes puntos de su gesti\u00f3n y asegur\u00f3: \u201csomos el gobierno que m\u00e1s coparticipaci\u00f3n ha girado en la historia de la provincia Buenos Aires a los municipios\u201d.\u2026","rel":"","context":"En \u00abPol\u00edtica\u00bb","block_context":{"text":"Pol\u00edtica","link":"http:\/\/www.24baires.com\/?cat=51"},"img":{"alt_text":"","src":"https:\/\/i0.wp.com\/www.24baires.com\/wp-content\/uploads\/2012\/12\/scioli-conferencia.jpg?resize=350%2C200","width":350,"height":200,"srcset":"https:\/\/i0.wp.com\/www.24baires.com\/wp-content\/uploads\/2012\/12\/scioli-conferencia.jpg?resize=350%2C200 1x, https:\/\/i0.wp.com\/www.24baires.com\/wp-content\/uploads\/2012\/12\/scioli-conferencia.jpg?resize=525%2C300 1.5x"},"classes":[]}],"jetpack_sharing_enabled":true,"jetpack_likes_enabled":true,"jetpack_featured_media_url":"","_links":{"self":[{"href":"http:\/\/www.24baires.com\/index.php?rest_route=\/wp\/v2\/posts\/59007","targetHints":{"allow":["GET"]}}],"collection":[{"href":"http:\/\/www.24baires.com\/index.php?rest_route=\/wp\/v2\/posts"}],"about":[{"href":"http:\/\/www.24baires.com\/index.php?rest_route=\/wp\/v2\/types\/post"}],"author":[{"embeddable":true,"href":"http:\/\/www.24baires.com\/index.php?rest_route=\/wp\/v2\/users\/8"}],"replies":[{"embeddable":true,"href":"http:\/\/www.24baires.com\/index.php?rest_route=%2Fwp%2Fv2%2Fcomments&post=59007"}],"version-history":[{"count":1,"href":"http:\/\/www.24baires.com\/index.php?rest_route=\/wp\/v2\/posts\/59007\/revisions"}],"predecessor-version":[{"id":59008,"href":"http:\/\/www.24baires.com\/index.php?rest_route=\/wp\/v2\/posts\/59007\/revisions\/59008"}],"wp:attachment":[{"href":"http:\/\/www.24baires.com\/index.php?rest_route=%2Fwp%2Fv2%2Fmedia&parent=59007"}],"wp:term":[{"taxonomy":"category","embeddable":true,"href":"http:\/\/www.24baires.com\/index.php?rest_route=%2Fwp%2Fv2%2Fcategories&post=59007"},{"taxonomy":"post_tag","embeddable":true,"href":"http:\/\/www.24baires.com\/index.php?rest_route=%2Fwp%2Fv2%2Ftags&post=59007"}],"curies":[{"name":"wp","href":"https:\/\/api.w.org\/{rel}","templated":true}]}}