{"id":58989,"date":"2014-12-22T12:30:27","date_gmt":"2014-12-22T15:30:27","guid":{"rendered":"http:\/\/www.24baires.com\/?p=58989"},"modified":"2014-12-22T12:46:59","modified_gmt":"2014-12-22T15:46:59","slug":"gonella-no-se-presentara-ante-bonadio-hasta-que-queden-firmes-sus-planteos","status":"publish","type":"post","link":"http:\/\/www.24baires.com\/?p=58989","title":{"rendered":"Gonella no se presentar\u00e1 ante Bonadio hasta que queden firmes sus planteos"},"content":{"rendered":"<p>En un escrito, el fiscal general a cargo de la Procelac inform\u00f3 que no se presentar\u00e1 porque \u00ablos planteos de recusaci\u00f3n y de nulidad del llamado a indagatoria a\u00fan no han adquirido firmeza\u00bb. \u00abNo estamos ante un juez imparcial\u00bb, advirti\u00f3.<!--more--><\/p>\n<p>El fiscal general Carlos Gonella, a cargo de la Procuradur\u00eda de Criminalidad Econ\u00f3mica y Lavado de Activos (Procelac), no se presentar\u00e1 ante el juez Claudio Bonadio que lo llam\u00f3 a declaraci\u00f3n indagatoria por \u00abviolaci\u00f3n de secretos\u00bb, y advirti\u00f3 que \u00abno estamos ante un juez imparcial\u00bb.<\/p>\n<p>As\u00ed lo inform\u00f3 Gonella en un escrito entregado al magistrado, en el que explica que no se presentar\u00e1 porque \u00ablos planteos de recusaci\u00f3n y de nulidad del llamado a indagatoria a\u00fan no han adquirido firmeza\u00bb.<\/p>\n<p>Seg\u00fan public\u00f3 el sitio www.fiscales.gob.ar, en su escrito, Gonella dej\u00f3 en claro que \u00absigue manteni\u00e9ndose a derecho\u00bb y adelant\u00f3 que continuar\u00e1 \u00abla v\u00ed\u00ada recursiva\u00bb en los planteos.<\/p>\n<p>En tanto, en declaraciones a radio FM Nacional Rock, el fiscal dijo que \u00abno estamos ante un juez imparcial\u00bb y aclar\u00f3 que \u00abcuando est\u00e9n dadas las condiciones lo vamos a hacer\u00bb.<\/p>\n<p>\u00abNo consideramos que est\u00e9n dadas las condiciones para presentarnos. No estamos ante un juez imparcial como exige la Constituci\u00f3n. Cuando est\u00e9n dadas las condiciones lo vamos a hacer\u00bb, insisti\u00f3 el titular de la Procelac.<\/p>\n<p>\u00abHasta que las m\u00e1ximas instancias judiciales no se expidan en el caso, no estar\u00e1n dadas las condiciones para nuestra presentaci\u00f3n ante las graves arbitrariedades evidenciadas por el juez Bonadio\u00bb, agreg\u00f3.<\/p>\n<p>El fiscal realiz\u00f3 su presentaci\u00f3n en el juzgado federal n\u00famero 2 con el patrocinio de su defensor oficial, Gustavo Kollmann, en el marco de la causa en la que Bonadio lo cit\u00f3 para declarar como imputado del delito de violaci\u00f3n de secretos, al haber difundido informaci\u00f3n sobre su trabajo en una causa por lavado de activos provenientes del narcotr\u00e1fico.<\/p>\n<p>Para Gonella, \u00abest\u00e1 en juego algo mucho m\u00e1s importante\u00bb como lo es \u00abel principio constitucional de publicidad de los actos de gobierno, el acceso a la informaci\u00f3n judicial de acuerdo a los par\u00e1metros de la Corte Interamericana de Derechos Humanos en varios fallos y la transparencia institucional\u00bb.<\/p>\n<p>Adem\u00e1s, advirti\u00f3 que \u00absi prosperara esta imputaci\u00f3n estrafalaria se ver\u00ed\u00adan gravemente afectados estos derechos constitucionales y nuestro pa\u00ed\u00ads podr\u00ed\u00ada ver comprometida su responsabilidad internacional\u00bb.<\/p>\n<p>El titular de la Procelac dijo tambi\u00e9n que, de avanzar esta causa, \u00ablos magistrados judiciales sentir\u00ed\u00adan temor de ser criminalizados por difundir sus actuaciones en casos de relevancia\u00bb.<\/p>\n<p>\u00abEsta reacci\u00f3n no es contra m\u00ed sino un cuestionamiento a la pol\u00edtica del Ministerio Publico y se ve con todos los embates judiciales que sufrimos en el \u00faltimo tiempo\u00bb, a\u00f1adi\u00f3 el fiscal.<\/p>\n","protected":false},"excerpt":{"rendered":"<p>En un escrito, el fiscal general a cargo de la Procelac inform\u00f3 que no se presentar\u00e1 porque \u00ablos planteos de recusaci\u00f3n y de nulidad del llamado a indagatoria a\u00fan no han adquirido firmeza\u00bb. \u00abNo estamos ante un juez imparcial\u00bb, advirti\u00f3.<\/p>\n","protected":false},"author":4,"featured_media":0,"comment_status":"open","ping_status":"open","sticky":false,"template":"","format":"standard","meta":{"_jetpack_newsletter_access":"","_jetpack_dont_email_post_to_subs":false,"_jetpack_newsletter_tier_id":0,"_jetpack_memberships_contains_paywalled_content":false,"_jetpack_memberships_contains_paid_content":false,"footnotes":""},"categories":[51],"tags":[],"class_list":["post-58989","post","type-post","status-publish","format-standard","hentry","category-politica"],"jetpack_shortlink":"https:\/\/wp.me\/p2JWE0-flr","jetpack-related-posts":[{"id":59172,"url":"http:\/\/www.24baires.com\/?p=59172","url_meta":{"origin":58989,"position":0},"title":"El CELS patrocinar\u00e1 al fiscal Gonella en la causa que investiga Bonadio","author":"AF","date":"26\/12\/2014","format":false,"excerpt":"El Centro de Estudios Legales y Sociales defender\u00e1 al titular de la Procuradur\u00ed\u00ada de Criminalidad Econ\u00f3mica y Lavado de Activos (Procelac) al considerar que en la imputaci\u00f3n \"est\u00e1 en juego la libertad de expresi\u00f3n y el acceso a la informaci\u00f3n\". El fiscal titular de la Procuradur\u00ed\u00ada de Criminalidad Econ\u00f3mica y\u2026","rel":"","context":"En \u00abJUDICIALES\u00bb","block_context":{"text":"JUDICIALES","link":"http:\/\/www.24baires.com\/?cat=68"},"img":{"alt_text":"","src":"","width":0,"height":0},"classes":[]},{"id":103885,"url":"http:\/\/www.24baires.com\/?p=103885","url_meta":{"origin":58989,"position":1},"title":"Bonadio rechaz\u00f3 la recusaci\u00f3n presentada por Cristina Kirchner","author":"AF","date":"14\/08\/2018","format":false,"excerpt":"La ex Presidenta lo hab\u00eda recusado con un escrito que present\u00f3 durante su indagatoria por asociaci\u00f3n il\u00edcita. La C\u00e1mara Federal deber\u00e1 resolver si sigue al frente de la causa. El juez federal Claudio Bonadio rechaz\u00f3 este martes la recusaci\u00f3n en su contra presentada por la ex presidenta Cristina Kirchner, en\u2026","rel":"","context":"En \u00abJUDICIALES\u00bb","block_context":{"text":"JUDICIALES","link":"http:\/\/www.24baires.com\/?cat=68"},"img":{"alt_text":"","src":"https:\/\/i0.wp.com\/www.24baires.com\/wp-content\/uploads\/2014\/11\/bonadio.jpeg?resize=350%2C200","width":350,"height":200,"srcset":"https:\/\/i0.wp.com\/www.24baires.com\/wp-content\/uploads\/2014\/11\/bonadio.jpeg?resize=350%2C200 1x, https:\/\/i0.wp.com\/www.24baires.com\/wp-content\/uploads\/2014\/11\/bonadio.jpeg?resize=525%2C300 1.5x"},"classes":[]},{"id":103844,"url":"http:\/\/www.24baires.com\/?p=103844","url_meta":{"origin":58989,"position":2},"title":"\u00abDe las 6 causas que me armaron en 5 est\u00e1 Bonadio\u00bb, dijo Cristina","author":"GB","date":"13\/08\/2018","format":false,"excerpt":"La ex Presidenta present\u00f3 un escrito ante el juez que lleva adelante la causa por presuntas coimas en la obra p\u00fablica. Pidi\u00f3 la nulidad y que aparten al magistrado. La ex presidenta Cristina Kirchner present\u00f3 en los tribunales de Comodoro Py, por la causa de los cuadernos sobre las supuestas\u2026","rel":"","context":"En \u00abPol\u00edtica\u00bb","block_context":{"text":"Pol\u00edtica","link":"http:\/\/www.24baires.com\/?cat=51"},"img":{"alt_text":"","src":"https:\/\/i0.wp.com\/www.24baires.com\/wp-content\/uploads\/2017\/12\/cristina-senado.jpg?resize=350%2C200","width":350,"height":200,"srcset":"https:\/\/i0.wp.com\/www.24baires.com\/wp-content\/uploads\/2017\/12\/cristina-senado.jpg?resize=350%2C200 1x, https:\/\/i0.wp.com\/www.24baires.com\/wp-content\/uploads\/2017\/12\/cristina-senado.jpg?resize=525%2C300 1.5x"},"classes":[]},{"id":68280,"url":"http:\/\/www.24baires.com\/?p=68280","url_meta":{"origin":58989,"position":3},"title":"\u00abCon los embargos a petroleras se cumpli\u00f3 con el deber de defender la soberan\u00eda econ\u00f3mica\u00bb","author":"AF","date":"29\/06\/2015","format":false,"excerpt":"Carlos Gonella, titular de la Procelac destac\u00f3, la decisi\u00f3n de la justicia federal de Tierra del Fuego que orden\u00f3 embargos millonarios y el secuestro de barcos pertenecientes a empresas petroleras que operan ilegalmente en las Islas Malvinas. \"Hay una violaci\u00f3n muy clara a tratados internacionales y normas nacionales. Cumplimos con\u2026","rel":"","context":"En \u00abInternacionales\u00bb","block_context":{"text":"Internacionales","link":"http:\/\/www.24baires.com\/?cat=73"},"img":{"alt_text":"","src":"https:\/\/i0.wp.com\/www.24baires.com\/wp-content\/uploads\/2015\/06\/malvinas.jpg?resize=350%2C200","width":350,"height":200,"srcset":"https:\/\/i0.wp.com\/www.24baires.com\/wp-content\/uploads\/2015\/06\/malvinas.jpg?resize=350%2C200 1x, https:\/\/i0.wp.com\/www.24baires.com\/wp-content\/uploads\/2015\/06\/malvinas.jpg?resize=525%2C300 1.5x"},"classes":[]},{"id":103856,"url":"http:\/\/www.24baires.com\/?p=103856","url_meta":{"origin":58989,"position":4},"title":"Cristina recus\u00f3 a Bonadio, pidi\u00f3 la nulidad de la causa y que citen a Macri como testigo","author":"AF","date":"13\/08\/2018","format":false,"excerpt":"La expresidenta Cristina Kirchner present\u00f3 hoy tres escritos en el marco de la indagatoria por la causa de los cuadernos de las coimas en los que pidi\u00f3 la nulidad del caso, as\u00ed como tambi\u00e9n apartar al juez federal Claudio Bonadio y al fiscal Carlos Stornelli del expediente, y reclam\u00f3 que\u2026","rel":"","context":"En \u00abJUDICIALES\u00bb","block_context":{"text":"JUDICIALES","link":"http:\/\/www.24baires.com\/?cat=68"},"img":{"alt_text":"","src":"https:\/\/i0.wp.com\/www.24baires.com\/wp-content\/uploads\/2017\/12\/cristina-senado.jpg?resize=350%2C200","width":350,"height":200,"srcset":"https:\/\/i0.wp.com\/www.24baires.com\/wp-content\/uploads\/2017\/12\/cristina-senado.jpg?resize=350%2C200 1x, https:\/\/i0.wp.com\/www.24baires.com\/wp-content\/uploads\/2017\/12\/cristina-senado.jpg?resize=525%2C300 1.5x"},"classes":[]},{"id":107335,"url":"http:\/\/www.24baires.com\/?p=107335","url_meta":{"origin":58989,"position":5},"title":"La C\u00e1mara rechaz\u00f3 la recusaci\u00f3n de Stornelli a Ramos Padilla","author":"GB","date":"22\/03\/2019","format":false,"excerpt":"La C\u00e1mara rechaz\u00f3 uno de los planteos del fiscal para sacarle la causa a Ramos Padilla. El fiscal federal Carlos Stornellirecibi\u00f3 un rev\u00e9s de la C\u00e1mara Federal de Mar del Plata, la cual rechaz\u00f3 uno de sus dos planteos para sacarle la causa al juez Alejo Ramos Padilla. Stornelli, que\u2026","rel":"","context":"En \u00abPol\u00edtica\u00bb","block_context":{"text":"Pol\u00edtica","link":"http:\/\/www.24baires.com\/?cat=51"},"img":{"alt_text":"","src":"https:\/\/i0.wp.com\/www.24baires.com\/wp-content\/uploads\/2019\/03\/ramos-padillaa.jpg?resize=350%2C200","width":350,"height":200,"srcset":"https:\/\/i0.wp.com\/www.24baires.com\/wp-content\/uploads\/2019\/03\/ramos-padillaa.jpg?resize=350%2C200 1x, https:\/\/i0.wp.com\/www.24baires.com\/wp-content\/uploads\/2019\/03\/ramos-padillaa.jpg?resize=525%2C300 1.5x"},"classes":[]}],"jetpack_sharing_enabled":true,"jetpack_likes_enabled":true,"jetpack_featured_media_url":"","_links":{"self":[{"href":"http:\/\/www.24baires.com\/index.php?rest_route=\/wp\/v2\/posts\/58989","targetHints":{"allow":["GET"]}}],"collection":[{"href":"http:\/\/www.24baires.com\/index.php?rest_route=\/wp\/v2\/posts"}],"about":[{"href":"http:\/\/www.24baires.com\/index.php?rest_route=\/wp\/v2\/types\/post"}],"author":[{"embeddable":true,"href":"http:\/\/www.24baires.com\/index.php?rest_route=\/wp\/v2\/users\/4"}],"replies":[{"embeddable":true,"href":"http:\/\/www.24baires.com\/index.php?rest_route=%2Fwp%2Fv2%2Fcomments&post=58989"}],"version-history":[{"count":1,"href":"http:\/\/www.24baires.com\/index.php?rest_route=\/wp\/v2\/posts\/58989\/revisions"}],"predecessor-version":[{"id":58990,"href":"http:\/\/www.24baires.com\/index.php?rest_route=\/wp\/v2\/posts\/58989\/revisions\/58990"}],"wp:attachment":[{"href":"http:\/\/www.24baires.com\/index.php?rest_route=%2Fwp%2Fv2%2Fmedia&parent=58989"}],"wp:term":[{"taxonomy":"category","embeddable":true,"href":"http:\/\/www.24baires.com\/index.php?rest_route=%2Fwp%2Fv2%2Fcategories&post=58989"},{"taxonomy":"post_tag","embeddable":true,"href":"http:\/\/www.24baires.com\/index.php?rest_route=%2Fwp%2Fv2%2Ftags&post=58989"}],"curies":[{"name":"wp","href":"https:\/\/api.w.org\/{rel}","templated":true}]}}