{"id":58979,"date":"2014-12-22T10:30:21","date_gmt":"2014-12-22T13:30:21","guid":{"rendered":"http:\/\/www.24baires.com\/?p=58979"},"modified":"2014-12-22T19:07:30","modified_gmt":"2014-12-22T22:07:30","slug":"cristina-se-reunira-esta-tarde-con-obispos","status":"publish","type":"post","link":"http:\/\/www.24baires.com\/?p=58979","title":{"rendered":"Cristina se reunir\u00e1 esta tarde con obispos"},"content":{"rendered":"<p><img data-recalc-dims=\"1\" loading=\"lazy\" decoding=\"async\" class=\"aligncenter size-full wp-image-58684\" src=\"https:\/\/i0.wp.com\/www.24baires.com\/wp-content\/uploads\/2014\/12\/cristina-dental.jpg?resize=560%2C373\" alt=\"cristina dental\" width=\"560\" height=\"373\" srcset=\"https:\/\/i0.wp.com\/www.24baires.com\/wp-content\/uploads\/2014\/12\/cristina-dental.jpg?w=560 560w, https:\/\/i0.wp.com\/www.24baires.com\/wp-content\/uploads\/2014\/12\/cristina-dental.jpg?resize=300%2C199 300w\" sizes=\"auto, (max-width: 560px) 100vw, 560px\" \/>Cristina Fern\u00e1ndez de Kirchner recibir\u00e1 a integrantes del Episcopado en el sal\u00f3n Blanco. Luego encabezar\u00e1 el acto de ascenso de oficiales superiores de las Fuerzas Armadas y se reunir\u00e1 con legisladores nacionales.<!--more--><\/p>\n<p>La jefa de Estado recibir\u00e1 a las 18 del lunes a los integrantes del Episcopado de la Iglesia Cat\u00f3lica en el sal\u00f3n Blanco de la Casa Rosada.<\/p>\n<p>Luego, presidir\u00e1 la ceremonia de entrega de insignias a 7 generales de divisi\u00f3n, 15 generales de brigada, 2 vicealmirantes, 9 contraalmirantes, 3 brigadieres mayores y 10 brigadieres recientemente promovidos con acuerdo de Senado.<\/p>\n<p>Por \u00faltimo, la jefa de Estado tendr\u00e1 un encuentro de fin de a\u00f1o con legisladores nacionales.<\/p>\n","protected":false},"excerpt":{"rendered":"<p>Cristina Fern\u00e1ndez de Kirchner recibir\u00e1 a integrantes del Episcopado en el sal\u00f3n Blanco. Luego encabezar\u00e1 el acto de ascenso de oficiales superiores de las Fuerzas Armadas y se reunir\u00e1 con legisladores nacionales.<\/p>\n","protected":false},"author":4,"featured_media":0,"comment_status":"open","ping_status":"open","sticky":false,"template":"","format":"standard","meta":{"_jetpack_newsletter_access":"","_jetpack_dont_email_post_to_subs":false,"_jetpack_newsletter_tier_id":0,"_jetpack_memberships_contains_paywalled_content":false,"_jetpack_memberships_contains_paid_content":false,"footnotes":""},"categories":[51],"tags":[],"class_list":["post-58979","post","type-post","status-publish","format-standard","hentry","category-politica"],"jetpack_shortlink":"https:\/\/wp.me\/p2JWE0-flh","jetpack-related-posts":[{"id":13832,"url":"http:\/\/www.24baires.com\/?p=13832","url_meta":{"origin":58979,"position":0},"title":"La Presidenta recibe al titular de Telecom Italia y al director de la OIT","author":"AF","date":"28\/01\/2013","format":false,"excerpt":"La Presidenta se reunir\u00e1 con directivos del Grupo Telecom de Italia; el director general de la Organizaci\u00f3n Internacional del Trabajo (OIT), Guy Ryder, y encabezar\u00e1 un acto en el Sal\u00f3n de las Mujeres del Bicentenario. Seg\u00fan se inform\u00f3 oficialmente en la Casa de Gobierno, la Jefa de Estado recibir\u00e1 a\u2026","rel":"","context":"En \u00abPol\u00edtica\u00bb","block_context":{"text":"Pol\u00edtica","link":"http:\/\/www.24baires.com\/?cat=51"},"img":{"alt_text":"cristina sill\u00f3n","src":"https:\/\/i0.wp.com\/www.24baires.com\/wp-content\/uploads\/2013\/01\/cristina-sill%C3%B3n-300x200.jpg?resize=350%2C200","width":350,"height":200},"classes":[]},{"id":35756,"url":"http:\/\/www.24baires.com\/?p=35756","url_meta":{"origin":58979,"position":1},"title":"Cristina recibe a directivos de petroqu\u00edmica alemana y a funcionarios nacionales","author":"AF","date":"26\/11\/2013","format":false,"excerpt":"La presidenta Cristina Fern\u00e1ndez de Kirchner recibir\u00e1 esta tarde en la residencia de Olivos a los directivos de BASF, la petroqu\u00edmica alemana m\u00e1s grande del mundo, que son los due\u00f1os de Wintershall, la empresa que se asoci\u00f3 con la de gas neuquino para explotar Vaca Muerta, y a funcionarios nacionales.\u2026","rel":"","context":"En \u00abLocales\u00bb","block_context":{"text":"Locales","link":"http:\/\/www.24baires.com\/?cat=38"},"img":{"alt_text":"cristina samsung","src":"https:\/\/i0.wp.com\/www.24baires.com\/wp-content\/uploads\/2013\/07\/cristina-samsung.jpg?resize=350%2C200","width":350,"height":200,"srcset":"https:\/\/i0.wp.com\/www.24baires.com\/wp-content\/uploads\/2013\/07\/cristina-samsung.jpg?resize=350%2C200 1x, https:\/\/i0.wp.com\/www.24baires.com\/wp-content\/uploads\/2013\/07\/cristina-samsung.jpg?resize=525%2C300 1.5x"},"classes":[]},{"id":108551,"url":"http:\/\/www.24baires.com\/?p=108551","url_meta":{"origin":58979,"position":2},"title":"Macri se reunir\u00e1 con Bolsonaro y Duque","author":"AF","date":"03\/06\/2019","format":false,"excerpt":"El presidente recibir\u00e1 a sus pares de Brasil y de Colombia, respectivamente, para avanzar con las agendas bilaterales que se mantienen con ambos pa\u00edses y analizar -como no pod\u00eda ser de otra manera- la \"situaci\u00f3n en Venezuela\". El presidente Mauricio Macri recibir\u00e1 en los pr\u00f3ximos d\u00edas a sus pares de\u2026","rel":"","context":"En \u00abPol\u00edtica\u00bb","block_context":{"text":"Pol\u00edtica","link":"http:\/\/www.24baires.com\/?cat=51"},"img":{"alt_text":"","src":"https:\/\/i0.wp.com\/www.24baires.com\/wp-content\/uploads\/2019\/06\/bolsonaro-macri.jpg?resize=350%2C200","width":350,"height":200,"srcset":"https:\/\/i0.wp.com\/www.24baires.com\/wp-content\/uploads\/2019\/06\/bolsonaro-macri.jpg?resize=350%2C200 1x, https:\/\/i0.wp.com\/www.24baires.com\/wp-content\/uploads\/2019\/06\/bolsonaro-macri.jpg?resize=525%2C300 1.5x"},"classes":[]},{"id":119277,"url":"http:\/\/www.24baires.com\/?p=119277","url_meta":{"origin":58979,"position":3},"title":"Cristina se re\u00fane con diputados y senadores del oficialismo","author":"AF","date":"30\/08\/2022","format":false,"excerpt":"Cristina Fern\u00e1ndez de Kirchner encabeza un encuentro con los bloques del Frente de Todos de ambas c\u00e1maras del Congreso. La reuni\u00f3n se lleva a cabo desde pasadas las 17 en el Sal\u00f3n Azul del Senado. La vicepresidenta Cristina Fern\u00e1ndez de Kirchner mantiene esta tarde en la C\u00e1mara alta una reuni\u00f3n\u2026","rel":"","context":"En \u00abPol\u00edtica\u00bb","block_context":{"text":"Pol\u00edtica","link":"http:\/\/www.24baires.com\/?cat=51"},"img":{"alt_text":"","src":"https:\/\/i0.wp.com\/www.24baires.com\/wp-content\/uploads\/2021\/10\/cristina.jpg?resize=350%2C200","width":350,"height":200,"srcset":"https:\/\/i0.wp.com\/www.24baires.com\/wp-content\/uploads\/2021\/10\/cristina.jpg?resize=350%2C200 1x, https:\/\/i0.wp.com\/www.24baires.com\/wp-content\/uploads\/2021\/10\/cristina.jpg?resize=525%2C300 1.5x, https:\/\/i0.wp.com\/www.24baires.com\/wp-content\/uploads\/2021\/10\/cristina.jpg?resize=700%2C400 2x"},"classes":[]},{"id":36094,"url":"http:\/\/www.24baires.com\/?p=36094","url_meta":{"origin":58979,"position":4},"title":"Cristina recibe a la gobernadora electa de Santiago del Estero","author":"AF","date":"02\/12\/2013","format":false,"excerpt":"La presidenta mantendr\u00e1 hoy un encuentro con Claudia Ledesma Abdala, y luego se reunir\u00e1 con el empresario Carlos Bulgheroni, entre otras actividades que desarrollar\u00e1 esta tarde. Desde las 18, la jefa de Estado se reunir\u00e1 primero con el secretario general de la Presidencia, Oscar Parrilli, y media hora m\u00e1s tarde\u2026","rel":"","context":"En \u00abPol\u00edtica\u00bb","block_context":{"text":"Pol\u00edtica","link":"http:\/\/www.24baires.com\/?cat=51"},"img":{"alt_text":"operacion cristina","src":"https:\/\/i0.wp.com\/www.24baires.com\/wp-content\/uploads\/2013\/10\/operacion-cristina.jpg?resize=350%2C200","width":350,"height":200,"srcset":"https:\/\/i0.wp.com\/www.24baires.com\/wp-content\/uploads\/2013\/10\/operacion-cristina.jpg?resize=350%2C200 1x, https:\/\/i0.wp.com\/www.24baires.com\/wp-content\/uploads\/2013\/10\/operacion-cristina.jpg?resize=525%2C300 1.5x"},"classes":[]},{"id":108590,"url":"http:\/\/www.24baires.com\/?p=108590","url_meta":{"origin":58979,"position":5},"title":"Bolsonaro llega a Argentina para reunirse con Macri y habr\u00e1 marchas en repudio","author":"AF","date":"05\/06\/2019","format":false,"excerpt":"Las movilizaciones ser\u00e1n en contra de la presencia del presidente de la Rep\u00fablica Federativa de Brasil en Casa Rosada, C\u00e1mara de Diputados y en la Corte Suprema de Justicia. El presidente Mauricio Macri recibir\u00e1 ma\u00f1ana en la Casa Rosada al presidente de la Rep\u00fablica Federativa de Brasil, Jair Bolsonaro, quien\u2026","rel":"","context":"En \u00abPol\u00edtica\u00bb","block_context":{"text":"Pol\u00edtica","link":"http:\/\/www.24baires.com\/?cat=51"},"img":{"alt_text":"","src":"https:\/\/i0.wp.com\/www.24baires.com\/wp-content\/uploads\/2019\/06\/bolsonaro.jpg?resize=350%2C200","width":350,"height":200,"srcset":"https:\/\/i0.wp.com\/www.24baires.com\/wp-content\/uploads\/2019\/06\/bolsonaro.jpg?resize=350%2C200 1x, https:\/\/i0.wp.com\/www.24baires.com\/wp-content\/uploads\/2019\/06\/bolsonaro.jpg?resize=525%2C300 1.5x"},"classes":[]}],"jetpack_sharing_enabled":true,"jetpack_likes_enabled":true,"jetpack_featured_media_url":"","_links":{"self":[{"href":"http:\/\/www.24baires.com\/index.php?rest_route=\/wp\/v2\/posts\/58979","targetHints":{"allow":["GET"]}}],"collection":[{"href":"http:\/\/www.24baires.com\/index.php?rest_route=\/wp\/v2\/posts"}],"about":[{"href":"http:\/\/www.24baires.com\/index.php?rest_route=\/wp\/v2\/types\/post"}],"author":[{"embeddable":true,"href":"http:\/\/www.24baires.com\/index.php?rest_route=\/wp\/v2\/users\/4"}],"replies":[{"embeddable":true,"href":"http:\/\/www.24baires.com\/index.php?rest_route=%2Fwp%2Fv2%2Fcomments&post=58979"}],"version-history":[{"count":1,"href":"http:\/\/www.24baires.com\/index.php?rest_route=\/wp\/v2\/posts\/58979\/revisions"}],"predecessor-version":[{"id":58981,"href":"http:\/\/www.24baires.com\/index.php?rest_route=\/wp\/v2\/posts\/58979\/revisions\/58981"}],"wp:attachment":[{"href":"http:\/\/www.24baires.com\/index.php?rest_route=%2Fwp%2Fv2%2Fmedia&parent=58979"}],"wp:term":[{"taxonomy":"category","embeddable":true,"href":"http:\/\/www.24baires.com\/index.php?rest_route=%2Fwp%2Fv2%2Fcategories&post=58979"},{"taxonomy":"post_tag","embeddable":true,"href":"http:\/\/www.24baires.com\/index.php?rest_route=%2Fwp%2Fv2%2Ftags&post=58979"}],"curies":[{"name":"wp","href":"https:\/\/api.w.org\/{rel}","templated":true}]}}