{"id":58977,"date":"2014-12-22T10:00:56","date_gmt":"2014-12-22T13:00:56","guid":{"rendered":"http:\/\/www.24baires.com\/?p=58977"},"modified":"2014-12-23T10:19:05","modified_gmt":"2014-12-23T13:19:05","slug":"capitanich-condeno-el-hostigamiento-mediatico-de-clarin-contra-gobierno","status":"publish","type":"post","link":"http:\/\/www.24baires.com\/?p=58977","title":{"rendered":"Capitanich conden\u00f3 el \u00abhostigamiento medi\u00e1tico\u00bb de Clar\u00edn contra el Gobierno"},"content":{"rendered":"<p><img data-recalc-dims=\"1\" loading=\"lazy\" decoding=\"async\" class=\"aligncenter size-full wp-image-38465\" src=\"https:\/\/i0.wp.com\/www.24baires.com\/wp-content\/uploads\/2014\/01\/Capitanich.jpg?resize=560%2C313\" alt=\"Capitanich\" width=\"560\" height=\"313\" srcset=\"https:\/\/i0.wp.com\/www.24baires.com\/wp-content\/uploads\/2014\/01\/Capitanich.jpg?w=560 560w, https:\/\/i0.wp.com\/www.24baires.com\/wp-content\/uploads\/2014\/01\/Capitanich.jpg?resize=300%2C167 300w\" sizes=\"auto, (max-width: 560px) 100vw, 560px\" \/>El jefe de Gabinete defendi\u00f3 la utilizaci\u00f3n de la cuenta de Twitter de la Casa Rosada para aclarar la postura de la familia Kirchner. \u00abEl Gobierno debe promover su leg\u00edtima defensa frente a la calumnia, la injuria o la informaci\u00f3n falsa\u00bb, dijo.<!--more--><\/p>\n<p>El jefe de Gabinete, Jorge Capitanich, conden\u00f3 el \u00abhostigamiento medi\u00e1tico\u00bb que recibe el gobierno nacional de parte del grupo Clar\u00edn en el caso Hotesur, y defendi\u00f3 la utilizaci\u00f3n de la cuenta de Twitter de la Casa Rosada para aclarar la postura de la familia Kirchner.<\/p>\n<p>\u00abPermanentemente, a trav\u00e9s de Clar\u00edn y sus medios, utilizan en forma sistem\u00e1tica para injuriar, atacar y hostigar al gobierno, y por lo tanto, el gobierno debe inexorablemente promover su leg\u00edtima defensa frente a la calumnia, la injuria o la informaci\u00f3n falsa\u00bb, dijo hoy Capitanich en rueda de prensa en Casa de Gobierno.<\/p>\n<p>El funcionario defendi\u00f3 la utilizaci\u00f3n de los medios oficiales para aclarar la posici\u00f3n oficial y dijo que \u00abes lo que corresponde hacer\u00bb para realizar \u00abaclaraciones que impidan una interpretaci\u00f3n maliciosa de los hechos\u00bb.<\/p>\n<p>\u00abUstedes todo el tiempo agravian, calumnian, injurian e instalan a trav\u00e9s de sus medios noticias falsas, y hay que salir a aclarar. No podemos convalidar el ataque reiterado y el hostigamiento medi\u00e1tico que hace el grupo Clar\u00edn\u00bb, agreg\u00f3 el funcionario.<\/p>\n<p>En cuanto al caso, Capitanich rechaz\u00f3 la \u00abinstalaci\u00f3n del tema Hotesur como un problema de una operaci\u00f3n no transparente\u00bb, y destac\u00f3 \u00abla absoluta transparencia en las declaraciones juradas, en la documentaci\u00f3n respaldatoria ante la IGJ, la fijaci\u00f3n del domicilio legal, y el cumplimiento del procedimiento judicial\u00bb.<\/p>\n","protected":false},"excerpt":{"rendered":"<p>El jefe de Gabinete defendi\u00f3 la utilizaci\u00f3n de la cuenta de Twitter de la Casa Rosada para aclarar la postura de la familia Kirchner. \u00abEl Gobierno debe promover su leg\u00edtima defensa frente a la calumnia, la injuria o la informaci\u00f3n falsa\u00bb, dijo.<\/p>\n","protected":false},"author":4,"featured_media":0,"comment_status":"open","ping_status":"open","sticky":false,"template":"","format":"standard","meta":{"_jetpack_newsletter_access":"","_jetpack_dont_email_post_to_subs":false,"_jetpack_newsletter_tier_id":0,"_jetpack_memberships_contains_paywalled_content":false,"_jetpack_memberships_contains_paid_content":false,"footnotes":""},"categories":[51],"tags":[],"class_list":["post-58977","post","type-post","status-publish","format-standard","hentry","category-politica"],"jetpack_shortlink":"https:\/\/wp.me\/p2JWE0-flf","jetpack-related-posts":[{"id":57631,"url":"http:\/\/www.24baires.com\/?p=57631","url_meta":{"origin":58977,"position":0},"title":"Capitanich: \u00abEl accionar de Bonadio es parte de una estrategia de golpismo activo\u00bb","author":"AF","date":"25\/11\/2014","format":false,"excerpt":"El jefe de Gabinete, Jorge Capitanich, ratific\u00f3 que el accionar del magistrado en la causa que investiga a la empresa Hotesur, de la que la presidenta Cristina Fern\u00e1ndez de Kirchner es accionista, es \"una estrategia de golpismo activo\" para \"hostigar\" al Gobierno nacional. El jefe de Gabinete, Jorge Capitanich, sostuvo\u2026","rel":"","context":"En \u00abPol\u00edtica\u00bb","block_context":{"text":"Pol\u00edtica","link":"http:\/\/www.24baires.com\/?cat=51"},"img":{"alt_text":"capitanich","src":"https:\/\/i0.wp.com\/www.24baires.com\/wp-content\/uploads\/2014\/09\/capitanich1.jpg?resize=350%2C200","width":350,"height":200,"srcset":"https:\/\/i0.wp.com\/www.24baires.com\/wp-content\/uploads\/2014\/09\/capitanich1.jpg?resize=350%2C200 1x, https:\/\/i0.wp.com\/www.24baires.com\/wp-content\/uploads\/2014\/09\/capitanich1.jpg?resize=525%2C300 1.5x"},"classes":[]},{"id":86629,"url":"http:\/\/www.24baires.com\/?p=86629","url_meta":{"origin":58977,"position":1},"title":"Cristina presentar\u00e1 una demanda civil contra Wi\u00f1azki y Lanata por difamaci\u00f3n","author":"GB","date":"23\/08\/2016","format":false,"excerpt":"Gregorio Dalb\u00f3n, abogado de la ex mandataria, anunci\u00f3 que hoy formular\u00e1 una denuncia civil por falsedad ideol\u00f3gica contra los periodistas del Grupo Clar\u00edn Nicol\u00e1s Wi\u00f1azki y Jorge Lanata. Acusaron a CFK de haber ocultado giros al exterior por casi 500 millones de d\u00f3lares. La ex presidenta Cristina Fern\u00e1ndez de Kirchner\u2026","rel":"","context":"En \u00abPol\u00edtica\u00bb","block_context":{"text":"Pol\u00edtica","link":"http:\/\/www.24baires.com\/?cat=51"},"img":{"alt_text":"Cristina..","src":"https:\/\/i0.wp.com\/www.24baires.com\/wp-content\/uploads\/2016\/08\/Cristina...jpg?resize=350%2C200","width":350,"height":200,"srcset":"https:\/\/i0.wp.com\/www.24baires.com\/wp-content\/uploads\/2016\/08\/Cristina...jpg?resize=350%2C200 1x, https:\/\/i0.wp.com\/www.24baires.com\/wp-content\/uploads\/2016\/08\/Cristina...jpg?resize=525%2C300 1.5x"},"classes":[]},{"id":60109,"url":"http:\/\/www.24baires.com\/?p=60109","url_meta":{"origin":58977,"position":2},"title":"Capitanich tild\u00f3 de \u00abdisparatada\u00bb la decisi\u00f3n de indagar a Cristina","author":"AF","date":"15\/01\/2015","format":false,"excerpt":"El jefe de Gabinete, Jorge Capitanich, asegur\u00f3 hoy que fue una decisi\u00f3n \u201cdisparatada, absurda, il\u00f3gica, irracional, rid\u00edcula y violatoria\u201d de la Constituci\u00f3n Nacional la decisi\u00f3n del fiscal Alberto Nisman de llamar a declaraci\u00f3n indagatoria a la presidenta Cristina Fern\u00e1ndez de Kirchner, junto a otros funcionarios y legisladores, por la firma\u2026","rel":"","context":"En \u00abPol\u00edtica\u00bb","block_context":{"text":"Pol\u00edtica","link":"http:\/\/www.24baires.com\/?cat=51"},"img":{"alt_text":"capitanich 3","src":"https:\/\/i0.wp.com\/www.24baires.com\/wp-content\/uploads\/2014\/09\/capitanich-3.jpg?resize=350%2C200","width":350,"height":200,"srcset":"https:\/\/i0.wp.com\/www.24baires.com\/wp-content\/uploads\/2014\/09\/capitanich-3.jpg?resize=350%2C200 1x, https:\/\/i0.wp.com\/www.24baires.com\/wp-content\/uploads\/2014\/09\/capitanich-3.jpg?resize=525%2C300 1.5x"},"classes":[]},{"id":51246,"url":"http:\/\/www.24baires.com\/?p=51246","url_meta":{"origin":58977,"position":3},"title":"Capitanich acusa a Clar\u00edn y a Am\u00e9rica de manipular informaci\u00f3n sobre F\u00fatbol para Todos","author":"AF","date":"06\/08\/2014","format":false,"excerpt":"El jefe de gabinete ratific\u00f3 hoy el programa en cuanto a su \"transparencia\" y su \"contribuci\u00f3n positiva\" y acus\u00f3 a los grupos Clar\u00edn y Am\u00e9rica de \u201cagraviar e imputar falsamente a funcionarios\". \"Nosotros defendemos la pol\u00edtica iniciada por N\u00e9stor Kirchner y contiuada por Cristina Fern\u00e1ndez de Kirchner respecto a F\u00fatbol\u2026","rel":"","context":"En \u00abPol\u00edtica\u00bb","block_context":{"text":"Pol\u00edtica","link":"http:\/\/www.24baires.com\/?cat=51"},"img":{"alt_text":"capitanich","src":"https:\/\/i0.wp.com\/www.24baires.com\/wp-content\/uploads\/2014\/04\/capitanich.jpg?resize=350%2C200","width":350,"height":200,"srcset":"https:\/\/i0.wp.com\/www.24baires.com\/wp-content\/uploads\/2014\/04\/capitanich.jpg?resize=350%2C200 1x, https:\/\/i0.wp.com\/www.24baires.com\/wp-content\/uploads\/2014\/04\/capitanich.jpg?resize=525%2C300 1.5x"},"classes":[]},{"id":119245,"url":"http:\/\/www.24baires.com\/?p=119245","url_meta":{"origin":58977,"position":4},"title":"Masivo respaldo a la vicepresidenta por el \u00abhostigamiento judicial y medi\u00e1tico\u00bb","author":"AF","date":"22\/08\/2022","format":false,"excerpt":"La vicepresidenta de la naci\u00f3n recibi\u00f3 una contundente muestra de apoyo por parte del Presidente, dirigentes, gobernadores y legisladores del oficialismo, as\u00ed como tambi\u00e9n organizaciones sociales y de trabajadores, quienes denunciaron que la causa por la obra p\u00fablica de Santa Cruz busca \"condicionar pol\u00edticamente\" a la exmandataria. El Presidente, funcionarios\u2026","rel":"","context":"En \u00abSociedad\u00bb","block_context":{"text":"Sociedad","link":"http:\/\/www.24baires.com\/?cat=1"},"img":{"alt_text":"","src":"https:\/\/i0.wp.com\/www.24baires.com\/wp-content\/uploads\/2022\/08\/todos-con-cristina.jpg?resize=350%2C200","width":350,"height":200,"srcset":"https:\/\/i0.wp.com\/www.24baires.com\/wp-content\/uploads\/2022\/08\/todos-con-cristina.jpg?resize=350%2C200 1x, https:\/\/i0.wp.com\/www.24baires.com\/wp-content\/uploads\/2022\/08\/todos-con-cristina.jpg?resize=525%2C300 1.5x, https:\/\/i0.wp.com\/www.24baires.com\/wp-content\/uploads\/2022\/08\/todos-con-cristina.jpg?resize=700%2C400 2x"},"classes":[]},{"id":119358,"url":"http:\/\/www.24baires.com\/?p=119358","url_meta":{"origin":58977,"position":5},"title":"Vialidad: abogados de Cristina aseguran que la acusaci\u00f3n qued\u00f3 \u00abfulminada\u00bb","author":"AF","date":"19\/09\/2022","format":false,"excerpt":"Los abogados de la Vicepresidenta, Carlos Beraldi y Ary Llernovoy exponen su alegato final en tres jornadas, lunes, martes y viernes de esta semana, y concluir\u00e1n con un reclamo de absoluci\u00f3n. El viernes, Cristina Fern\u00e1ndez tiene previsto hablar ante los jueces. La defensa de la vicepresidenta Cristina Fern\u00e1ndez de Kirchner\u2026","rel":"","context":"En \u00abJUDICIALES\u00bb","block_context":{"text":"JUDICIALES","link":"http:\/\/www.24baires.com\/?cat=68"},"img":{"alt_text":"","src":"https:\/\/i0.wp.com\/www.24baires.com\/wp-content\/uploads\/2022\/09\/beraldi.jpg?resize=350%2C200","width":350,"height":200,"srcset":"https:\/\/i0.wp.com\/www.24baires.com\/wp-content\/uploads\/2022\/09\/beraldi.jpg?resize=350%2C200 1x, https:\/\/i0.wp.com\/www.24baires.com\/wp-content\/uploads\/2022\/09\/beraldi.jpg?resize=525%2C300 1.5x, https:\/\/i0.wp.com\/www.24baires.com\/wp-content\/uploads\/2022\/09\/beraldi.jpg?resize=700%2C400 2x"},"classes":[]}],"jetpack_sharing_enabled":true,"jetpack_likes_enabled":true,"jetpack_featured_media_url":"","_links":{"self":[{"href":"http:\/\/www.24baires.com\/index.php?rest_route=\/wp\/v2\/posts\/58977","targetHints":{"allow":["GET"]}}],"collection":[{"href":"http:\/\/www.24baires.com\/index.php?rest_route=\/wp\/v2\/posts"}],"about":[{"href":"http:\/\/www.24baires.com\/index.php?rest_route=\/wp\/v2\/types\/post"}],"author":[{"embeddable":true,"href":"http:\/\/www.24baires.com\/index.php?rest_route=\/wp\/v2\/users\/4"}],"replies":[{"embeddable":true,"href":"http:\/\/www.24baires.com\/index.php?rest_route=%2Fwp%2Fv2%2Fcomments&post=58977"}],"version-history":[{"count":2,"href":"http:\/\/www.24baires.com\/index.php?rest_route=\/wp\/v2\/posts\/58977\/revisions"}],"predecessor-version":[{"id":58980,"href":"http:\/\/www.24baires.com\/index.php?rest_route=\/wp\/v2\/posts\/58977\/revisions\/58980"}],"wp:attachment":[{"href":"http:\/\/www.24baires.com\/index.php?rest_route=%2Fwp%2Fv2%2Fmedia&parent=58977"}],"wp:term":[{"taxonomy":"category","embeddable":true,"href":"http:\/\/www.24baires.com\/index.php?rest_route=%2Fwp%2Fv2%2Fcategories&post=58977"},{"taxonomy":"post_tag","embeddable":true,"href":"http:\/\/www.24baires.com\/index.php?rest_route=%2Fwp%2Fv2%2Ftags&post=58977"}],"curies":[{"name":"wp","href":"https:\/\/api.w.org\/{rel}","templated":true}]}}