{"id":58970,"date":"2014-12-21T19:00:18","date_gmt":"2014-12-21T22:00:18","guid":{"rendered":"http:\/\/www.24baires.com\/?p=58970"},"modified":"2014-12-21T16:05:08","modified_gmt":"2014-12-21T19:05:08","slug":"gils-carbo-los-grupos-de-poder-disciplinan-para-que-no-se-investigue","status":"publish","type":"post","link":"http:\/\/www.24baires.com\/?p=58970","title":{"rendered":"Gils Carb\u00f3: \u00abLos grupos de poder disciplinan para que no se investigue\u00bb"},"content":{"rendered":"<p><img data-recalc-dims=\"1\" loading=\"lazy\" decoding=\"async\" class=\"aligncenter size-full wp-image-14297\" src=\"https:\/\/i0.wp.com\/www.24baires.com\/wp-content\/uploads\/2013\/02\/gils-cabr%C3%B3.jpg?resize=560%2C420\" alt=\"gils cabr\u00f3\" width=\"560\" height=\"420\" srcset=\"https:\/\/i0.wp.com\/www.24baires.com\/wp-content\/uploads\/2013\/02\/gils-cabr%C3%B3.jpg?w=560 560w, https:\/\/i0.wp.com\/www.24baires.com\/wp-content\/uploads\/2013\/02\/gils-cabr%C3%B3.jpg?resize=300%2C225 300w\" sizes=\"auto, (max-width: 560px) 100vw, 560px\" \/>La procuradora General de la Naci\u00f3n lo dijo al referirse a la causa por prevaricato que se le sigue al fiscal Carlos Gonella, de la Procuradur\u00eda sobre Lavado, a la que tach\u00f3 de \u00abarmada\u00bb. Adem\u00e1s dijo que \u201cse produce justo cuando se reforma el C\u00f3digo Procesal hacia un sistema acusatorio\u201d.<!--more--><\/p>\n<p>En una entrevista publicada por el diario P\u00e1gina 12, la jefa del Ministerio P\u00fablico Fiscal, Alejandra Gils Carb\u00f3, calific\u00f3 como \u201cuna causa armada\u201d la que acusa al fiscal Gonella. Dijo, en este sentido, que \u201ccuatro testigos, que son nada menos que los secretarios de la fiscal\u00eda de Guillermo Mariju\u00e1n, declararon que no recibieron orden de Gonella de excluir a L\u00e1zaro B\u00e1ez de ninguna imputaci\u00f3n\u201d.<br \/>\n\u201cEn base a la informaci\u00f3n producida tambi\u00e9n por Gonella fue que Mariju\u00e1n luego pudo imputar a B\u00e1ez\u201d, indic\u00f3.<br \/>\nGils Carb\u00f3 enfatiz\u00f3 \u201cel sesgo\u201d de que \u201csolo acusen a un fiscal y no a otro\u201d, e hizo hincapi\u00e9 en que \u201cse produce justo cuando se reforma el C\u00f3digo Procesal hacia un sistema acusatorio\u201d.<br \/>\n\u201cNo es cualquier reforma: desconcentra el poder absoluto que ten\u00eda el juez de instrucci\u00f3n y se orienta a dar una total transparencia al proceso penal. Hasta hoy vivimos procesos oscuros y largos. En un sistema acusatorio el fiscal, el defensor y la v\u00edctima llevan sus pruebas y se muestran en una audiencia p\u00fablica\u201d, explic\u00f3.<br \/>\nAdem\u00e1s dijo que otra \u201chip\u00f3tesis\u201d es que \u201cla persecuci\u00f3n sea por la actividad del propio fiscal Gonella\u201d, que investiga delitos de lavado de dinero, que incluyen \u201ccuentas suizas, irregularidades en el BNP Paribas\u201d, entre otras, como las investigaciones sobre \u201clas cuevas y los delitos cambiarios que sirvieron a la manipulaci\u00f3n del valor del d\u00f3lar, que siempre fue un gran negocio para quienes quieren obtener ganancias sin producir\u201d.<br \/>\n\u201cOtra de sus investigaciones apunt\u00f3 a las conexiones argentinas de Jos\u00e9 Luis B\u00e1rcenas, el ex tesorero del Partido Popular espa\u00f1ol que termin\u00f3 preso. La denuncia de Gonella fue desestimada por el juez Marcelo Mart\u00ednez de Giorgi\u201d, a\u00f1adi\u00f3.<br \/>\n\u201cAlgunos grupos de poder quieren disciplinar al que lucha contra el lavado de dinero para que no investigue m\u00e1s\u201d, sentenci\u00f3 Gils Carb\u00f3, y cit\u00f3 como ejemplos de grandes estafas sin condena a \u201cla entrega de recursos naturales no renovables, el vaciamiento de la aerol\u00ednea de bandera, el sobreendeudamiento del pa\u00eds con d\u00f3lares que encima no vinieron para el desarrollo, el quiebre del sistema bancario, el vaciamiento del patrimonio social de la Argentina\u201d.<br \/>\nPor otra parte, dijo que \u00abel nuevo paradigma debiera ser uno donde la corrupci\u00f3n judicial sea atacada\u201d,en referencia a los cambios en el Consejo de la Magistratura. \u201cEl Consejo estaba paralizado. Como fiscal general hice graves denuncias contra jueces. No eran investigados, siguiendo con un corporativismo peligroso para la sociedad. Ese corporativismo parti\u00f3 del grupo corporativo de jueces que ocupan sitios en el Consejo. Tengo esperanza de que esa situaci\u00f3n cambie a partir de la nueva presidencia del organismo\u201d, detall\u00f3. Y habl\u00f3 de \u201cmantener un alerta\u201d, ya que \u201cdeber\u00eda haber mayor inter\u00e9s pol\u00edtico en examinar m\u00e1s la conducta de jueces que son corruptos\u00bb.<br \/>\n\u201cHay gente que aparece como abanderada de la lucha contra la corrupci\u00f3n y no tiene la misma conducta en materia de delitos econ\u00f3micos\u201d, dijo la procuradora, para recordar que \u201cen la dictadura casi nadie hablaba de que los jueces deb\u00edan ser independientes. En los \u201890 tampoco\u201d. Y concluy\u00f3 que la cuesti\u00f3n a discutir no es s\u00f3lo \u00abla independencia\u201d de los jueces sino \u201cla dependencia respecto de los poderes f\u00e1cticos y corporativos\u201d.<\/p>\n<p>&nbsp;<\/p>\n<p>&nbsp;<\/p>\n<p>&nbsp;<\/p>\n<p>&nbsp;<\/p>\n<p>&nbsp;<\/p>\n<p>&nbsp;<\/p>\n<p>&nbsp;<\/p>\n<p>&nbsp;<\/p>\n<p>&nbsp;<\/p>\n<p>&nbsp;<\/p>\n<p>&nbsp;<\/p>\n<p>&nbsp;<\/p>\n<p>&nbsp;<\/p>\n<p>&nbsp;<\/p>\n","protected":false},"excerpt":{"rendered":"<p>La procuradora General de la Naci\u00f3n lo dijo al referirse a la causa por prevaricato que se le sigue al fiscal Carlos Gonella, de la Procuradur\u00eda sobre Lavado, a la que tach\u00f3 de \u00abarmada\u00bb. Adem\u00e1s dijo que \u201cse produce justo cuando se reforma el C\u00f3digo Procesal hacia un sistema acusatorio\u201d.<\/p>\n","protected":false},"author":4,"featured_media":0,"comment_status":"open","ping_status":"open","sticky":false,"template":"","format":"standard","meta":{"_jetpack_newsletter_access":"","_jetpack_dont_email_post_to_subs":false,"_jetpack_newsletter_tier_id":0,"_jetpack_memberships_contains_paywalled_content":false,"_jetpack_memberships_contains_paid_content":false,"footnotes":""},"categories":[51],"tags":[],"class_list":["post-58970","post","type-post","status-publish","format-standard","hentry","category-politica"],"jetpack_shortlink":"https:\/\/wp.me\/p2JWE0-fl8","jetpack-related-posts":[{"id":87208,"url":"http:\/\/www.24baires.com\/?p=87208","url_meta":{"origin":58970,"position":0},"title":"Marijuan consider\u00f3 que \u00abla ex Presidente est\u00e1 cerca de la detenci\u00f3n\u00bb","author":"GB","date":"05\/09\/2016","format":false,"excerpt":"El fiscal Guillermo Marijuan tuvo su mano a mano con Alejandro Fantino y no evit\u00f3 ning\u00fan tema luego de la pol\u00e9mica por el audio en que aseguraba que Cristina Kirchner podr\u00eda ser detenida. Adem\u00e1s dijo que no conoce a Gils Carb\u00f3 pero que le \"gustar\u00eda ser Procurador\". Guillermo Marijuan, fiscal\u2026","rel":"","context":"En \u00abPol\u00edtica\u00bb","block_context":{"text":"Pol\u00edtica","link":"http:\/\/www.24baires.com\/?cat=51"},"img":{"alt_text":"marijuan2","src":"https:\/\/i0.wp.com\/www.24baires.com\/wp-content\/uploads\/2013\/05\/marijuan2.jpg?resize=350%2C200","width":350,"height":200,"srcset":"https:\/\/i0.wp.com\/www.24baires.com\/wp-content\/uploads\/2013\/05\/marijuan2.jpg?resize=350%2C200 1x, https:\/\/i0.wp.com\/www.24baires.com\/wp-content\/uploads\/2013\/05\/marijuan2.jpg?resize=525%2C300 1.5x"},"classes":[]},{"id":48054,"url":"http:\/\/www.24baires.com\/?p=48054","url_meta":{"origin":58970,"position":1},"title":"El lunes comenzar\u00e1 el jury contra el fiscal Jos\u00e9 Mar\u00eda Campagnoli","author":"GB","date":"15\/06\/2014","format":false,"excerpt":"Comenzar\u00e1 una semana despu\u00e9s de la fecha prevista inicialmente. La postergaci\u00f3n obedeci\u00f3 a que el fiscal Guillermo Mariju\u00e1n, el primero de la lista de testigos citados, decidi\u00f3 prestar declaraci\u00f3n testimonial a trav\u00e9s de un escrito, y no en persona. Seg\u00fan consign\u00f3 tiempo atr\u00e1s el portal Infojus Noticias, Mariju\u00e1n es considerado\u2026","rel":"","context":"En \u00abJUDICIALES\u00bb","block_context":{"text":"JUDICIALES","link":"http:\/\/www.24baires.com\/?cat=68"},"img":{"alt_text":"campagnoli","src":"https:\/\/i0.wp.com\/www.24baires.com\/wp-content\/uploads\/2014\/04\/campagnoli.jpg?resize=350%2C200","width":350,"height":200,"srcset":"https:\/\/i0.wp.com\/www.24baires.com\/wp-content\/uploads\/2014\/04\/campagnoli.jpg?resize=350%2C200 1x, https:\/\/i0.wp.com\/www.24baires.com\/wp-content\/uploads\/2014\/04\/campagnoli.jpg?resize=525%2C300 1.5x"},"classes":[]},{"id":22912,"url":"http:\/\/www.24baires.com\/?p=22912","url_meta":{"origin":58970,"position":2},"title":"Gils Carb\u00f3 pidi\u00f3 custodia para Marijuan y Salum","author":"AF","date":"07\/05\/2013","format":false,"excerpt":"La procuradora General de la Naci\u00f3n pidi\u00f3 custodia y protecci\u00f3n para los fiscales, luego de que se denunciara que el primero recibi\u00f3 amenazas, mientras Salum sufri\u00f3 un \"escrache\" por parte de familiares de polic\u00edas presos por torturas. La funcionaria elev\u00f3 el pedido al Ministerio de Seguridad de la Naci\u00f3n, adonde\u2026","rel":"","context":"En \u00abSociedad\u00bb","block_context":{"text":"Sociedad","link":"http:\/\/www.24baires.com\/?cat=1"},"img":{"alt_text":"gils_carbo_senado_070812_12_ef_47659","src":"https:\/\/i0.wp.com\/www.24baires.com\/wp-content\/uploads\/2012\/11\/gils_carbo_senado_070812_12_ef_47659-300x193.jpg?resize=350%2C200","width":350,"height":200},"classes":[]},{"id":58989,"url":"http:\/\/www.24baires.com\/?p=58989","url_meta":{"origin":58970,"position":3},"title":"Gonella no se presentar\u00e1 ante Bonadio hasta que queden firmes sus planteos","author":"AF","date":"22\/12\/2014","format":false,"excerpt":"En un escrito, el fiscal general a cargo de la Procelac inform\u00f3 que no se presentar\u00e1 porque \"los planteos de recusaci\u00f3n y de nulidad del llamado a indagatoria a\u00fan no han adquirido firmeza\". \"No estamos ante un juez imparcial\", advirti\u00f3. El fiscal general Carlos Gonella, a cargo de la Procuradur\u00eda\u2026","rel":"","context":"En \u00abPol\u00edtica\u00bb","block_context":{"text":"Pol\u00edtica","link":"http:\/\/www.24baires.com\/?cat=51"},"img":{"alt_text":"","src":"","width":0,"height":0},"classes":[]},{"id":61715,"url":"http:\/\/www.24baires.com\/?p=61715","url_meta":{"origin":58970,"position":4},"title":"\u00abNunca se pens\u00f3 en remover a Nisman de su cargo\u00bb, asegur\u00f3 Gils Carb\u00f3","author":"GB","date":"13\/02\/2015","format":false,"excerpt":"As\u00ed lo afirm\u00f3 la Procuradora en la conferencia en la que anunci\u00f3 que Sabrina Namer, Roberto Salum, Patricio Sabadini y Juan Murray como coordinador ser\u00e1n los nuevos fiscales de la UFI AMIA . \"Tenemos el deber de garantizar la continuidad\", dijo. La Procuradora General de la Naci\u00f3n, Alejandra Gils Carb\u00f3,\u2026","rel":"","context":"En \u00abPol\u00edtica\u00bb","block_context":{"text":"Pol\u00edtica","link":"http:\/\/www.24baires.com\/?cat=51"},"img":{"alt_text":"gils cabr\u00f3","src":"https:\/\/i0.wp.com\/www.24baires.com\/wp-content\/uploads\/2013\/02\/gils-cabr%C3%B3.jpg?resize=350%2C200","width":350,"height":200,"srcset":"https:\/\/i0.wp.com\/www.24baires.com\/wp-content\/uploads\/2013\/02\/gils-cabr%C3%B3.jpg?resize=350%2C200 1x, https:\/\/i0.wp.com\/www.24baires.com\/wp-content\/uploads\/2013\/02\/gils-cabr%C3%B3.jpg?resize=525%2C300 1.5x"},"classes":[]},{"id":86846,"url":"http:\/\/www.24baires.com\/?p=86846","url_meta":{"origin":58970,"position":5},"title":"Marijuan advirti\u00f3 que seguir\u00e1 informando a la prensa \u00aben on y en off\u00bb","author":"AF","date":"28\/08\/2016","format":false,"excerpt":"El fiscal federal Guillermo Marijuan afirm\u00f3 que continuar\u00e1 informando \"en on y en off the record a la prensa todo lo que a la Fiscal\u00eda le parezca importante\", en respuesta a cr\u00edticas y planteos judiciales que le hicieron luego de la conocida filtraci\u00f3n del audio de una conversaci\u00f3n privada. Las\u2026","rel":"","context":"En \u00abJUDICIALES\u00bb","block_context":{"text":"JUDICIALES","link":"http:\/\/www.24baires.com\/?cat=68"},"img":{"alt_text":"marijuan2","src":"https:\/\/i0.wp.com\/www.24baires.com\/wp-content\/uploads\/2013\/05\/marijuan2.jpg?resize=350%2C200","width":350,"height":200,"srcset":"https:\/\/i0.wp.com\/www.24baires.com\/wp-content\/uploads\/2013\/05\/marijuan2.jpg?resize=350%2C200 1x, https:\/\/i0.wp.com\/www.24baires.com\/wp-content\/uploads\/2013\/05\/marijuan2.jpg?resize=525%2C300 1.5x"},"classes":[]}],"jetpack_sharing_enabled":true,"jetpack_likes_enabled":true,"jetpack_featured_media_url":"","_links":{"self":[{"href":"http:\/\/www.24baires.com\/index.php?rest_route=\/wp\/v2\/posts\/58970","targetHints":{"allow":["GET"]}}],"collection":[{"href":"http:\/\/www.24baires.com\/index.php?rest_route=\/wp\/v2\/posts"}],"about":[{"href":"http:\/\/www.24baires.com\/index.php?rest_route=\/wp\/v2\/types\/post"}],"author":[{"embeddable":true,"href":"http:\/\/www.24baires.com\/index.php?rest_route=\/wp\/v2\/users\/4"}],"replies":[{"embeddable":true,"href":"http:\/\/www.24baires.com\/index.php?rest_route=%2Fwp%2Fv2%2Fcomments&post=58970"}],"version-history":[{"count":1,"href":"http:\/\/www.24baires.com\/index.php?rest_route=\/wp\/v2\/posts\/58970\/revisions"}],"predecessor-version":[{"id":58971,"href":"http:\/\/www.24baires.com\/index.php?rest_route=\/wp\/v2\/posts\/58970\/revisions\/58971"}],"wp:attachment":[{"href":"http:\/\/www.24baires.com\/index.php?rest_route=%2Fwp%2Fv2%2Fmedia&parent=58970"}],"wp:term":[{"taxonomy":"category","embeddable":true,"href":"http:\/\/www.24baires.com\/index.php?rest_route=%2Fwp%2Fv2%2Fcategories&post=58970"},{"taxonomy":"post_tag","embeddable":true,"href":"http:\/\/www.24baires.com\/index.php?rest_route=%2Fwp%2Fv2%2Ftags&post=58970"}],"curies":[{"name":"wp","href":"https:\/\/api.w.org\/{rel}","templated":true}]}}