{"id":58964,"date":"2014-12-21T16:00:29","date_gmt":"2014-12-21T19:00:29","guid":{"rendered":"http:\/\/www.24baires.com\/?p=58964"},"modified":"2014-12-21T15:34:11","modified_gmt":"2014-12-21T18:34:11","slug":"hotesur-rechazo-la-mentira-la-difamacion-y-la-confusion-como-campana-permanente","status":"publish","type":"post","link":"http:\/\/www.24baires.com\/?p=58964","title":{"rendered":"Hotesur rechaz\u00f3 \u00abla mentira, la difamaci\u00f3n y la confusi\u00f3n como campa\u00f1a permanente\u00bb"},"content":{"rendered":"<p>La empresa Hotesur calific\u00f3 como \u00abnunca vista en la historia de nuestro pa\u00eds\u00bb a la campa\u00f1a de hostigamiento en contra de la presidenta Cristina Fern\u00e1ndez y sus hijos, esta vez impulsada por una nueva embestida del diario Clar\u00edn que pretende \u00abgenerar un manto de sospecha en los actos econ\u00f3micos y legales de la familia Kirchner\u00bb.<!--more--><\/p>\n<p>A trav\u00e9s de un comunicado, Hotesur critic\u00f3 \u00abla permanente intencionalidad\u00bb, a trav\u00e9s de tapas del diario Clar\u00edn como la del d\u00eda de la fecha, \u00abque no es m\u00e1s que la continuidad de este tipo de armados medi\u00e1ticos y judiciales, que en forma permanente y continua se vienen dando en estos medios de comunicaci\u00f3n opositores\u00bb.<\/p>\n<p>En este sentido, la empresa desminti\u00f3 nuevamente al matutino porte\u00f1o indicando que \u00ablas acciones de titularidad del Dr. N\u00e9stor Carlos Kirchner, a partir de la declaratoria de herederos efectuada a partir de su fallecimiento, pasan a ser incorporadas a la Sucesi\u00f3n del Doctor N\u00e9stor Carlos Kirchner\u00bb, y que \u00abla designaci\u00f3n del Sr. M\u00e1ximo C. Kirchner como su administrador judicial obviamente implica que todos los actos legales que correspondan a la Sucesi\u00f3n de N\u00e9stor Carlos Kirchner respecto a la titularidad accionaria en Hotesur SA sea su administrador judicial quien act\u00faa en representaci\u00f3n de la misma.<\/p>\n<p>Asimismo, el texto alega que \u00abintentar presentar algo como: \u00abmodo impreciso\u00bb (SIC) seg\u00fan Clar\u00edn la actuaci\u00f3n judicial de una Sucesi\u00f3n, en este caso la de N\u00e9stor Kirchner, y por ende susceptible de ser sospechoso, no s\u00f3lo roza lo rid\u00edculo, sino tambi\u00e9n constituye una verdadera falta de respeto, a la inteligencia y sobre todo al derecho\u00bb.<\/p>\n<p>\u00abY es por ello que en las asambleas de accionistas el Sr. M\u00e1ximo C. Kirchner es quien representa a la Sucesi\u00f3n, por una raz\u00f3n muy sencilla y dolorosa: es el hijo del fallecido\u00bb, sentencia el comunicado.<\/p>\n<p>Por otra parte, Hotesur expres\u00f3 que \u00ablas asambleas que aprueban estados contables de toda sociedad son efectuadas por sus accionistas, de acuerdo a las normativas legales vigentes, y es por ello que quien aprueba los mismos en representaci\u00f3n del accionista Sucesi\u00f3n N\u00e9stor Carlos Kirchner es su administrador judicial. Estas razones tan obvias no tendr\u00edan que estar incluidas en un relato novelesco queriendo mostrar misterio, razones ocultas o indicios de fraude, si no fuera que la mala intencionalidad de su relator es la causalidad de la redacci\u00f3n de la misma\u00bb.<\/p>\n<p>Adem\u00e1s, explica que \u00abel domicilio fiscal de la sociedad coincida con otra sociedad en la que participa el se\u00f1or M\u00e1ximo Carlos Kirchner no tiene nada de extra\u00f1o, fuera de lugar, ni tampoco ajeno a las normales legales, y adem\u00e1s de ello tiene su razonabilidad en cuanto la actividad que desarrolla Hotesur SA es la locaci\u00f3n del \u00fanico inmueble de su propiedad, y la actividad que desarrolla la otra sociedad en dicho domicilio es la actividad inmobiliaria, siendo a su vez la actividad que tambi\u00e9n desarrolla el se\u00f1or M\u00e1ximo Carlos Kirchner\u00bb.<\/p>\n<p>\u00abQuerer crear nuevamente un manto de sospecha en esto no tiene otra motivaci\u00f3n que la de querer generar confusi\u00f3n y dudas en la comunidad.- A esta altura de los acontecimientos, nuestra sociedad no s\u00f3lo necesita, sino merece mayor seriedad y objetividad de quienes confeccionan estos relatos oscuros y maliciosos\u00bb, sostiene.<\/p>\n<p>Respecto de la referencia a Hotel Kennedy S.A en la nota de Clar\u00edn, se afirm\u00f3 que \u00abqueriendo generar nuevamente ideas oscuras en cuanto a los actos legales de las empresas: al momento de la adquisici\u00f3n del paquete accionario de Hotesur SA por parte de nuestra familia, dicha sociedad no era accionista\u00bb.<\/p>\n<p>Y agrega: \u00abSi tenemos conocimiento a trav\u00e9s de los registros societarios que la misma particip\u00f3 en car\u00e1cter minoritario, pero al momento de nuestra adquisici\u00f3n del paquete accionario dicha sociedad estaba desvinculada de Hotesur S.A\u00bb.<\/p>\n<p>Por \u00faltimo, con respecto a las expresiones vertidas respecto a apoderamiento del se\u00f1or Amil L\u00f3pez por parte de Hotesur SA, a\u00f1ade: \u00abconocemos que todos los poderes existentes al momento de nuestra adquisici\u00f3n cesaron, y las demoras que pueda haber tenido desde el punto de vista administrativo dicho ex apoderado, en comunicarlo a la AFIP sea lo que el relator est\u00e9 ensombreciendo, pero mal puede haber una labor de apoderado cuando el poder invocado fue renunciado o revocado\u00bb.<\/p>\n<p>\u00abNuevamente -concluye la empresa- vemos esta intencionalidad oscura del relator queriendo inventar o falsear pruebas con las que intentan sostener sus hip\u00f3tesis falsas y maliciosas. Sin perjuicio de que para el montaje de este incre\u00edble armado medi\u00e1tico, cuentan con la innegable y casi grosera complicidad de ciertos estamentos judiciales\u00bb.<\/p>\n","protected":false},"excerpt":{"rendered":"<p>La empresa Hotesur calific\u00f3 como \u00abnunca vista en la historia de nuestro pa\u00eds\u00bb a la campa\u00f1a de hostigamiento en contra de la presidenta Cristina Fern\u00e1ndez y sus hijos, esta vez impulsada por una nueva embestida del diario Clar\u00edn que pretende \u00abgenerar un manto de sospecha en los actos econ\u00f3micos y legales de la familia Kirchner\u00bb.<\/p>\n","protected":false},"author":4,"featured_media":0,"comment_status":"open","ping_status":"open","sticky":false,"template":"","format":"standard","meta":{"_jetpack_newsletter_access":"","_jetpack_dont_email_post_to_subs":false,"_jetpack_newsletter_tier_id":0,"_jetpack_memberships_contains_paywalled_content":false,"_jetpack_memberships_contains_paid_content":false,"footnotes":""},"categories":[51],"tags":[],"class_list":["post-58964","post","type-post","status-publish","format-standard","hentry","category-politica"],"jetpack_shortlink":"https:\/\/wp.me\/p2JWE0-fl2","jetpack-related-posts":[{"id":58673,"url":"http:\/\/www.24baires.com\/?p=58673","url_meta":{"origin":58964,"position":0},"title":"Hotesur critic\u00f3 la \u00abimpericia medi\u00e1tica\u00bb","author":"GB","date":"15\/12\/2014","format":false,"excerpt":"La empresa Hotesur S.A. aclar\u00f3 que el contador Hugo \u00c1lvarez no cumple tareas en esta entidad, tal como public\u00f3 en su edici\u00f3n de hoy el matutino Clar\u00edn, y sostuvo que se trata \"una vez m\u00e1s de la impericia medi\u00e1tica\" y que \"es m\u00e1s que notorio e inocultable la real malicia\"\u2026","rel":"","context":"En \u00abPol\u00edtica\u00bb","block_context":{"text":"Pol\u00edtica","link":"http:\/\/www.24baires.com\/?cat=51"},"img":{"alt_text":"","src":"","width":0,"height":0},"classes":[]},{"id":70016,"url":"http:\/\/www.24baires.com\/?p=70016","url_meta":{"origin":58964,"position":1},"title":"Wado De Pedro sobre Hotesur: \u201cLas declaraciones de Bonadio son tendenciosas\u201d","author":"AF","date":"04\/08\/2015","format":false,"excerpt":"El secretario General de la Presidencia calific\u00f3 como \u201cmalintencionadas y maliciosas las declaraciones period\u00edsticas formuladas hoy por el juez y advirti\u00f3 sobre \u201cel irregular allanamiento en R\u00edo Gallegos en la causa Hotesur\u201d. \u201cLas continuas presencias y manifestaciones medi\u00e1ticas\u201d del magistrado \u201cdemuestran que m\u00e1s que administrar justicia, como corresponde a todos\u2026","rel":"","context":"En \u00abJUDICIALES\u00bb","block_context":{"text":"JUDICIALES","link":"http:\/\/www.24baires.com\/?cat=68"},"img":{"alt_text":"WADO DE PEDRO","src":"https:\/\/i0.wp.com\/www.24baires.com\/wp-content\/uploads\/2015\/04\/WADO-DE-PEDRO.jpg?resize=350%2C200","width":350,"height":200,"srcset":"https:\/\/i0.wp.com\/www.24baires.com\/wp-content\/uploads\/2015\/04\/WADO-DE-PEDRO.jpg?resize=350%2C200 1x, https:\/\/i0.wp.com\/www.24baires.com\/wp-content\/uploads\/2015\/04\/WADO-DE-PEDRO.jpg?resize=525%2C300 1.5x"},"classes":[]},{"id":58977,"url":"http:\/\/www.24baires.com\/?p=58977","url_meta":{"origin":58964,"position":2},"title":"Capitanich conden\u00f3 el \u00abhostigamiento medi\u00e1tico\u00bb de Clar\u00edn contra el Gobierno","author":"AF","date":"22\/12\/2014","format":false,"excerpt":"El jefe de Gabinete defendi\u00f3 la utilizaci\u00f3n de la cuenta de Twitter de la Casa Rosada para aclarar la postura de la familia Kirchner. \"El Gobierno debe promover su leg\u00edtima defensa frente a la calumnia, la injuria o la informaci\u00f3n falsa\", dijo. El jefe de Gabinete, Jorge Capitanich, conden\u00f3 el\u2026","rel":"","context":"En \u00abPol\u00edtica\u00bb","block_context":{"text":"Pol\u00edtica","link":"http:\/\/www.24baires.com\/?cat=51"},"img":{"alt_text":"Capitanich","src":"https:\/\/i0.wp.com\/www.24baires.com\/wp-content\/uploads\/2014\/01\/Capitanich.jpg?resize=350%2C200","width":350,"height":200,"srcset":"https:\/\/i0.wp.com\/www.24baires.com\/wp-content\/uploads\/2014\/01\/Capitanich.jpg?resize=350%2C200 1x, https:\/\/i0.wp.com\/www.24baires.com\/wp-content\/uploads\/2014\/01\/Capitanich.jpg?resize=525%2C300 1.5x"},"classes":[]},{"id":98762,"url":"http:\/\/www.24baires.com\/?p=98762","url_meta":{"origin":58964,"position":3},"title":"Florencia Kirchner pidi\u00f3 su sobreseimiento en la causa Hotesur","author":"AF","date":"15\/11\/2017","format":false,"excerpt":"La hija de la ex presidenta present\u00f3 un escrito ante el juez federal Juli\u00e1n Ercolini y se neg\u00f3 a contestar preguntas. En el texto, denunci\u00f3 una \"persecuci\u00f3n pol\u00edtica, medi\u00e1tica y judicial\" hacia su familia. Florencia Kirchner, hija de la ex presidente Cristina Kirchner, neg\u00f3 cualquier actuaci\u00f3n en la empresa \"Hotesur\"\u2026","rel":"","context":"En \u00abJUDICIALES\u00bb","block_context":{"text":"JUDICIALES","link":"http:\/\/www.24baires.com\/?cat=68"},"img":{"alt_text":"","src":"https:\/\/i0.wp.com\/www.24baires.com\/wp-content\/uploads\/2016\/07\/florencia.jpg?resize=350%2C200","width":350,"height":200,"srcset":"https:\/\/i0.wp.com\/www.24baires.com\/wp-content\/uploads\/2016\/07\/florencia.jpg?resize=350%2C200 1x, https:\/\/i0.wp.com\/www.24baires.com\/wp-content\/uploads\/2016\/07\/florencia.jpg?resize=525%2C300 1.5x"},"classes":[]},{"id":57631,"url":"http:\/\/www.24baires.com\/?p=57631","url_meta":{"origin":58964,"position":4},"title":"Capitanich: \u00abEl accionar de Bonadio es parte de una estrategia de golpismo activo\u00bb","author":"AF","date":"25\/11\/2014","format":false,"excerpt":"El jefe de Gabinete, Jorge Capitanich, ratific\u00f3 que el accionar del magistrado en la causa que investiga a la empresa Hotesur, de la que la presidenta Cristina Fern\u00e1ndez de Kirchner es accionista, es \"una estrategia de golpismo activo\" para \"hostigar\" al Gobierno nacional. El jefe de Gabinete, Jorge Capitanich, sostuvo\u2026","rel":"","context":"En \u00abPol\u00edtica\u00bb","block_context":{"text":"Pol\u00edtica","link":"http:\/\/www.24baires.com\/?cat=51"},"img":{"alt_text":"capitanich","src":"https:\/\/i0.wp.com\/www.24baires.com\/wp-content\/uploads\/2014\/09\/capitanich1.jpg?resize=350%2C200","width":350,"height":200,"srcset":"https:\/\/i0.wp.com\/www.24baires.com\/wp-content\/uploads\/2014\/09\/capitanich1.jpg?resize=350%2C200 1x, https:\/\/i0.wp.com\/www.24baires.com\/wp-content\/uploads\/2014\/09\/capitanich1.jpg?resize=525%2C300 1.5x"},"classes":[]},{"id":57603,"url":"http:\/\/www.24baires.com\/?p=57603","url_meta":{"origin":58964,"position":5},"title":"\u201cBonadio es un juez que elige las causas para extorsionar\u201d, asegur\u00f3 \u00c1lvarez","author":"AF","date":"24\/11\/2014","format":false,"excerpt":"El secretario de Justicia Juli\u00e1n \u00c1lvarez, ratific\u00f3 las denuncias contra el magistrado y repas\u00f3 las principales acusaciones que pesan sobre el juez, quien el jueves pasado orden\u00f3 un allanamiento a oficinas de la sociedad Hotesur, empresa vinculada a la familia de la Presidenta. \u201cLas causas contra Bonad\u00edo son muy graves.\u2026","rel":"","context":"En \u00abJUDICIALES\u00bb","block_context":{"text":"JUDICIALES","link":"http:\/\/www.24baires.com\/?cat=68"},"img":{"alt_text":"Julian Alvarez","src":"https:\/\/i0.wp.com\/www.24baires.com\/wp-content\/uploads\/2014\/02\/Julian-Alvarez.jpg?resize=350%2C200","width":350,"height":200,"srcset":"https:\/\/i0.wp.com\/www.24baires.com\/wp-content\/uploads\/2014\/02\/Julian-Alvarez.jpg?resize=350%2C200 1x, https:\/\/i0.wp.com\/www.24baires.com\/wp-content\/uploads\/2014\/02\/Julian-Alvarez.jpg?resize=525%2C300 1.5x"},"classes":[]}],"jetpack_sharing_enabled":true,"jetpack_likes_enabled":true,"jetpack_featured_media_url":"","_links":{"self":[{"href":"http:\/\/www.24baires.com\/index.php?rest_route=\/wp\/v2\/posts\/58964","targetHints":{"allow":["GET"]}}],"collection":[{"href":"http:\/\/www.24baires.com\/index.php?rest_route=\/wp\/v2\/posts"}],"about":[{"href":"http:\/\/www.24baires.com\/index.php?rest_route=\/wp\/v2\/types\/post"}],"author":[{"embeddable":true,"href":"http:\/\/www.24baires.com\/index.php?rest_route=\/wp\/v2\/users\/4"}],"replies":[{"embeddable":true,"href":"http:\/\/www.24baires.com\/index.php?rest_route=%2Fwp%2Fv2%2Fcomments&post=58964"}],"version-history":[{"count":1,"href":"http:\/\/www.24baires.com\/index.php?rest_route=\/wp\/v2\/posts\/58964\/revisions"}],"predecessor-version":[{"id":58965,"href":"http:\/\/www.24baires.com\/index.php?rest_route=\/wp\/v2\/posts\/58964\/revisions\/58965"}],"wp:attachment":[{"href":"http:\/\/www.24baires.com\/index.php?rest_route=%2Fwp%2Fv2%2Fmedia&parent=58964"}],"wp:term":[{"taxonomy":"category","embeddable":true,"href":"http:\/\/www.24baires.com\/index.php?rest_route=%2Fwp%2Fv2%2Fcategories&post=58964"},{"taxonomy":"post_tag","embeddable":true,"href":"http:\/\/www.24baires.com\/index.php?rest_route=%2Fwp%2Fv2%2Ftags&post=58964"}],"curies":[{"name":"wp","href":"https:\/\/api.w.org\/{rel}","templated":true}]}}