{"id":58962,"date":"2014-12-21T15:00:44","date_gmt":"2014-12-21T18:00:44","guid":{"rendered":"http:\/\/www.24baires.com\/?p=58962"},"modified":"2014-12-21T13:57:18","modified_gmt":"2014-12-21T16:57:18","slug":"tomada-considero-que-la-busqueda-de-una-mayor-competitividad-no-puede-darse-con-rebajas-de-salarios","status":"publish","type":"post","link":"http:\/\/www.24baires.com\/?p=58962","title":{"rendered":"Tomada consider\u00f3 que la b\u00fasqueda de una mayor competitividad no puede darse con \u00abrebajas de salarios\u00bb"},"content":{"rendered":"<p><img data-recalc-dims=\"1\" loading=\"lazy\" decoding=\"async\" class=\"aligncenter size-full wp-image-27848\" src=\"https:\/\/i0.wp.com\/www.24baires.com\/wp-content\/uploads\/2013\/07\/tomada2.jpg?resize=560%2C314\" alt=\"tomada2\" width=\"560\" height=\"314\" srcset=\"https:\/\/i0.wp.com\/www.24baires.com\/wp-content\/uploads\/2013\/07\/tomada2.jpg?w=560 560w, https:\/\/i0.wp.com\/www.24baires.com\/wp-content\/uploads\/2013\/07\/tomada2.jpg?resize=300%2C168 300w\" sizes=\"auto, (max-width: 560px) 100vw, 560px\" \/>El ministro de Trabajo, Carlos Tomada, sostuvo que \u201cla b\u00fasqueda de mayores niveles de competitividad o productividad son desaf\u00edos que la Argentina tiene por delante\u201d pero que no pueden darse \u201cpor la v\u00eda de rebajas de salarios, ni por degradaci\u00f3n de condiciones laborales\u201d.<!--more--><\/p>\n<p>En una entrevista publicada hoy por el diario Tiempo Argentino, Tomada ejemplific\u00f3 que \u201cesa b\u00fasqueda de productividad y mejoras en la competitividad puede venir perfectamente por el lado de la innovaci\u00f3n tecnol\u00f3gica, por el lado de la formaci\u00f3n y capacitaci\u00f3n de trabajadores, donde el Estado ha invertido como nunca nadie antes\u201d.<\/p>\n<p>Las mejoras en la competitividad, un reclamo reiterado de la dirigencia empresaria, tambi\u00e9n podr\u00edan encontrarse, afirm\u00f3 el titular de la cartera laboral, \u201cpor el lado de b\u00fasqueda de premios o reconocimientos a la mejora de la producci\u00f3n, al aumento de la producci\u00f3n, a la mejora de procesos, a la ubicaci\u00f3n a una determinada empresa o una determinada actividad en condiciones de distribuir o estimular por el lado de utilidades o ganancias\u201d.<\/p>\n<p>Consultado precisamente por el concepto de distribuir utilidades entre los trabajadores a trav\u00e9s del cumplimiento de metas u objetivos de producci\u00f3n, Tomada dijo: \u201cc\u00f3mo negarnos a avanzar por ese camino cuando hay una manda constitucional que no est\u00e1 operativa\u201d.<\/p>\n<p>En otro orden, el ministro se\u00f1al\u00f3 que \u201cel protagonismo sindical y la participaci\u00f3n de los sindicatos ha crecido muy fuertemente en estos a\u00f1os\u201d entre otros motivos por \u201cdecisi\u00f3n pol\u00edtica de este proyecto nacional y popular\u201d.<\/p>\n<p>\u201cEl debate alrededor del sindicato \u00fanico o muchos sindicatos representando a un mismo colectivo es un debate necesario para dar. Pero en ese sentido, creo que deber\u00eda plante\u00e1rselo el movimiento obrero y los trabajadores\u201d, opin\u00f3 el funcionario respecto de los fallos judiciales que abren diferentes v\u00edas de asociaci\u00f3n gremial.<\/p>\n<p>Consultado por los reclamos sindicales acerca del impuesto a las Ganancias, Tomada record\u00f3 que \u201clo cierto y lo concreto es que el Gobierno todos los a\u00f1os ha hecho algo con Ganancias\u201d.<\/p>\n<p>\u201cNo le quito importancia a la preocupaci\u00f3n de los dirigentes sindicales por este tema. Pero conf\u00edo en que habr\u00e1 otros temas en una agenda, conf\u00edo en que \u2013como muchos de ellos dicen\u2013 se valore c\u00f3mo se ha recuperado el salario, el empleo y las paritarias\u201d, agreg\u00f3.<\/p>\n<p>Respecto del nivel de empleo informal en el pa\u00eds, Tomada se\u00f1al\u00f3 como \u201clos primeros responsables\u201d a los \u201cenemigos del trabajo, que son los que especulan con los precios, con el d\u00f3lar, con las apuestas financieras. Los que especulan con maximizar ganancias v\u00eda el trabajo\u201d.<\/p>\n<p>\u201cEst\u00e1 muy mal, o por lo menos es muy escaso, plantear este tema exclusivamente como responsabilidad del Estado\u201d, a\u00f1adi\u00f3 el ministro. Y concluy\u00f3 indicando que hay \u201csectores que quieren maximizar ganancias a costa de los trabajadores. Y esos son nuestros enemigos, definitivamente\u201d.<\/p>\n<p>&nbsp;<\/p>\n<p>&nbsp;<\/p>\n<p>&nbsp;<\/p>\n<p>&nbsp;<\/p>\n<p>&nbsp;<\/p>\n<p>&nbsp;<\/p>\n<p>&nbsp;<\/p>\n<p>&nbsp;<\/p>\n<p>&nbsp;<\/p>\n<p>&nbsp;<\/p>\n<p>&nbsp;<\/p>\n<p>&nbsp;<\/p>\n<p>&nbsp;<\/p>\n<p>&nbsp;<\/p>\n<p>&nbsp;<\/p>\n<p>&nbsp;<\/p>\n<p>&nbsp;<\/p>\n","protected":false},"excerpt":{"rendered":"<p>El ministro de Trabajo, Carlos Tomada, sostuvo que \u201cla b\u00fasqueda de mayores niveles de competitividad o productividad son desaf\u00edos que la Argentina tiene por delante\u201d pero que no pueden darse \u201cpor la v\u00eda de rebajas de salarios, ni por degradaci\u00f3n de condiciones laborales\u201d.<\/p>\n","protected":false},"author":8,"featured_media":0,"comment_status":"open","ping_status":"open","sticky":false,"template":"","format":"standard","meta":{"_jetpack_newsletter_access":"","_jetpack_dont_email_post_to_subs":false,"_jetpack_newsletter_tier_id":0,"_jetpack_memberships_contains_paywalled_content":false,"_jetpack_memberships_contains_paid_content":false,"footnotes":""},"categories":[51],"tags":[],"class_list":["post-58962","post","type-post","status-publish","format-standard","hentry","category-politica"],"jetpack_shortlink":"https:\/\/wp.me\/p2JWE0-fl0","jetpack-related-posts":[{"id":94540,"url":"http:\/\/www.24baires.com\/?p=94540","url_meta":{"origin":58962,"position":0},"title":"\u00abNo vamos a permitir que para competir tengamos que trabajar por un plato de arroz\u00bb","author":"AF","date":"16\/05\/2017","format":false,"excerpt":"El integrante del triunvirato que conduce la CGT, H\u00e9ctor Daer, cr\u00edtic\u00f3 que la gira del presidente Mauricio Macri sea en b\u00fasqueda de \"comercio\" con pa\u00edses \"que no tienen normativa laboral\". El diputado nacional e integrante del triunvirato que conduce la CGT, H\u00e9ctor Daer, dijo hoy que \"no vamos a permitir\u2026","rel":"","context":"En \u00abSociedad\u00bb","block_context":{"text":"Sociedad","link":"http:\/\/www.24baires.com\/?cat=1"},"img":{"alt_text":"","src":"https:\/\/i0.wp.com\/www.24baires.com\/wp-content\/uploads\/2016\/09\/cgt.jpg?resize=350%2C200","width":350,"height":200,"srcset":"https:\/\/i0.wp.com\/www.24baires.com\/wp-content\/uploads\/2016\/09\/cgt.jpg?resize=350%2C200 1x, https:\/\/i0.wp.com\/www.24baires.com\/wp-content\/uploads\/2016\/09\/cgt.jpg?resize=525%2C300 1.5x"},"classes":[]},{"id":92640,"url":"http:\/\/www.24baires.com\/?p=92640","url_meta":{"origin":58962,"position":1},"title":"Dujovne quiere un d\u00f3lar por encima de los 19 pesos para fin de a\u00f1o","author":"GB","date":"23\/02\/2017","format":false,"excerpt":"El ministro de Hacienda busca que el tipo de cambio se actualice permanentemente para que \"la econom\u00eda puede trabajar adecuadamente\". El ministro de Hacienda, Nicol\u00e1s Dujovne, asegur\u00f3 que con la cotizaci\u00f3n actual del d\u00f3lar \"la econom\u00eda puede trabajar adecuadamente\". No obstante, aclar\u00f3 que todos los d\u00edas buscan \"mejorar la competitividad\"\u2026","rel":"","context":"En \u00abEconom\u00eda\u00bb","block_context":{"text":"Econom\u00eda","link":"http:\/\/www.24baires.com\/?cat=45"},"img":{"alt_text":"","src":"https:\/\/i0.wp.com\/www.24baires.com\/wp-content\/uploads\/2016\/12\/dujovne.jpg?resize=350%2C200","width":350,"height":200,"srcset":"https:\/\/i0.wp.com\/www.24baires.com\/wp-content\/uploads\/2016\/12\/dujovne.jpg?resize=350%2C200 1x, https:\/\/i0.wp.com\/www.24baires.com\/wp-content\/uploads\/2016\/12\/dujovne.jpg?resize=525%2C300 1.5x"},"classes":[]},{"id":35581,"url":"http:\/\/www.24baires.com\/?p=35581","url_meta":{"origin":58962,"position":2},"title":"El Jefe de Gabinete propuso una agenda productiva para crear 300 mil empleos","author":"Grupo Sierra","date":"22\/11\/2013","format":false,"excerpt":"El jefe de Gabinete, Jorge Capitanich, encabez\u00f3 una reuni\u00f3n con representantes de la CGT y de la CTA en la que se abordaron cuestiones relacionadas con el trabajo en el marco de una agenda productiva para los pr\u00f3ximos dos a\u00f1os que incluye metas como \"la creaci\u00f3n de no menos de\u2026","rel":"","context":"En \u00abPol\u00edtica\u00bb","block_context":{"text":"Pol\u00edtica","link":"http:\/\/www.24baires.com\/?cat=51"},"img":{"alt_text":"","src":"https:\/\/i0.wp.com\/www.24baires.com\/wp-content\/uploads\/2013\/11\/capitanich-trabajo.jpg?resize=350%2C200","width":350,"height":200,"srcset":"https:\/\/i0.wp.com\/www.24baires.com\/wp-content\/uploads\/2013\/11\/capitanich-trabajo.jpg?resize=350%2C200 1x, https:\/\/i0.wp.com\/www.24baires.com\/wp-content\/uploads\/2013\/11\/capitanich-trabajo.jpg?resize=525%2C300 1.5x"},"classes":[]},{"id":110869,"url":"http:\/\/www.24baires.com\/?p=110869","url_meta":{"origin":58962,"position":3},"title":"El Gobierno insiste con una reforma laboral para salir de la crisis","author":"GB","date":"20\/06\/2019","format":false,"excerpt":"Luego de conocerse el \u00edndice de desempleo m\u00e1s alto de los \u00faltimos 13 a\u00f1os, el ministro de Producci\u00f3n y Trabajo, reconoci\u00f3 que la crisis econ\u00f3mica golpe\u00f3 a los argentinos y pidi\u00f3 una \"ley de blanqueo laboral para reconocer derechos de los 4,5 millones de trabajadores informales. El INDEC difundi\u00f3 la\u2026","rel":"","context":"En \u00abPol\u00edtica\u00bb","block_context":{"text":"Pol\u00edtica","link":"http:\/\/www.24baires.com\/?cat=51"},"img":{"alt_text":"","src":"https:\/\/i0.wp.com\/www.24baires.com\/wp-content\/uploads\/2019\/06\/sica.jpg?resize=350%2C200","width":350,"height":200,"srcset":"https:\/\/i0.wp.com\/www.24baires.com\/wp-content\/uploads\/2019\/06\/sica.jpg?resize=350%2C200 1x, https:\/\/i0.wp.com\/www.24baires.com\/wp-content\/uploads\/2019\/06\/sica.jpg?resize=525%2C300 1.5x"},"classes":[]},{"id":522,"url":"http:\/\/www.24baires.com\/?p=522","url_meta":{"origin":58962,"position":4},"title":"Realizar\u00e1n mejoras estructurales en el Puerto San Pedro","author":"Grupo Sierra","date":"26\/09\/2012","format":false,"excerpt":"El Ministro de la Producci\u00f3n, Ciencia y Tecnolog\u00eda, Cristian Breitenstein firm\u00f3 un Convenio con el titular del Consorcio de Gesti\u00f3n Puerto San Pedro, Mariano Veiga, para realizar mejoras estructurales que permitir\u00e1n abordar la b\u00fasqueda de nuevas cargas, por un monto que supera los 15 millones de pesos. Acompa\u00f1ado por el\u2026","rel":"","context":"En \u00abProvincia\u00bb","block_context":{"text":"Provincia","link":"http:\/\/www.24baires.com\/?cat=40"},"img":{"alt_text":"","src":"","width":0,"height":0},"classes":[]},{"id":112435,"url":"http:\/\/www.24baires.com\/?p=112435","url_meta":{"origin":58962,"position":5},"title":"Macri anunci\u00f3 nuevos recortes a las becas Progresar","author":"AF","date":"09\/10\/2019","format":false,"excerpt":"La medida forma parte de sus \"propuestas para una nueva etapa\", con la que busca revertir el resultado de las PASO. \"Las empresas argentinas con m\u00e1s potencial no consiguen contratar trabajadores con habilidades espec\u00edficas\", argument\u00f3. Mientras busca revertir el magro resultado obtenido en las PASO, el presidente Mauricio Macri sigue\u2026","rel":"","context":"En \u00abSociedad\u00bb","block_context":{"text":"Sociedad","link":"http:\/\/www.24baires.com\/?cat=1"},"img":{"alt_text":"","src":"https:\/\/i0.wp.com\/www.24baires.com\/wp-content\/uploads\/2019\/08\/macri.png?resize=350%2C200","width":350,"height":200,"srcset":"https:\/\/i0.wp.com\/www.24baires.com\/wp-content\/uploads\/2019\/08\/macri.png?resize=350%2C200 1x, https:\/\/i0.wp.com\/www.24baires.com\/wp-content\/uploads\/2019\/08\/macri.png?resize=525%2C300 1.5x"},"classes":[]}],"jetpack_sharing_enabled":true,"jetpack_likes_enabled":true,"jetpack_featured_media_url":"","_links":{"self":[{"href":"http:\/\/www.24baires.com\/index.php?rest_route=\/wp\/v2\/posts\/58962","targetHints":{"allow":["GET"]}}],"collection":[{"href":"http:\/\/www.24baires.com\/index.php?rest_route=\/wp\/v2\/posts"}],"about":[{"href":"http:\/\/www.24baires.com\/index.php?rest_route=\/wp\/v2\/types\/post"}],"author":[{"embeddable":true,"href":"http:\/\/www.24baires.com\/index.php?rest_route=\/wp\/v2\/users\/8"}],"replies":[{"embeddable":true,"href":"http:\/\/www.24baires.com\/index.php?rest_route=%2Fwp%2Fv2%2Fcomments&post=58962"}],"version-history":[{"count":1,"href":"http:\/\/www.24baires.com\/index.php?rest_route=\/wp\/v2\/posts\/58962\/revisions"}],"predecessor-version":[{"id":58963,"href":"http:\/\/www.24baires.com\/index.php?rest_route=\/wp\/v2\/posts\/58962\/revisions\/58963"}],"wp:attachment":[{"href":"http:\/\/www.24baires.com\/index.php?rest_route=%2Fwp%2Fv2%2Fmedia&parent=58962"}],"wp:term":[{"taxonomy":"category","embeddable":true,"href":"http:\/\/www.24baires.com\/index.php?rest_route=%2Fwp%2Fv2%2Fcategories&post=58962"},{"taxonomy":"post_tag","embeddable":true,"href":"http:\/\/www.24baires.com\/index.php?rest_route=%2Fwp%2Fv2%2Ftags&post=58962"}],"curies":[{"name":"wp","href":"https:\/\/api.w.org\/{rel}","templated":true}]}}