{"id":58954,"date":"2014-12-21T11:02:43","date_gmt":"2014-12-21T14:02:43","guid":{"rendered":"http:\/\/www.24baires.com\/?p=58954"},"modified":"2014-12-21T11:02:43","modified_gmt":"2014-12-21T14:02:43","slug":"alicia-kirchner-destaco-la-sancion-de-la-ley-federal-de-trabajo-social","status":"publish","type":"post","link":"http:\/\/www.24baires.com\/?p=58954","title":{"rendered":"Alicia Kirchner destac\u00f3 la sanci\u00f3n de la Ley Federal de Trabajo Social"},"content":{"rendered":"<p><img data-recalc-dims=\"1\" loading=\"lazy\" decoding=\"async\" class=\"aligncenter wp-image-31691\" src=\"https:\/\/i0.wp.com\/www.24baires.com\/wp-content\/uploads\/2013\/09\/ALicia-k.jpg?resize=560%2C373\" alt=\"ALicia k\" width=\"560\" height=\"373\" srcset=\"https:\/\/i0.wp.com\/www.24baires.com\/wp-content\/uploads\/2013\/09\/ALicia-k.jpg?w=510 510w, https:\/\/i0.wp.com\/www.24baires.com\/wp-content\/uploads\/2013\/09\/ALicia-k.jpg?resize=300%2C200 300w\" sizes=\"auto, (max-width: 560px) 100vw, 560px\" \/>La ministra se refiri\u00f3 a la normativa sancionada el 10 de diciembre por el Congreso Nacional y asegur\u00f3 que \u00abfortalece la aplicaci\u00f3n de las pol\u00edticas sociales\u00bb y \u00abconvoca al desaf\u00edo permanente\u00bb de traducirlas \u00aben conquistas de derechos\u00bb.<!--more--><\/p>\n<p>\u00abAhora s\u00ed, como pol\u00edtica de Estado, por primera vez los trabajadores y las trabajadoras sociales contamos con una ley que delimita nuestros derechos y obligaciones para con los ciudadanos, y genera las condiciones necesarias para la prestaci\u00f3n de servicios profesionales con competencia, calidad e idoneidad\u00bb, se\u00f1al\u00f3 la ministra en una columna de opini\u00f3n publicada hoy en el diario Tiempo Argentino.<\/p>\n<p>\u00abEste hecho nos convoca al desaf\u00edo permanente de traducir las pol\u00edticas sociales en conquistas de derechos\u00bb, agreg\u00f3.<\/p>\n<p>\u00abEsta ley es un hito hist\u00f3rico\u00bb, consider\u00f3 la funcionaria, porque \u00abconcreta una aspiraci\u00f3n del colectivo profesional y una bandera de lucha por los derechos que viene desde los &#8217;60 y los &#8217;70\u00bb.<\/p>\n<p>\u00abFueron necesarios 30 a\u00f1os de democracia para prestigiar y fortalecer nuestra profesi\u00f3n. Las pol\u00edticas sociales que comenzamos a construir desde 2003 tienen una responsabilidad central en el logro que representa la sanci\u00f3n de esta ley: m\u00e1s derechos sociales, m\u00e1s igualdad y m\u00e1s oportunidades\u00bb, a\u00f1adi\u00f3.<\/p>\n<p>Alicia Kirchner agradeci\u00f3 a la Federaci\u00f3n Argentina de Asociaciones Profesionales de Servicio Social, al Senado que \u00abvot\u00f3 por unanimidad esta ley\u00bb y a los 177 diputados \u00abque nos acompa\u00f1aron\u00bb en la aprobaci\u00f3n de la norma, al tiempo que subray\u00f3 que \u00ablos diputados que votaron en contra, se abstuvieron o estuvieron ausentes pertenecen en su mayor\u00eda al PRO y al socialismo, a los que se sumaron algunos radicales\u00bb.<\/p>\n<p>Finalmente, la ministra pidi\u00f3 a los trabajadores sociales que \u00abcaminen siempre en la esperanza, en los atributos de libertad, justicia, en los Derechos Humanos y sociales porque la dignidad de la persona no se negocia y exige trabajar sobre la igualdad\u00bb.<\/p>\n<p>&nbsp;<\/p>\n<p>&nbsp;<\/p>\n<p>&nbsp;<\/p>\n<p>&nbsp;<\/p>\n<p>&nbsp;<\/p>\n<p>&nbsp;<\/p>\n<p>&nbsp;<\/p>\n<p>&nbsp;<\/p>\n<p>&nbsp;<\/p>\n<p>&nbsp;<\/p>\n<p>&nbsp;<\/p>\n<p>&nbsp;<\/p>\n<p>&nbsp;<\/p>\n<p>&nbsp;<\/p>\n<p>&nbsp;<\/p>\n","protected":false},"excerpt":{"rendered":"<p>La ministra se refiri\u00f3 a la normativa sancionada el 10 de diciembre por el Congreso Nacional y asegur\u00f3 que \u00abfortalece la aplicaci\u00f3n de las pol\u00edticas sociales\u00bb y \u00abconvoca al desaf\u00edo permanente\u00bb de traducirlas \u00aben conquistas de derechos\u00bb.<\/p>\n","protected":false},"author":8,"featured_media":0,"comment_status":"open","ping_status":"open","sticky":false,"template":"","format":"standard","meta":{"_jetpack_newsletter_access":"","_jetpack_dont_email_post_to_subs":false,"_jetpack_newsletter_tier_id":0,"_jetpack_memberships_contains_paywalled_content":false,"_jetpack_memberships_contains_paid_content":false,"footnotes":""},"categories":[51],"tags":[],"class_list":["post-58954","post","type-post","status-publish","format-standard","hentry","category-politica"],"jetpack_shortlink":"https:\/\/wp.me\/p2JWE0-fkS","jetpack-related-posts":[{"id":114121,"url":"http:\/\/www.24baires.com\/?p=114121","url_meta":{"origin":58954,"position":0},"title":"Kicillof particip\u00f3 de la primera capacitaci\u00f3n de la Ley Micaela","author":"AF","date":"13\/02\/2020","format":false,"excerpt":"Funcionarios de la gobernaci\u00f3n bonaerense tuvieron su primera capacitaci\u00f3n de g\u00e9nero, a cargo del padre de Micaela Garc\u00eda. La provincia de Buenos Aires cuenta, formalmente, con el Consejo de Pol\u00edticas de G\u00e9nero Transversales en la Administraci\u00f3n P\u00fablica. El gobernador Axel Kicillof y la ministra de las Mujeres, Pol\u00edticas de G\u00e9nero\u2026","rel":"","context":"En \u00abProvincia\u00bb","block_context":{"text":"Provincia","link":"http:\/\/www.24baires.com\/?cat=40"},"img":{"alt_text":"","src":"https:\/\/i0.wp.com\/www.24baires.com\/wp-content\/uploads\/2020\/02\/kicillof.jpg?resize=350%2C200","width":350,"height":200,"srcset":"https:\/\/i0.wp.com\/www.24baires.com\/wp-content\/uploads\/2020\/02\/kicillof.jpg?resize=350%2C200 1x, https:\/\/i0.wp.com\/www.24baires.com\/wp-content\/uploads\/2020\/02\/kicillof.jpg?resize=525%2C300 1.5x"},"classes":[]},{"id":120519,"url":"http:\/\/www.24baires.com\/?p=120519","url_meta":{"origin":58954,"position":1},"title":"Massa celebr\u00f3 ley que modifica ganancias y pidi\u00f3 apoyo para la de devoluci\u00f3n del IVA","author":"AF","date":"29\/09\/2023","format":false,"excerpt":"El ministro de Econom\u00eda y candidato presidencial de Uni\u00f3n por la Patria (UxP), Sergio Massa, consider\u00f3 hoy como \"un paso fundamental\" contra \"la injusticia\" la eliminaci\u00f3n de la cuarta categor\u00eda del impuesto a las Ganancias, al destacar la sanci\u00f3n de la ley que elimin\u00f3 ese gravamen, y pidi\u00f3 \"apoyo\" para\u2026","rel":"","context":"En \u00abPol\u00edtica\u00bb","block_context":{"text":"Pol\u00edtica","link":"http:\/\/www.24baires.com\/?cat=51"},"img":{"alt_text":"","src":"https:\/\/i0.wp.com\/www.24baires.com\/wp-content\/uploads\/2023\/09\/massa.jpg?resize=350%2C200","width":350,"height":200,"srcset":"https:\/\/i0.wp.com\/www.24baires.com\/wp-content\/uploads\/2023\/09\/massa.jpg?resize=350%2C200 1x, https:\/\/i0.wp.com\/www.24baires.com\/wp-content\/uploads\/2023\/09\/massa.jpg?resize=525%2C300 1.5x, https:\/\/i0.wp.com\/www.24baires.com\/wp-content\/uploads\/2023\/09\/massa.jpg?resize=700%2C400 2x"},"classes":[]},{"id":113387,"url":"http:\/\/www.24baires.com\/?p=113387","url_meta":{"origin":58954,"position":2},"title":"Jura de ministros: Kicillof les pidi\u00f3 que sean \u201cmilitantes\u201d","author":"GB","date":"12\/12\/2019","format":false,"excerpt":"El gobernador bonaerense encabezar\u00e1 el acto protocolar que se llevar\u00e1 a cabo en La Plata para poner en funciones su equipo. Atr\u00e1s qued\u00f3 el gobierno de Mar\u00eda Eugenia Vidal en la provincia de Buenos Aires y desde el mi\u00e9rcoles tom\u00f3 las riendas Axel Kicillof luego de asumir su mandato en\u2026","rel":"","context":"En \u00abProvincia\u00bb","block_context":{"text":"Provincia","link":"http:\/\/www.24baires.com\/?cat=40"},"img":{"alt_text":"","src":"https:\/\/i0.wp.com\/www.24baires.com\/wp-content\/uploads\/2019\/11\/kicillof.jpg?resize=350%2C200","width":350,"height":200,"srcset":"https:\/\/i0.wp.com\/www.24baires.com\/wp-content\/uploads\/2019\/11\/kicillof.jpg?resize=350%2C200 1x, https:\/\/i0.wp.com\/www.24baires.com\/wp-content\/uploads\/2019\/11\/kicillof.jpg?resize=525%2C300 1.5x"},"classes":[]},{"id":118912,"url":"http:\/\/www.24baires.com\/?p=118912","url_meta":{"origin":58954,"position":3},"title":"Avanza la creaci\u00f3n de un plan nacional para erradicar la Violencia de G\u00e9nero","author":"GB","date":"30\/05\/2022","format":false,"excerpt":"La ministra de las Mujeres Estela D\u00edaz junto a su par de Naci\u00f3n Elizabeth G\u00f3mez Alcorta y la intendenta de Quilmes Mayra Mendoza realizaron el cierre del Foro participativo para la elaboraci\u00f3n del Plan Nacional de Acci\u00f3n contra las Violencias por Motivos de G\u00e9nero. La actividad, que cont\u00f3 con la\u2026","rel":"","context":"En \u00abSociedad\u00bb","block_context":{"text":"Sociedad","link":"http:\/\/www.24baires.com\/?cat=1"},"img":{"alt_text":"","src":"https:\/\/i0.wp.com\/www.24baires.com\/wp-content\/uploads\/2022\/05\/Compartido-desde-Lightroom-mobile-26-1024x648-1.jpg?resize=350%2C200","width":350,"height":200,"srcset":"https:\/\/i0.wp.com\/www.24baires.com\/wp-content\/uploads\/2022\/05\/Compartido-desde-Lightroom-mobile-26-1024x648-1.jpg?resize=350%2C200 1x, https:\/\/i0.wp.com\/www.24baires.com\/wp-content\/uploads\/2022\/05\/Compartido-desde-Lightroom-mobile-26-1024x648-1.jpg?resize=525%2C300 1.5x, https:\/\/i0.wp.com\/www.24baires.com\/wp-content\/uploads\/2022\/05\/Compartido-desde-Lightroom-mobile-26-1024x648-1.jpg?resize=700%2C400 2x"},"classes":[]},{"id":75542,"url":"http:\/\/www.24baires.com\/?p=75542","url_meta":{"origin":58954,"position":4},"title":"Lanzan en la Feria del Libro de Mar del Plata un nuevo trabajo editorial de Luis L\u00e1zzaro","author":"Grupo Sierra","date":"24\/11\/2015","format":false,"excerpt":"Geopol\u00edtica de la palabra, Reflexiones sobre Comunicaci\u00f3n, Identidad y Autonom\u00eda, es el t\u00edtulo de un nuevo libro del periodista y docente universitario Luis Lazzaro (La Batalla de la Comunicaci\u00f3n, 2011), editado por el Centro de Integraci\u00f3n, Comunicaci\u00f3n, Cultura y Sociedad (CICCUS), y la Editorial de la Universidad Nacional de Avellaneda\u2026","rel":"","context":"En \u00abCultura\u00bb","block_context":{"text":"Cultura","link":"http:\/\/www.24baires.com\/?cat=66"},"img":{"alt_text":"libro lazzaro","src":"https:\/\/i0.wp.com\/www.24baires.com\/wp-content\/uploads\/2015\/11\/libro-lazzaro-219x300.jpg?resize=350%2C200","width":350,"height":200},"classes":[]},{"id":118896,"url":"http:\/\/www.24baires.com\/?p=118896","url_meta":{"origin":58954,"position":5},"title":"\u00abLa ley de Cannabis medicinal es otro triunfo de la sociedad contra la hipocres\u00eda\u00bb","author":"AF","date":"24\/05\/2022","format":false,"excerpt":"As\u00ed lo asegur\u00f3 el Presidente en el acto que se celebra en el Sal\u00f3n de las Mujeres de Casa de Gobierno y cuenta con la presencia de referentes del sector. Junto al Presidente se encuentra el ministro de Desarrollo Productivo, Mat\u00edas Kulfas. El presidente Alberto Fern\u00e1ndez afirm\u00f3 este martes que\u2026","rel":"","context":"En \u00abPol\u00edtica\u00bb","block_context":{"text":"Pol\u00edtica","link":"http:\/\/www.24baires.com\/?cat=51"},"img":{"alt_text":"","src":"https:\/\/i0.wp.com\/www.24baires.com\/wp-content\/uploads\/2022\/05\/628d614ea4782_900.jpg?resize=350%2C200","width":350,"height":200,"srcset":"https:\/\/i0.wp.com\/www.24baires.com\/wp-content\/uploads\/2022\/05\/628d614ea4782_900.jpg?resize=350%2C200 1x, https:\/\/i0.wp.com\/www.24baires.com\/wp-content\/uploads\/2022\/05\/628d614ea4782_900.jpg?resize=525%2C300 1.5x, https:\/\/i0.wp.com\/www.24baires.com\/wp-content\/uploads\/2022\/05\/628d614ea4782_900.jpg?resize=700%2C400 2x"},"classes":[]}],"jetpack_sharing_enabled":true,"jetpack_likes_enabled":true,"jetpack_featured_media_url":"","_links":{"self":[{"href":"http:\/\/www.24baires.com\/index.php?rest_route=\/wp\/v2\/posts\/58954","targetHints":{"allow":["GET"]}}],"collection":[{"href":"http:\/\/www.24baires.com\/index.php?rest_route=\/wp\/v2\/posts"}],"about":[{"href":"http:\/\/www.24baires.com\/index.php?rest_route=\/wp\/v2\/types\/post"}],"author":[{"embeddable":true,"href":"http:\/\/www.24baires.com\/index.php?rest_route=\/wp\/v2\/users\/8"}],"replies":[{"embeddable":true,"href":"http:\/\/www.24baires.com\/index.php?rest_route=%2Fwp%2Fv2%2Fcomments&post=58954"}],"version-history":[{"count":1,"href":"http:\/\/www.24baires.com\/index.php?rest_route=\/wp\/v2\/posts\/58954\/revisions"}],"predecessor-version":[{"id":58955,"href":"http:\/\/www.24baires.com\/index.php?rest_route=\/wp\/v2\/posts\/58954\/revisions\/58955"}],"wp:attachment":[{"href":"http:\/\/www.24baires.com\/index.php?rest_route=%2Fwp%2Fv2%2Fmedia&parent=58954"}],"wp:term":[{"taxonomy":"category","embeddable":true,"href":"http:\/\/www.24baires.com\/index.php?rest_route=%2Fwp%2Fv2%2Fcategories&post=58954"},{"taxonomy":"post_tag","embeddable":true,"href":"http:\/\/www.24baires.com\/index.php?rest_route=%2Fwp%2Fv2%2Ftags&post=58954"}],"curies":[{"name":"wp","href":"https:\/\/api.w.org\/{rel}","templated":true}]}}