{"id":58952,"date":"2014-12-21T10:00:28","date_gmt":"2014-12-21T13:00:28","guid":{"rendered":"http:\/\/www.24baires.com\/?p=58952"},"modified":"2014-12-22T10:13:25","modified_gmt":"2014-12-22T13:13:25","slug":"siento-la-responsabilidad-de-volver-a-llevar-al-triunfo-al-frente-para-la-victoria","status":"publish","type":"post","link":"http:\/\/www.24baires.com\/?p=58952","title":{"rendered":"\u00abSiento la responsabilidad de volver a llevar al triunfo al Frente para la Victoria\u00bb"},"content":{"rendered":"<p><img data-recalc-dims=\"1\" loading=\"lazy\" decoding=\"async\" class=\"aligncenter size-full wp-image-52743\" src=\"https:\/\/i0.wp.com\/www.24baires.com\/wp-content\/uploads\/2014\/08\/scioli-saludo.jpg?resize=560%2C373\" alt=\"scioli saludo\" width=\"560\" height=\"373\" srcset=\"https:\/\/i0.wp.com\/www.24baires.com\/wp-content\/uploads\/2014\/08\/scioli-saludo.jpg?w=560 560w, https:\/\/i0.wp.com\/www.24baires.com\/wp-content\/uploads\/2014\/08\/scioli-saludo.jpg?resize=300%2C199 300w\" sizes=\"auto, (max-width: 560px) 100vw, 560px\" \/>El gobernador bonaerense asegur\u00f3 que \u00abdentro del justicialismo se ha recuperado una m\u00edstica\u00bb y que \u00abhay un sentimiento de que se puede volver a ganar\u00bb, y que esa esa es su \u00abresponsabilidad\u00bb.<!--more--><\/p>\n<p>\u00abEl peronismo es el eje del Frente para la Victoria y el Frente para la Victoria se nutre de todos los sectores. Nosotros tenemos que estar unidos para generar un sentimiento de confianza en la sociedad, que nos lleve a otro triunfo, que garantice avanzar en el sentido que lo estamos haciendo. Y yo, humildemente, creo que esa es mi responsabilidad dentro de este proyecto: poner lo mejor de m\u00ed para no solamente explicar de d\u00f3nde venimos, sino hacia d\u00f3nde vamos\u201d, afirm\u00f3 el gobernador de la provincia de Buenos Aires, Daniel Scioli.<\/p>\n<p>Y agreg\u00f3: El justicialismo ha recuperado una m\u00edstica, se viene movilizando en distintos lugares del pa\u00eds porque hay un sentimiento de que se puede volver a ganar. Y yo tengo esa responsabilidad\u201d.<\/p>\n<p>Al ser consultado acerca de si es el mejor candidato para asumir esa responsabilidad, asegur\u00f3 que \u00e9l lo expresa as\u00ed porque siempre ha sido una caracter\u00edstica suya \u201ctomar lo bueno y agregarle un sello propio\u201d. \u201cSiempre dentro del espacio pol\u00edtico, como demostr\u00e9 en los momentos dif\u00edciles en los que se pone a prueba la convicci\u00f3n y el temple de un dirigente. Y en especial con la satisfacci\u00f3n de hacerlo desde una provincia como Buenos Aires, con su complejidad\u00bb, asever\u00f3.<\/p>\n<p>Sobre la Presidenta. Scioli asegur\u00f3 que Cristina Fern\u00e1ndez de Kirchner \u201csac\u00f3 a los argentinos del infierno\u201d, y luego \u201csigui\u00f3 transformando el pa\u00eds\u201d.<\/p>\n<p>\u201cNuevas conquistas, nuevos derechos, YPF, Asignaci\u00f3n Universal por Hijo, desendeudamiento, reindustrializaci\u00f3n. Yo veo que el proyecto de pa\u00eds hacia el futuro tiene grandes objetivos. Seguir la reindustrializaci\u00f3n, buscar m\u00e1s competitividad, potenciar la industria alimentaria, la energ\u00eda, la miner\u00eda sustentable, generar m\u00e1s infraestructura. Esa es la agenda del desarrollo. Si recuperaste YPF, ahora hay que ir por la soberan\u00eda energ\u00e9tica; si levantaste las persianas de las f\u00e1bricas, ahora hay que integrar m\u00e1s las cadenas de valor\u00bb, a\u00f1adi\u00f3.<\/p>\n<p>Cr\u00edticas sobre su \u201cindefinici\u00f3n\u201d. En cuanto a las cr\u00edticas que recibe de parte del oficialismo, opin\u00f3 que \u201ces una discusi\u00f3n de formas m\u00e1s que de objetivos\u201d. \u00abComo ocurre en todo partido pol\u00edtico, puede haber sectores que difieren en la forma en la que se deben defender los logros y seguir avanzando con las transformaciones. Pero que yo est\u00e9 ac\u00e1 no es casualidad: es la decisi\u00f3n que tom\u00f3 N\u00e9stor Kirchner en su momento, y la decisi\u00f3n de Cristina de apoyarme. Y ahora yo siento esa responsabilidad de volver a llevar al triunfo el Frente para la Victoria\u00bb, expres\u00f3.<\/p>\n<p>En esa l\u00ednea, destac\u00f3 que es el dirigente que m\u00e1s definiciones ha tenido en los \u00faltimos a\u00f1os. \u00abNo creo que me falten definiciones\u201d.<\/p>\n<p>\u201cSoy el dirigente que m\u00e1s definiciones pol\u00edticas contundentes ha tenido en los \u00faltimos a\u00f1os. Mir\u00e1 en el a\u00f1o 2003 qu\u00e9 definici\u00f3n pol\u00edtica tom\u00e9 cuando me sum\u00e9 a la f\u00f3rmula con Kirchner para enfrentar a Menem. Cuando fue lo del campo, qu\u00e9 definici\u00f3n tom\u00e9. Es ah\u00ed donde se pone a prueba la coherencia y la capacidad de gesti\u00f3n. A m\u00ed me parece que son otros los espacios pol\u00edticos donde faltan definiciones. Donde hablan de cambiar todo. Donde son capaces de aliarse con cualquiera con tal de que no gane otro\u00bb, finaliz\u00f3.<\/p>\n<p>&nbsp;<\/p>\n<p>&nbsp;<\/p>\n<p>&nbsp;<\/p>\n<p>&nbsp;<\/p>\n<p>&nbsp;<\/p>\n<p>&nbsp;<\/p>\n<p>&nbsp;<\/p>\n<p>&nbsp;<\/p>\n<p>&nbsp;<\/p>\n<p>&nbsp;<\/p>\n<p>&nbsp;<\/p>\n<p>&nbsp;<\/p>\n<p>&nbsp;<\/p>\n<p>&nbsp;<\/p>\n<p>&nbsp;<\/p>\n<p>&nbsp;<\/p>\n","protected":false},"excerpt":{"rendered":"<p>El gobernador bonaerense asegur\u00f3 que \u00abdentro del justicialismo se ha recuperado una m\u00edstica\u00bb y que \u00abhay un sentimiento de que se puede volver a ganar\u00bb, y que esa esa es su \u00abresponsabilidad\u00bb.<\/p>\n","protected":false},"author":8,"featured_media":0,"comment_status":"open","ping_status":"open","sticky":false,"template":"","format":"standard","meta":{"_jetpack_newsletter_access":"","_jetpack_dont_email_post_to_subs":false,"_jetpack_newsletter_tier_id":0,"_jetpack_memberships_contains_paywalled_content":false,"_jetpack_memberships_contains_paid_content":false,"footnotes":""},"categories":[51],"tags":[],"class_list":["post-58952","post","type-post","status-publish","format-standard","hentry","category-politica"],"jetpack_shortlink":"https:\/\/wp.me\/p2JWE0-fkQ","jetpack-related-posts":[{"id":65591,"url":"http:\/\/www.24baires.com\/?p=65591","url_meta":{"origin":58952,"position":0},"title":"\u00abVeo un peronismo con una m\u00edstica de triunfo\u00bb","author":"GB","date":"08\/05\/2015","format":false,"excerpt":"El gobernador bonaerense lo afirm\u00f3 al llegar al Congreso Nacional del PJ. Tambi\u00e9n se pronunciaron all\u00ed el jefe de gabinete, An\u00edbal Fern\u00e1ndez, y el candidato a Jefe de Gobierno porte\u00f1o por el FpV Mariano Recalde. Scioli consider\u00f3 que en el FpV \u201chay muy buenos jinetes\u201d para darle continuidad, m\u00e1s all\u00e1\u2026","rel":"","context":"En \u00abPol\u00edtica\u00bb","block_context":{"text":"Pol\u00edtica","link":"http:\/\/www.24baires.com\/?cat=51"},"img":{"alt_text":"scioli congreso","src":"https:\/\/i0.wp.com\/www.24baires.com\/wp-content\/uploads\/2015\/03\/scioli-congreso.png?resize=350%2C200","width":350,"height":200,"srcset":"https:\/\/i0.wp.com\/www.24baires.com\/wp-content\/uploads\/2015\/03\/scioli-congreso.png?resize=350%2C200 1x, https:\/\/i0.wp.com\/www.24baires.com\/wp-content\/uploads\/2015\/03\/scioli-congreso.png?resize=525%2C300 1.5x"},"classes":[]},{"id":121799,"url":"http:\/\/www.24baires.com\/?p=121799","url_meta":{"origin":58952,"position":1},"title":"Cristina obtuvo la presidencia del PJ","author":"GB","date":"06\/11\/2024","format":false,"excerpt":"La Junta Electoral del PJ proclam\u00f3 la lista \"Primero la Patria\", liderada por Cristina Kirchner, con 13 votos a favor y uno en disidencia. La Junta Electoral del Partido Justicialista oficializ\u00f3 la lista \u201cPrimero la Patria\u201d, encabezada por la ex presidenta y actual vicepresidenta, Cristina Kirchner. En una resoluci\u00f3n tomada\u2026","rel":"","context":"En \u00abPol\u00edtica\u00bb","block_context":{"text":"Pol\u00edtica","link":"http:\/\/www.24baires.com\/?cat=51"},"img":{"alt_text":"","src":"https:\/\/i0.wp.com\/www.24baires.com\/wp-content\/uploads\/2024\/11\/cristina-pj.webp?resize=350%2C200","width":350,"height":200,"srcset":"https:\/\/i0.wp.com\/www.24baires.com\/wp-content\/uploads\/2024\/11\/cristina-pj.webp?resize=350%2C200 1x, https:\/\/i0.wp.com\/www.24baires.com\/wp-content\/uploads\/2024\/11\/cristina-pj.webp?resize=525%2C300 1.5x, https:\/\/i0.wp.com\/www.24baires.com\/wp-content\/uploads\/2024\/11\/cristina-pj.webp?resize=700%2C400 2x"},"classes":[]},{"id":104851,"url":"http:\/\/www.24baires.com\/?p=104851","url_meta":{"origin":58952,"position":2},"title":"Convocan a una sesi\u00f3n especial para derogar la compensaci\u00f3n al gas","author":"AF","date":"09\/10\/2018","format":false,"excerpt":"Diputados de distintos bloques de la oposici\u00f3n convocaron a la sesi\u00f3n especial para el pr\u00f3ximo jueves 18 a las 11.30. La oposici\u00f3n en la C\u00e1mara de Diputados present\u00f3 este martes un pedido de sesi\u00f3n especial para el jueves 18 de octubre con una bater\u00eda de iniciativas que incluye varios proyectos\u2026","rel":"","context":"En \u00abSociedad\u00bb","block_context":{"text":"Sociedad","link":"http:\/\/www.24baires.com\/?cat=1"},"img":{"alt_text":"","src":"https:\/\/i0.wp.com\/www.24baires.com\/wp-content\/uploads\/2018\/10\/dipiutades.jpg?resize=350%2C200","width":350,"height":200,"srcset":"https:\/\/i0.wp.com\/www.24baires.com\/wp-content\/uploads\/2018\/10\/dipiutades.jpg?resize=350%2C200 1x, https:\/\/i0.wp.com\/www.24baires.com\/wp-content\/uploads\/2018\/10\/dipiutades.jpg?resize=525%2C300 1.5x"},"classes":[]},{"id":104450,"url":"http:\/\/www.24baires.com\/?p=104450","url_meta":{"origin":58952,"position":3},"title":"Cambiemos no dio qu\u00f3rum y no pudo tratarse en Diputados la crisis educativa","author":"AF","date":"13\/09\/2018","format":false,"excerpt":"La convocatoria de la sesi\u00f3n hab\u00eda sido motorizada por el bloque del Frente para la Victoria-PJ, pero el pedido reun\u00eda tambi\u00e9n las firmas de integrantes del interbloque Argentina Federal, del Frente Renovador, del Movimiento Evita, del Frente de Izquierda y de Unidad Justicialista de San Luis. Sin la presencia de\u2026","rel":"","context":"En \u00abPol\u00edtica\u00bb","block_context":{"text":"Pol\u00edtica","link":"http:\/\/www.24baires.com\/?cat=51"},"img":{"alt_text":"","src":"https:\/\/i0.wp.com\/www.24baires.com\/wp-content\/uploads\/2018\/06\/diputados.jpg?resize=350%2C200","width":350,"height":200,"srcset":"https:\/\/i0.wp.com\/www.24baires.com\/wp-content\/uploads\/2018\/06\/diputados.jpg?resize=350%2C200 1x, https:\/\/i0.wp.com\/www.24baires.com\/wp-content\/uploads\/2018\/06\/diputados.jpg?resize=525%2C300 1.5x"},"classes":[]},{"id":33586,"url":"http:\/\/www.24baires.com\/?p=33586","url_meta":{"origin":58952,"position":4},"title":"Seg\u00fan Espinoza, \u00abMassa es la expresi\u00f3n de la derecha\u00bb","author":"AF","date":"15\/10\/2013","format":false,"excerpt":"El intendente de La Matanza afirm\u00f3 que el candidato a diputado y l\u00edder del Frente Renovador \"claramente se fue del peronismo, arm\u00f3 otro partido, se hizo socio de Mauricio Macri y armaron un frente de derecha en la provincia de Buenos Aires\". El intendente de La Matanza, el kirchnerista Fernando\u2026","rel":"","context":"En \u00abPol\u00edtica\u00bb","block_context":{"text":"Pol\u00edtica","link":"http:\/\/www.24baires.com\/?cat=51"},"img":{"alt_text":"","src":"","width":0,"height":0},"classes":[]},{"id":111743,"url":"http:\/\/www.24baires.com\/?p=111743","url_meta":{"origin":58952,"position":5},"title":"Kicillof pidi\u00f3 a intendentes \u00abatenci\u00f3n\u00bb a lo social","author":"GB","date":"22\/08\/2019","format":false,"excerpt":"El candidato a gobernador bonaerense del Frente de Todos, Axel Kicillof, les pidi\u00f3 a los intendentes y postulantes locales de ese espacio que no se queden \"quietos\" y los conmin\u00f3 a estar \"atentos\" a la situaci\u00f3n social de sus distritos. Kicillof se reuni\u00f3 hoy con los 135 intendentes y candidatos\u2026","rel":"","context":"En \u00abProvincia\u00bb","block_context":{"text":"Provincia","link":"http:\/\/www.24baires.com\/?cat=40"},"img":{"alt_text":"","src":"https:\/\/i0.wp.com\/www.24baires.com\/wp-content\/uploads\/2019\/08\/kicillof-1-300x200.jpg?resize=350%2C200","width":350,"height":200},"classes":[]}],"jetpack_sharing_enabled":true,"jetpack_likes_enabled":true,"jetpack_featured_media_url":"","_links":{"self":[{"href":"http:\/\/www.24baires.com\/index.php?rest_route=\/wp\/v2\/posts\/58952","targetHints":{"allow":["GET"]}}],"collection":[{"href":"http:\/\/www.24baires.com\/index.php?rest_route=\/wp\/v2\/posts"}],"about":[{"href":"http:\/\/www.24baires.com\/index.php?rest_route=\/wp\/v2\/types\/post"}],"author":[{"embeddable":true,"href":"http:\/\/www.24baires.com\/index.php?rest_route=\/wp\/v2\/users\/8"}],"replies":[{"embeddable":true,"href":"http:\/\/www.24baires.com\/index.php?rest_route=%2Fwp%2Fv2%2Fcomments&post=58952"}],"version-history":[{"count":1,"href":"http:\/\/www.24baires.com\/index.php?rest_route=\/wp\/v2\/posts\/58952\/revisions"}],"predecessor-version":[{"id":58953,"href":"http:\/\/www.24baires.com\/index.php?rest_route=\/wp\/v2\/posts\/58952\/revisions\/58953"}],"wp:attachment":[{"href":"http:\/\/www.24baires.com\/index.php?rest_route=%2Fwp%2Fv2%2Fmedia&parent=58952"}],"wp:term":[{"taxonomy":"category","embeddable":true,"href":"http:\/\/www.24baires.com\/index.php?rest_route=%2Fwp%2Fv2%2Fcategories&post=58952"},{"taxonomy":"post_tag","embeddable":true,"href":"http:\/\/www.24baires.com\/index.php?rest_route=%2Fwp%2Fv2%2Ftags&post=58952"}],"curies":[{"name":"wp","href":"https:\/\/api.w.org\/{rel}","templated":true}]}}