{"id":58946,"date":"2014-12-20T21:00:35","date_gmt":"2014-12-21T00:00:35","guid":{"rendered":"http:\/\/www.24baires.com\/?p=58946"},"modified":"2014-12-21T10:32:16","modified_gmt":"2014-12-21T13:32:16","slug":"scioli-hay-que-seguir-en-la-reindustrializacion-que-lleva-adelante-la-presidenta","status":"publish","type":"post","link":"http:\/\/www.24baires.com\/?p=58946","title":{"rendered":"Scioli: \u00abhay que seguir en la reindustrializaci\u00f3n que lleva adelante la Presidenta\u00bb"},"content":{"rendered":"<p><img data-recalc-dims=\"1\" loading=\"lazy\" decoding=\"async\" class=\"aligncenter size-full wp-image-42873\" src=\"https:\/\/i0.wp.com\/www.24baires.com\/wp-content\/uploads\/2014\/03\/Cristina-y-Scioli.jpg?resize=560%2C373\" alt=\"Cristina y Scioli\" width=\"560\" height=\"373\" srcset=\"https:\/\/i0.wp.com\/www.24baires.com\/wp-content\/uploads\/2014\/03\/Cristina-y-Scioli.jpg?w=560 560w, https:\/\/i0.wp.com\/www.24baires.com\/wp-content\/uploads\/2014\/03\/Cristina-y-Scioli.jpg?resize=300%2C199 300w\" sizes=\"auto, (max-width: 560px) 100vw, 560px\" \/>El gobernador bonaerense, Daniel Scioli, remarc\u00f3 la necesidad de seguir en \u00abla reindustrializaci\u00f3n del pa\u00eds que lleva adelante la compa\u00f1era Cristina Fern\u00e1ndez de Kirchner, para que nuestras provincias se abran cada vez m\u00e1s persianas y haya cada vez m\u00e1s trabajo\u00bb.<!--more--><\/p>\n<p>Scioli lo expres\u00f3 tras un recorrido que realiz\u00f3 hoy a la ciudad de Trelew en Chubut, junto a su par local, Mart\u00edn Buzzi, donde comparti\u00f3 con el mandatario chubutense un saludo de fin de a\u00f1o, la entrega de cr\u00e9ditos, apoyos financieros y reconocimientos a deportistas locales en el club Independiente, se inform\u00f3 oficialmente.<\/p>\n<p>\u201cEs muy importante desde el Estado y desde la banca p\u00fablica tener esas acciones que lleven a que el cr\u00e9dito est\u00e9 al servicio de los sectores populares, de las peque\u00f1as y medianas empresas, para darles m\u00e1s posibilidad de producir y seguir avanzando en la reindustrializaci\u00f3n de nuestro pa\u00eds\u201d, ponder\u00f3 Scioli.<\/p>\n<p>El gobernador bonaerense desarroll\u00f3 una agenda de trabajo en esa provincia que incluy\u00f3 el otorgamiento de cr\u00e9ditos de honor del Instituto Provincial de la Vivienda y Desarrollo urbano de Chubut, apoyos financieros por parte del Ministerio de la Familia y promoci\u00f3n social, veh\u00edculos a cooperativas y reconocimientos a deportistas locales.<\/p>\n<p>En declaraciones a la prensa, Scioli pidi\u00f3 adem\u00e1s a los gobernadores del Frente para la Victoria seguir trabajando en \u00abconjunto\u00bb y \u00abcoherencia\u00bb a fin de triunfar en las elecciones del a\u00f1o pr\u00f3ximo.<\/p>\n<p>\u00abCon la coherencia que venimos trabajando el conjunto de los gobernadores peronistas unidos en el Frente para la Victoria que se nutre de esta diversidad que nos hace m\u00e1s grandes, fuertes y nos da la posibilidad de organizarnos frente a la pr\u00f3ximas contiendas electorales por el triunfo de la Argentina\u00bb, destac\u00f3 Scioli.<\/p>\n","protected":false},"excerpt":{"rendered":"<p>El gobernador bonaerense, Daniel Scioli, remarc\u00f3 la necesidad de seguir en \u00abla reindustrializaci\u00f3n del pa\u00eds que lleva adelante la compa\u00f1era Cristina Fern\u00e1ndez de Kirchner, para que nuestras provincias se abran cada vez m\u00e1s persianas y haya cada vez m\u00e1s trabajo\u00bb.<\/p>\n","protected":false},"author":4,"featured_media":0,"comment_status":"open","ping_status":"open","sticky":false,"template":"","format":"standard","meta":{"_jetpack_newsletter_access":"","_jetpack_dont_email_post_to_subs":false,"_jetpack_newsletter_tier_id":0,"_jetpack_memberships_contains_paywalled_content":false,"_jetpack_memberships_contains_paid_content":false,"footnotes":""},"categories":[51],"tags":[],"class_list":["post-58946","post","type-post","status-publish","format-standard","hentry","category-politica"],"jetpack_shortlink":"https:\/\/wp.me\/p2JWE0-fkK","jetpack-related-posts":[{"id":58782,"url":"http:\/\/www.24baires.com\/?p=58782","url_meta":{"origin":58946,"position":0},"title":"Scioli inaugur\u00f3 el Parque industrial n\u00famero 100 en la Provincia","author":"GB","date":"17\/12\/2014","format":false,"excerpt":"MORENO-El gobernador Daniel Scioli inaugur\u00f3 hoy en Moreno el Parque Industrial n\u00famero 100 de la Provincia, y el primero con \"perfil ecoeficiente\", que apunta al cuidado ambiental, tras asegurar que \"lo mejor est\u00e1 por venir para Moreno, la Provincia y la Argentina si perseveramos en este camino de logros, conquistas\u2026","rel":"","context":"En \u00abProvincia\u00bb","block_context":{"text":"Provincia","link":"http:\/\/www.24baires.com\/?cat=40"},"img":{"alt_text":"","src":"https:\/\/i0.wp.com\/www.24baires.com\/wp-content\/uploads\/2014\/12\/parque-industrial-moreno.jpg?resize=350%2C200","width":350,"height":200,"srcset":"https:\/\/i0.wp.com\/www.24baires.com\/wp-content\/uploads\/2014\/12\/parque-industrial-moreno.jpg?resize=350%2C200 1x, https:\/\/i0.wp.com\/www.24baires.com\/wp-content\/uploads\/2014\/12\/parque-industrial-moreno.jpg?resize=525%2C300 1.5x"},"classes":[]},{"id":108387,"url":"http:\/\/www.24baires.com\/?p=108387","url_meta":{"origin":58946,"position":1},"title":"Scioli ratific\u00f3 su candidatura presidencial","author":"GB","date":"25\/05\/2019","format":false,"excerpt":"El exgobernador de la Provincia de Buenos Aires particip\u00f3 del Congreso Educativo de Ajedrez que se realiz\u00f3 en la ciudad balnearia y manifest\u00f3 sus deseos de ser el primer mandatario del pa\u00eds despu\u00e9s del 10 de diciembre, sin embargo aclar\u00f3: \u201cVer\u00e9 como peronista en qu\u00e9 lugar puedo hacer mi mayor\u2026","rel":"","context":"En \u00abPol\u00edtica\u00bb","block_context":{"text":"Pol\u00edtica","link":"http:\/\/www.24baires.com\/?cat=51"},"img":{"alt_text":"","src":"https:\/\/i0.wp.com\/www.24baires.com\/wp-content\/uploads\/2019\/05\/scioli-mar-del.jpg?resize=350%2C200","width":350,"height":200,"srcset":"https:\/\/i0.wp.com\/www.24baires.com\/wp-content\/uploads\/2019\/05\/scioli-mar-del.jpg?resize=350%2C200 1x, https:\/\/i0.wp.com\/www.24baires.com\/wp-content\/uploads\/2019\/05\/scioli-mar-del.jpg?resize=525%2C300 1.5x"},"classes":[]},{"id":101122,"url":"http:\/\/www.24baires.com\/?p=101122","url_meta":{"origin":58946,"position":2},"title":"Indagar\u00e1n a Scioli por irregularidades en la construcci\u00f3n de las UPA 24","author":"AF","date":"17\/03\/2018","format":false,"excerpt":"El ex gobernador Daniel Scioli y quien fuera su ministro de Salud, Alejandro Collia, fueron imputados y citados a prestar declaraci\u00f3n indagatoria en el marco de una causa que investiga presuntas irregularidades en la adjudicaci\u00f3n de ocho Unidades de Pronta Atenci\u00f3n (UPA 24) para las que se destinaron m\u00e1s de\u2026","rel":"","context":"En \u00abJUDICIALES\u00bb","block_context":{"text":"JUDICIALES","link":"http:\/\/www.24baires.com\/?cat=68"},"img":{"alt_text":"","src":"https:\/\/i0.wp.com\/www.24baires.com\/wp-content\/uploads\/2014\/05\/Daniel-Scioli.jpg?resize=350%2C200","width":350,"height":200,"srcset":"https:\/\/i0.wp.com\/www.24baires.com\/wp-content\/uploads\/2014\/05\/Daniel-Scioli.jpg?resize=350%2C200 1x, https:\/\/i0.wp.com\/www.24baires.com\/wp-content\/uploads\/2014\/05\/Daniel-Scioli.jpg?resize=525%2C300 1.5x"},"classes":[]},{"id":120226,"url":"http:\/\/www.24baires.com\/?p=120226","url_meta":{"origin":58946,"position":3},"title":"Cristina recibi\u00f3 a Scioli: \u201cA seguir trabajando, que es lo que hay que hacer\u201d","author":"AF","date":"28\/06\/2023","format":false,"excerpt":"\"Hablamos mucho, con sinceridad y con el respeto de siempre. Me transmiti\u00f3 que su vocaci\u00f3n es ayudar y colaborar como un compa\u00f1ero m\u00e1s\", asegur\u00f3 a trav\u00e9s de las redes sociales la Vicepresidenta sobre el encuentro. La Vicepresidenta Cristina Fern\u00e1ndez de Kirchner public\u00f3 en redes sociales una foto con el embajador\u2026","rel":"","context":"En \u00abPol\u00edtica\u00bb","block_context":{"text":"Pol\u00edtica","link":"http:\/\/www.24baires.com\/?cat=51"},"img":{"alt_text":"","src":"https:\/\/i0.wp.com\/www.24baires.com\/wp-content\/uploads\/2023\/06\/WhatsApp-Image-2023-06-28-at-23.30.42.jpeg?resize=350%2C200","width":350,"height":200,"srcset":"https:\/\/i0.wp.com\/www.24baires.com\/wp-content\/uploads\/2023\/06\/WhatsApp-Image-2023-06-28-at-23.30.42.jpeg?resize=350%2C200 1x, https:\/\/i0.wp.com\/www.24baires.com\/wp-content\/uploads\/2023\/06\/WhatsApp-Image-2023-06-28-at-23.30.42.jpeg?resize=525%2C300 1.5x, https:\/\/i0.wp.com\/www.24baires.com\/wp-content\/uploads\/2023\/06\/WhatsApp-Image-2023-06-28-at-23.30.42.jpeg?resize=700%2C400 2x"},"classes":[]},{"id":36775,"url":"http:\/\/www.24baires.com\/?p=36775","url_meta":{"origin":58946,"position":4},"title":"Puerto de La Plata: seg\u00fan Scioli, \u00abla obra m\u00e1s importante en los \u00faltimos 50 a\u00f1os\u00bb","author":"Grupo Sierra","date":"13\/12\/2013","format":false,"excerpt":"El gobernador Daniel Scioli destac\u00f3 el \u201cimpacto social, econ\u00f3mico y productivo\u201d que tendr\u00e1 el Puerto de La Plata, al participar en Berisso de la celebraci\u00f3n anual del \u201cD\u00eda de la Construcci\u00f3n\u201d en el muelle de TEC Plata. Scioli convoc\u00f3 a empresarios a \u0093contribuir al progreso de la Naci\u00f3n\u0094 El gobernador\u2026","rel":"","context":"En \u00abLocales\u00bb","block_context":{"text":"Locales","link":"http:\/\/www.24baires.com\/?cat=38"},"img":{"alt_text":"scioli prensa","src":"https:\/\/i0.wp.com\/www.24baires.com\/wp-content\/uploads\/2013\/11\/scioli-prensa.jpg?resize=350%2C200","width":350,"height":200,"srcset":"https:\/\/i0.wp.com\/www.24baires.com\/wp-content\/uploads\/2013\/11\/scioli-prensa.jpg?resize=350%2C200 1x, https:\/\/i0.wp.com\/www.24baires.com\/wp-content\/uploads\/2013\/11\/scioli-prensa.jpg?resize=525%2C300 1.5x"},"classes":[]},{"id":31699,"url":"http:\/\/www.24baires.com\/?p=31699","url_meta":{"origin":58946,"position":5},"title":"\u00abUna pol\u00edtica de ajuste ser\u00eda el colapso de la sociedad\u00bb asegur\u00f3 Cristina","author":"GB","date":"11\/09\/2013","format":false,"excerpt":"La presidenta Cristina Fern\u00e1ndez de Kirchner afirm\u00f3 esta noche que \u201cel modelo\u201d que el kirchnerismo eligi\u00f3 para crecer \u201cfue exitoso, tanto cuando el mundo crec\u00eda, como cuando decrec\u00eda\u201d. La presidenta Cristina Fern\u00e1ndez de Kirchner afirm\u00f3 esta noche que \"la reindustrializaci\u00f3n de la Argentina a partir de 2003 fue una decisi\u00f3n\u2026","rel":"","context":"En \u00abPol\u00edtica\u00bb","block_context":{"text":"Pol\u00edtica","link":"http:\/\/www.24baires.com\/?cat=51"},"img":{"alt_text":"","src":"https:\/\/i0.wp.com\/www.24baires.com\/wp-content\/uploads\/2013\/09\/Cristina-tecnopolis.jpg?resize=350%2C200","width":350,"height":200},"classes":[]}],"jetpack_sharing_enabled":true,"jetpack_likes_enabled":true,"jetpack_featured_media_url":"","_links":{"self":[{"href":"http:\/\/www.24baires.com\/index.php?rest_route=\/wp\/v2\/posts\/58946","targetHints":{"allow":["GET"]}}],"collection":[{"href":"http:\/\/www.24baires.com\/index.php?rest_route=\/wp\/v2\/posts"}],"about":[{"href":"http:\/\/www.24baires.com\/index.php?rest_route=\/wp\/v2\/types\/post"}],"author":[{"embeddable":true,"href":"http:\/\/www.24baires.com\/index.php?rest_route=\/wp\/v2\/users\/4"}],"replies":[{"embeddable":true,"href":"http:\/\/www.24baires.com\/index.php?rest_route=%2Fwp%2Fv2%2Fcomments&post=58946"}],"version-history":[{"count":1,"href":"http:\/\/www.24baires.com\/index.php?rest_route=\/wp\/v2\/posts\/58946\/revisions"}],"predecessor-version":[{"id":58947,"href":"http:\/\/www.24baires.com\/index.php?rest_route=\/wp\/v2\/posts\/58946\/revisions\/58947"}],"wp:attachment":[{"href":"http:\/\/www.24baires.com\/index.php?rest_route=%2Fwp%2Fv2%2Fmedia&parent=58946"}],"wp:term":[{"taxonomy":"category","embeddable":true,"href":"http:\/\/www.24baires.com\/index.php?rest_route=%2Fwp%2Fv2%2Fcategories&post=58946"},{"taxonomy":"post_tag","embeddable":true,"href":"http:\/\/www.24baires.com\/index.php?rest_route=%2Fwp%2Fv2%2Ftags&post=58946"}],"curies":[{"name":"wp","href":"https:\/\/api.w.org\/{rel}","templated":true}]}}