{"id":58872,"date":"2014-12-19T11:30:18","date_gmt":"2014-12-19T14:30:18","guid":{"rendered":"http:\/\/www.24baires.com\/?p=58872"},"modified":"2014-12-19T11:22:53","modified_gmt":"2014-12-19T14:22:53","slug":"gremios-estatales-bonaerenses-le-dijeron-no-a-la-propuesta-salarial","status":"publish","type":"post","link":"http:\/\/www.24baires.com\/?p=58872","title":{"rendered":"Gremios estatales bonaerenses le dijeron &#8216;NO&#8217; a la propuesta salarial"},"content":{"rendered":"<p><img data-recalc-dims=\"1\" loading=\"lazy\" decoding=\"async\" class=\"aligncenter size-full wp-image-58833\" src=\"https:\/\/i0.wp.com\/www.24baires.com\/wp-content\/uploads\/2014\/12\/huelga-estatales.jpg?resize=560%2C336\" alt=\"huelga estatales\" width=\"560\" height=\"336\" srcset=\"https:\/\/i0.wp.com\/www.24baires.com\/wp-content\/uploads\/2014\/12\/huelga-estatales.jpg?w=560 560w, https:\/\/i0.wp.com\/www.24baires.com\/wp-content\/uploads\/2014\/12\/huelga-estatales.jpg?resize=300%2C180 300w\" sizes=\"auto, (max-width: 560px) 100vw, 560px\" \/>El Gobierno ofert\u00f3 un aumento \u201ca cuenta\u201d a los empleados estatales, del orden del 7 por ciento, al tiempo que prometi\u00f3 acelerar las recategorizaciones congeladas desde 2007, pero la propuesta fue rechazada por los gremios.<!--more--><\/p>\n<p>El secretario general del gremio, Oscar de Isasi, manifest\u00f3 que \u201cel gobierno plante\u00f3 un aumento de alrededor del 7%, lo que oscila entre 500 y 590 pesos\u201d a cuenta de la negociaci\u00f3n del pr\u00f3ximo a\u00f1o, e indic\u00f3 que \u201ces muy dif\u00edcil hacer un an\u00e1lisis sobre esta propuesta\u201d cuando \u201cnosotros hablamos de un bono de fin de a\u00f1o de 4 mil pesos, un auxiliar de la educaci\u00f3n cobra 5.200 pesos y la canasta b\u00e1sica es de 12 mil\u201d.<\/p>\n<p>El dirigente subray\u00f3 en di\u00e1logo radial que \u201ces una propuesta insuficiente\u201d por lo que \u201cdeber\u00eda haber otra r\u00e1pidamente, porque quien garantiza la conflictividad es el gobierno de la provincia con esta propuesta que ni merece ser atendida\u201d.<\/p>\n<p>De Isasi dijo que la oferta \u201cfue planteada como un adelanto sin que se haya definido de cu\u00e1nto ser\u00e1 el aumento anual. Es la primera cuota de un sueldo a discutir en marzo\u201d, describi\u00f3 y reiter\u00f3 que \u201cest\u00e1 muy lejos de lo que estamos pidiendo\u201d.<\/p>\n<p>En tanto, reclam\u00f3 por una recategorizaci\u00f3n para todos los empleados p\u00fablicos por cuanto \u201cdesde el 2007 no la hubo en la provincia de Buenos Aires\u201d y enfatiz\u00f3 que \u201cvamos por el pase a planta de los trabajadores\u201d.<\/p>\n<p>Los gremios de ATE, los m\u00e9dicos de la CICOP y docentes de Suteba disidente efectuaron ayer un paro en reclamo de un bono de fin de a\u00f1o, en el marco del paro nacional de la CTA Aut\u00f3noma que conduce Pablo Micheli y que culmin\u00f3 con una movilizaci\u00f3n a Plaza de Mayo.<\/p>\n<p>&nbsp;<\/p>\n<p>&nbsp;<\/p>\n<p>&nbsp;<\/p>\n<p>&nbsp;<\/p>\n<p>&nbsp;<\/p>\n<p>&nbsp;<\/p>\n<p>&nbsp;<\/p>\n<p>&nbsp;<\/p>\n<p>&nbsp;<\/p>\n<p>&nbsp;<\/p>\n<p>&nbsp;<\/p>\n<p>&nbsp;<\/p>\n<p>&nbsp;<\/p>\n<p>&nbsp;<\/p>\n<p>&nbsp;<\/p>\n<p>&nbsp;<\/p>\n","protected":false},"excerpt":{"rendered":"<p>El Gobierno ofert\u00f3 un aumento \u201ca cuenta\u201d a los empleados estatales, del orden del 7 por ciento, al tiempo que prometi\u00f3 acelerar las recategorizaciones congeladas desde 2007, pero la propuesta fue rechazada por los gremios.<\/p>\n","protected":false},"author":8,"featured_media":0,"comment_status":"open","ping_status":"open","sticky":false,"template":"","format":"standard","meta":{"_jetpack_newsletter_access":"","_jetpack_dont_email_post_to_subs":false,"_jetpack_newsletter_tier_id":0,"_jetpack_memberships_contains_paywalled_content":false,"_jetpack_memberships_contains_paid_content":false,"footnotes":""},"categories":[51],"tags":[],"class_list":["post-58872","post","type-post","status-publish","format-standard","hentry","category-politica"],"jetpack_shortlink":"https:\/\/wp.me\/p2JWE0-fjy","jetpack-related-posts":[{"id":114149,"url":"http:\/\/www.24baires.com\/?p=114149","url_meta":{"origin":58872,"position":0},"title":"Estatales rechazaron otra vez la oferta salarial de Kicillof y contin\u00faa la negociaci\u00f3n","author":"GB","date":"18\/02\/2020","format":false,"excerpt":"El Gobierno bonaerense mantuvo la segunda propuesta que realiz\u00f3 pero los sindicatos la consideraron insuficiente y pasaron a un cuarto intermedio. El lunes comenz\u00f3 un nuevo cap\u00edtulo de la paritaria entre el gobierno de Axel Kicillof y los estatales bonaerenses pero hasta el momento no hay acuerdo entre las partes.\u2026","rel":"","context":"En \u00abProvincia\u00bb","block_context":{"text":"Provincia","link":"http:\/\/www.24baires.com\/?cat=40"},"img":{"alt_text":"","src":"https:\/\/i0.wp.com\/www.24baires.com\/wp-content\/uploads\/2020\/02\/ESTATALES.jpg?resize=350%2C200","width":350,"height":200,"srcset":"https:\/\/i0.wp.com\/www.24baires.com\/wp-content\/uploads\/2020\/02\/ESTATALES.jpg?resize=350%2C200 1x, https:\/\/i0.wp.com\/www.24baires.com\/wp-content\/uploads\/2020\/02\/ESTATALES.jpg?resize=525%2C300 1.5x"},"classes":[]},{"id":118321,"url":"http:\/\/www.24baires.com\/?p=118321","url_meta":{"origin":58872,"position":1},"title":"Provincia ofreci\u00f3 a estatales un aumento acumulado de casi el 54%","author":"AF","date":"10\/12\/2021","format":false,"excerpt":"Gobierno y gremios valoraron el di\u00e1logo construido durante todo el a\u00f1o 2021 y recibieron la propuesta dentro de un proceso de recomposici\u00f3n salarial. El gobierno bonaerense de Axel Kicillof ofreci\u00f3 a los gremios estatales un incremento salarial acumulado del 53,98% que ahora ser\u00e1 puesta a consideraci\u00f3n de las bases, inform\u00f3\u2026","rel":"","context":"En \u00abProvincia\u00bb","block_context":{"text":"Provincia","link":"http:\/\/www.24baires.com\/?cat=40"},"img":{"alt_text":"","src":"https:\/\/i0.wp.com\/www.24baires.com\/wp-content\/uploads\/2021\/12\/20211210_193216.jpg?resize=350%2C200","width":350,"height":200,"srcset":"https:\/\/i0.wp.com\/www.24baires.com\/wp-content\/uploads\/2021\/12\/20211210_193216.jpg?resize=350%2C200 1x, https:\/\/i0.wp.com\/www.24baires.com\/wp-content\/uploads\/2021\/12\/20211210_193216.jpg?resize=525%2C300 1.5x"},"classes":[]},{"id":102165,"url":"http:\/\/www.24baires.com\/?p=102165","url_meta":{"origin":58872,"position":2},"title":"La gobernadora anunci\u00f3 un aumento a docentes de 2% a cuenta y mil pesos por presentismo","author":"GB","date":"16\/05\/2018","format":false,"excerpt":"La mandataria de la provincia de Buenos Aires anticip\u00f3 que desde el mes pr\u00f3ximo se le depositar\u00e1 a los trabajadores de la educaci\u00f3n un incremento en el marco de que todav\u00eda no han logrado cerrar la paritaria. La gobernadora, Mar\u00eda Eugenia Vidal, anunci\u00f3 que el mes pr\u00f3ximo se les depositar\u00e1\u2026","rel":"","context":"En \u00abProvincia\u00bb","block_context":{"text":"Provincia","link":"http:\/\/www.24baires.com\/?cat=40"},"img":{"alt_text":"","src":"https:\/\/i0.wp.com\/www.24baires.com\/wp-content\/uploads\/2017\/05\/vidal-1.jpg?resize=350%2C200","width":350,"height":200,"srcset":"https:\/\/i0.wp.com\/www.24baires.com\/wp-content\/uploads\/2017\/05\/vidal-1.jpg?resize=350%2C200 1x, https:\/\/i0.wp.com\/www.24baires.com\/wp-content\/uploads\/2017\/05\/vidal-1.jpg?resize=525%2C300 1.5x"},"classes":[]},{"id":101585,"url":"http:\/\/www.24baires.com\/?p=101585","url_meta":{"origin":58872,"position":3},"title":"Provincia ya deposit\u00f3 el adelanto de 5% de aumento a los docentes","author":"GB","date":"13\/04\/2018","format":false,"excerpt":"El Gobierno bonaerense deposit\u00f3 hoy a los docentes de la provincia un aumento del 5% a cuenta del futuro acuerdo paritario, anunciado luego de que los gremios rechazaran la semana pasada la sexta oferta oficial y realizaran el tercer paro en lo que va de 2018. La medida fue resuelta\u2026","rel":"","context":"En \u00abProvincia\u00bb","block_context":{"text":"Provincia","link":"http:\/\/www.24baires.com\/?cat=40"},"img":{"alt_text":"","src":"https:\/\/i0.wp.com\/www.24baires.com\/wp-content\/uploads\/2018\/01\/Vidall.jpg?resize=350%2C200","width":350,"height":200,"srcset":"https:\/\/i0.wp.com\/www.24baires.com\/wp-content\/uploads\/2018\/01\/Vidall.jpg?resize=350%2C200 1x, https:\/\/i0.wp.com\/www.24baires.com\/wp-content\/uploads\/2018\/01\/Vidall.jpg?resize=525%2C300 1.5x"},"classes":[]},{"id":122282,"url":"http:\/\/www.24baires.com\/?p=122282","url_meta":{"origin":58872,"position":4},"title":"El gobierno provincial acord\u00f3 una suba del 10% con estatales","author":"GB","date":"15\/05\/2025","format":false,"excerpt":"La gesti\u00f3n bonaerense ofreci\u00f3 un aumento que se ver\u00e1 en dos partes, un 6% en mayo y 4% en julio. El gobierno de Axel Kicillof cerr\u00f3 este mi\u00e9rcoles un acuerdo salarial con los gremios estatales comprendidos en la Ley 10.430. Concretaron un aumento del 10% en dos cuotas, 6% en\u2026","rel":"","context":"En \u00abProvincia\u00bb","block_context":{"text":"Provincia","link":"http:\/\/www.24baires.com\/?cat=40"},"img":{"alt_text":"","src":"https:\/\/i0.wp.com\/www.24baires.com\/wp-content\/uploads\/2024\/03\/paritarias-estatales.webp?resize=350%2C200","width":350,"height":200,"srcset":"https:\/\/i0.wp.com\/www.24baires.com\/wp-content\/uploads\/2024\/03\/paritarias-estatales.webp?resize=350%2C200 1x, https:\/\/i0.wp.com\/www.24baires.com\/wp-content\/uploads\/2024\/03\/paritarias-estatales.webp?resize=525%2C300 1.5x, https:\/\/i0.wp.com\/www.24baires.com\/wp-content\/uploads\/2024\/03\/paritarias-estatales.webp?resize=700%2C400 2x"},"classes":[]},{"id":105615,"url":"http:\/\/www.24baires.com\/?p=105615","url_meta":{"origin":58872,"position":5},"title":"El Gobierno retoma desde este martes las paritarias con docentes y estatales","author":"GB","date":"27\/11\/2018","format":false,"excerpt":"El gobierno bonaerense retomar\u00e1 desde ma\u00f1ana las conversaciones paritarias con estatales y docentes, con quienes buscar\u00e1 cerrar la pauta salarial de este a\u00f1o y comenzar a conversar sobre 2019. El gobierno de Mar\u00eda Eugenia Vidal recibir\u00e1 desde ma\u00f1ana a las 18 hs. a los trabajadores estatales enmarcados en la ley\u2026","rel":"","context":"En \u00abProvincia\u00bb","block_context":{"text":"Provincia","link":"http:\/\/www.24baires.com\/?cat=40"},"img":{"alt_text":"","src":"https:\/\/i0.wp.com\/www.24baires.com\/wp-content\/uploads\/2018\/03\/ate-docentes-300x200.jpg?resize=350%2C200","width":350,"height":200},"classes":[]}],"jetpack_sharing_enabled":true,"jetpack_likes_enabled":true,"jetpack_featured_media_url":"","_links":{"self":[{"href":"http:\/\/www.24baires.com\/index.php?rest_route=\/wp\/v2\/posts\/58872","targetHints":{"allow":["GET"]}}],"collection":[{"href":"http:\/\/www.24baires.com\/index.php?rest_route=\/wp\/v2\/posts"}],"about":[{"href":"http:\/\/www.24baires.com\/index.php?rest_route=\/wp\/v2\/types\/post"}],"author":[{"embeddable":true,"href":"http:\/\/www.24baires.com\/index.php?rest_route=\/wp\/v2\/users\/8"}],"replies":[{"embeddable":true,"href":"http:\/\/www.24baires.com\/index.php?rest_route=%2Fwp%2Fv2%2Fcomments&post=58872"}],"version-history":[{"count":1,"href":"http:\/\/www.24baires.com\/index.php?rest_route=\/wp\/v2\/posts\/58872\/revisions"}],"predecessor-version":[{"id":58873,"href":"http:\/\/www.24baires.com\/index.php?rest_route=\/wp\/v2\/posts\/58872\/revisions\/58873"}],"wp:attachment":[{"href":"http:\/\/www.24baires.com\/index.php?rest_route=%2Fwp%2Fv2%2Fmedia&parent=58872"}],"wp:term":[{"taxonomy":"category","embeddable":true,"href":"http:\/\/www.24baires.com\/index.php?rest_route=%2Fwp%2Fv2%2Fcategories&post=58872"},{"taxonomy":"post_tag","embeddable":true,"href":"http:\/\/www.24baires.com\/index.php?rest_route=%2Fwp%2Fv2%2Ftags&post=58872"}],"curies":[{"name":"wp","href":"https:\/\/api.w.org\/{rel}","templated":true}]}}