{"id":58866,"date":"2014-12-19T10:00:35","date_gmt":"2014-12-19T13:00:35","guid":{"rendered":"http:\/\/www.24baires.com\/?p=58866"},"modified":"2014-12-19T18:35:47","modified_gmt":"2014-12-19T21:35:47","slug":"capitanich-a-esta-altura-el-conflicto-de-lear-no-es-laboral-sino-politico-e-ideologico","status":"publish","type":"post","link":"http:\/\/www.24baires.com\/?p=58866","title":{"rendered":"Capitanich: \u00abA esta altura el conflicto de Lear no es laboral sino pol\u00edtico e ideol\u00f3gico\u00bb"},"content":{"rendered":"<p><img data-recalc-dims=\"1\" loading=\"lazy\" decoding=\"async\" class=\"aligncenter size-full wp-image-53422\" src=\"https:\/\/i0.wp.com\/www.24baires.com\/wp-content\/uploads\/2014\/09\/capitanich1.jpg?resize=560%2C420\" alt=\"capitanich\" width=\"560\" height=\"420\" srcset=\"https:\/\/i0.wp.com\/www.24baires.com\/wp-content\/uploads\/2014\/09\/capitanich1.jpg?w=560 560w, https:\/\/i0.wp.com\/www.24baires.com\/wp-content\/uploads\/2014\/09\/capitanich1.jpg?resize=300%2C225 300w\" sizes=\"auto, (max-width: 560px) 100vw, 560px\" \/>El jefe de Gabinete, Jorge Capitanich, afirm\u00f3 que el corte que realiz\u00f3 un grupo de trabajadores de la automotriz \u201cperjudica al resto de los argentinos en lo vinculado a la producci\u00f3n y la generaci\u00f3n de empleo\u201d.<!--more--><\/p>\n<p>\u201cLa empresa ha propiciado una negociaci\u00f3n con los trabajadores que fueron despedidos, ha habido 20 trabajadores que aceptaron un acuerdo y recibieron su indemnizaci\u00f3n, pero otros no lo aceptaron y son los que est\u00e1n interfiriendo en la producci\u00f3n y la generaci\u00f3n de trabajo\u201d, dijo el jefe de ministros en su habitual conferencia brindada en Casa de Gobierno.<\/p>\n<p>Las declaraciones del funcionario se produjeron a pocos minutos del corte de la Panamericana ,en el kil\u00f3metro 31,500, medida que hace instantes fue levantada, pese a que el reclamo contin\u00faa.<\/p>\n<p>\u201cNo es un problema de producci\u00f3n de la empresa, adem\u00e1s Lear es s\u00f3lo una de las terminales que tiene el pa\u00eds. Lo que produce la planta satisface una parte de la demanda de la industria, con lo cual si no producen generan que uno tenga que comprar en otros pa\u00edses lo que se puede hacer ac\u00e1\u201d, dijo.<\/p>\n<p>Agreg\u00f3 adem\u00e1s que la actitud de este grupo de trabajadores \u201cdemora los planes de inversi\u00f3n, el abastecimiento de la demanda local y hace que haya que importar m\u00e1s bienes\u201d.<\/p>\n<p>\u201cEst\u00e1n perjudicando al resto de los argentinos por un tema ideol\u00f3gico\u00bb, sintetiz\u00f3 el funcionario, tras recordar que si bien el Gobierno \u201ccree en que el movimiento pol\u00edtico y social puede manifestarse, tambi\u00e9n debe haber respeto y cada movimiento social, pol\u00edtico, y cada trabajador, tambi\u00e9n deben saber que son art\u00edfices de su propio destino\u00bb.<\/p>\n<p>Capitanich advirti\u00f3 tambi\u00e9n que esto \u00abpone en vilo a otros trabajadores, en virtud de un tema de radicalizaci\u00f3n ideol\u00f3gica\u00bb y recomend\u00f3 \u201cescuchar la opini\u00f3n del gremio que los representa, el SMATA, que considera que se puede mejorar la planta si el conflicto se resuelve por la v\u00eda de negociaci\u00f3n de partes y no con manifestaciones pol\u00edticas que perjudican al total de los argentinos\u201d.<\/p>\n<p>&nbsp;<\/p>\n<p>&nbsp;<\/p>\n<p>&nbsp;<\/p>\n<p>&nbsp;<\/p>\n<p>&nbsp;<\/p>\n<p>&nbsp;<\/p>\n<p>&nbsp;<\/p>\n<p>&nbsp;<\/p>\n<p>&nbsp;<\/p>\n<p>&nbsp;<\/p>\n<p>&nbsp;<\/p>\n<p>&nbsp;<\/p>\n<p>&nbsp;<\/p>\n<p>&nbsp;<\/p>\n<p>&nbsp;<\/p>\n","protected":false},"excerpt":{"rendered":"<p>El jefe de Gabinete, Jorge Capitanich, afirm\u00f3 que el corte que realiz\u00f3 un grupo de trabajadores de la automotriz \u201cperjudica al resto de los argentinos en lo vinculado a la producci\u00f3n y la generaci\u00f3n de empleo\u201d.<\/p>\n","protected":false},"author":8,"featured_media":0,"comment_status":"open","ping_status":"open","sticky":false,"template":"","format":"standard","meta":{"_jetpack_newsletter_access":"","_jetpack_dont_email_post_to_subs":false,"_jetpack_newsletter_tier_id":0,"_jetpack_memberships_contains_paywalled_content":false,"_jetpack_memberships_contains_paid_content":false,"footnotes":""},"categories":[51],"tags":[],"class_list":["post-58866","post","type-post","status-publish","format-standard","hentry","category-politica"],"jetpack_shortlink":"https:\/\/wp.me\/p2JWE0-fjs","jetpack-related-posts":[{"id":116123,"url":"http:\/\/www.24baires.com\/?p=116123","url_meta":{"origin":58866,"position":0},"title":"\u00abLa Argentina central que tiene periferias no se puede tolerar m\u00e1s\u00bb","author":"AF","date":"01\/09\/2020","format":false,"excerpt":"El Presidente encabez\u00f3 la firma de convenios con el gobernador de Chaco, Jorge Capitanich. En ese marco, defendi\u00f3 el acceso a la conectividad y al conocimiento en todo el pa\u00eds. El presidente Alberto Fern\u00e1ndez reafirm\u00f3 que \"la Argentina central, que tiene dos periferias, al norte y a sur del pa\u00eds,\u2026","rel":"","context":"En \u00abPol\u00edtica\u00bb","block_context":{"text":"Pol\u00edtica","link":"http:\/\/www.24baires.com\/?cat=51"},"img":{"alt_text":"","src":"https:\/\/i0.wp.com\/www.24baires.com\/wp-content\/uploads\/2020\/09\/fern%C3%A1ndez-capitanich.jpg?resize=350%2C200","width":350,"height":200,"srcset":"https:\/\/i0.wp.com\/www.24baires.com\/wp-content\/uploads\/2020\/09\/fern%C3%A1ndez-capitanich.jpg?resize=350%2C200 1x, https:\/\/i0.wp.com\/www.24baires.com\/wp-content\/uploads\/2020\/09\/fern%C3%A1ndez-capitanich.jpg?resize=525%2C300 1.5x"},"classes":[]},{"id":60495,"url":"http:\/\/www.24baires.com\/?p=60495","url_meta":{"origin":58866,"position":1},"title":"Provincia y Naci\u00f3n aseguran que el conflicto de Lear \u00abes pol\u00edtico\u00bb","author":"Grupo Sierra","date":"21\/01\/2015","format":false,"excerpt":"El ministro de la Producci\u00f3n, Ciencia y Tecnolog\u00eda, Cristian Breitenstein ratific\u00f3 hoy las declaraciones del jefe de Gabinete, Jorge Capitanich, quien volvi\u00f3 a calificar \"de naturaleza pol\u00edtica y no gremial\" el conflicto en la autopartista Lear en su habitual conferencia de prensa en Casa de Gobierno. El titular de la\u2026","rel":"","context":"En \u00abSociedad\u00bb","block_context":{"text":"Sociedad","link":"http:\/\/www.24baires.com\/?cat=1"},"img":{"alt_text":"lear panamericana","src":"https:\/\/i0.wp.com\/www.24baires.com\/wp-content\/uploads\/2014\/07\/lear-panamericana.jpg?resize=350%2C200","width":350,"height":200,"srcset":"https:\/\/i0.wp.com\/www.24baires.com\/wp-content\/uploads\/2014\/07\/lear-panamericana.jpg?resize=350%2C200 1x, https:\/\/i0.wp.com\/www.24baires.com\/wp-content\/uploads\/2014\/07\/lear-panamericana.jpg?resize=525%2C300 1.5x"},"classes":[]},{"id":35581,"url":"http:\/\/www.24baires.com\/?p=35581","url_meta":{"origin":58866,"position":2},"title":"El Jefe de Gabinete propuso una agenda productiva para crear 300 mil empleos","author":"Grupo Sierra","date":"22\/11\/2013","format":false,"excerpt":"El jefe de Gabinete, Jorge Capitanich, encabez\u00f3 una reuni\u00f3n con representantes de la CGT y de la CTA en la que se abordaron cuestiones relacionadas con el trabajo en el marco de una agenda productiva para los pr\u00f3ximos dos a\u00f1os que incluye metas como \"la creaci\u00f3n de no menos de\u2026","rel":"","context":"En \u00abPol\u00edtica\u00bb","block_context":{"text":"Pol\u00edtica","link":"http:\/\/www.24baires.com\/?cat=51"},"img":{"alt_text":"","src":"https:\/\/i0.wp.com\/www.24baires.com\/wp-content\/uploads\/2013\/11\/capitanich-trabajo.jpg?resize=350%2C200","width":350,"height":200,"srcset":"https:\/\/i0.wp.com\/www.24baires.com\/wp-content\/uploads\/2013\/11\/capitanich-trabajo.jpg?resize=350%2C200 1x, https:\/\/i0.wp.com\/www.24baires.com\/wp-content\/uploads\/2013\/11\/capitanich-trabajo.jpg?resize=525%2C300 1.5x"},"classes":[]},{"id":57927,"url":"http:\/\/www.24baires.com\/?p=57927","url_meta":{"origin":58866,"position":3},"title":"Capitanich acusa al G6 de ser el \u00abresponsable directo\u00bb de la inflaci\u00f3n","author":"AF","date":"01\/12\/2014","format":false,"excerpt":"El jefe de Gabinete se refiri\u00f3 al grupo que nuclea a las compa\u00f1\u00edas con mayor volumen de negocios del pa\u00eds y se\u00f1al\u00f3 que \u201cla conducta de muchos grupos empresarios en materia de formaci\u00f3n de precios es mafiosa\u201d.Capitanich consider\u00f3 adem\u00e1s una \u201cactitud vergonzosa\u201d la decisi\u00f3n anticipada por el Grupo de los\u2026","rel":"","context":"En \u00abEconom\u00eda\u00bb","block_context":{"text":"Econom\u00eda","link":"http:\/\/www.24baires.com\/?cat=45"},"img":{"alt_text":"capitanich","src":"https:\/\/i0.wp.com\/www.24baires.com\/wp-content\/uploads\/2014\/09\/capitanich1.jpg?resize=350%2C200","width":350,"height":200,"srcset":"https:\/\/i0.wp.com\/www.24baires.com\/wp-content\/uploads\/2014\/09\/capitanich1.jpg?resize=350%2C200 1x, https:\/\/i0.wp.com\/www.24baires.com\/wp-content\/uploads\/2014\/09\/capitanich1.jpg?resize=525%2C300 1.5x"},"classes":[]},{"id":44433,"url":"http:\/\/www.24baires.com\/?p=44433","url_meta":{"origin":58866,"position":4},"title":"Capitanich pidi\u00f3 a empresarios que no aumenten los precios","author":"AF","date":"22\/04\/2014","format":false,"excerpt":"El jefe de Gabinete, Jorge Capitanich, advirti\u00f3 hoy a los empresarios que la \"mejor contribuci\u00f3n\" que pueden hacer a la econom\u00eda argentina es \"no aumentar los precios\". El jefe de Gabinete, Jorge Capitanich, dijo hoy que \"se desarroll\u00f3 dentro de lo previsible\" la audiencia ante la Corte Suprema de Estados\u2026","rel":"","context":"En \u00abPol\u00edtica\u00bb","block_context":{"text":"Pol\u00edtica","link":"http:\/\/www.24baires.com\/?cat=51"},"img":{"alt_text":"Capitanich","src":"https:\/\/i0.wp.com\/www.24baires.com\/wp-content\/uploads\/2014\/01\/Capitanich.jpg?resize=350%2C200","width":350,"height":200,"srcset":"https:\/\/i0.wp.com\/www.24baires.com\/wp-content\/uploads\/2014\/01\/Capitanich.jpg?resize=350%2C200 1x, https:\/\/i0.wp.com\/www.24baires.com\/wp-content\/uploads\/2014\/01\/Capitanich.jpg?resize=525%2C300 1.5x"},"classes":[]},{"id":38464,"url":"http:\/\/www.24baires.com\/?p=38464","url_meta":{"origin":58866,"position":5},"title":"Capitanich anticip\u00f3 ayuda para las PYMES desde el Congreso","author":"Grupo Sierra","date":"14\/01\/2014","format":false,"excerpt":"El jefe de Gabinete, Jorge Capitanich, reafirm\u00f3 la intenci\u00f3n del Gobierno de apoyar a los emprendimientos a trav\u00e9s de \"m\u00faltiples iniciativas\" a tratarse en sesiones ordinarias y extraordinarias y adem\u00e1s asegur\u00f3 que \"Argentina est\u00e1 en el buen camino para los pr\u00f3ximos dos a\u00f1os\". De todos modos, en su habitual conferencia\u2026","rel":"","context":"En \u00abGeneral\u00bb","block_context":{"text":"General","link":"http:\/\/www.24baires.com\/?cat=67"},"img":{"alt_text":"","src":"https:\/\/i0.wp.com\/www.24baires.com\/wp-content\/uploads\/2014\/01\/Capitanich.jpg?resize=350%2C200","width":350,"height":200,"srcset":"https:\/\/i0.wp.com\/www.24baires.com\/wp-content\/uploads\/2014\/01\/Capitanich.jpg?resize=350%2C200 1x, https:\/\/i0.wp.com\/www.24baires.com\/wp-content\/uploads\/2014\/01\/Capitanich.jpg?resize=525%2C300 1.5x"},"classes":[]}],"jetpack_sharing_enabled":true,"jetpack_likes_enabled":true,"jetpack_featured_media_url":"","_links":{"self":[{"href":"http:\/\/www.24baires.com\/index.php?rest_route=\/wp\/v2\/posts\/58866","targetHints":{"allow":["GET"]}}],"collection":[{"href":"http:\/\/www.24baires.com\/index.php?rest_route=\/wp\/v2\/posts"}],"about":[{"href":"http:\/\/www.24baires.com\/index.php?rest_route=\/wp\/v2\/types\/post"}],"author":[{"embeddable":true,"href":"http:\/\/www.24baires.com\/index.php?rest_route=\/wp\/v2\/users\/8"}],"replies":[{"embeddable":true,"href":"http:\/\/www.24baires.com\/index.php?rest_route=%2Fwp%2Fv2%2Fcomments&post=58866"}],"version-history":[{"count":1,"href":"http:\/\/www.24baires.com\/index.php?rest_route=\/wp\/v2\/posts\/58866\/revisions"}],"predecessor-version":[{"id":58867,"href":"http:\/\/www.24baires.com\/index.php?rest_route=\/wp\/v2\/posts\/58866\/revisions\/58867"}],"wp:attachment":[{"href":"http:\/\/www.24baires.com\/index.php?rest_route=%2Fwp%2Fv2%2Fmedia&parent=58866"}],"wp:term":[{"taxonomy":"category","embeddable":true,"href":"http:\/\/www.24baires.com\/index.php?rest_route=%2Fwp%2Fv2%2Fcategories&post=58866"},{"taxonomy":"post_tag","embeddable":true,"href":"http:\/\/www.24baires.com\/index.php?rest_route=%2Fwp%2Fv2%2Ftags&post=58866"}],"curies":[{"name":"wp","href":"https:\/\/api.w.org\/{rel}","templated":true}]}}