{"id":58864,"date":"2014-12-18T21:12:05","date_gmt":"2014-12-19T00:12:05","guid":{"rendered":"http:\/\/www.24baires.com\/?p=58864"},"modified":"2014-12-18T21:12:05","modified_gmt":"2014-12-19T00:12:05","slug":"anibal-fernandez-ya-es-el-nuevo-secretario-general-de-la-presidencia","status":"publish","type":"post","link":"http:\/\/www.24baires.com\/?p=58864","title":{"rendered":"An\u00edbal Fern\u00e1ndez ya es el nuevo Secretario General de la Presidencia"},"content":{"rendered":"<p><img data-recalc-dims=\"1\" loading=\"lazy\" decoding=\"async\" class=\"aligncenter size-full wp-image-5105\" src=\"https:\/\/i0.wp.com\/www.24baires.com\/wp-content\/uploads\/2012\/11\/fern%C3%A1ndez-an%C3%ADbal.jpg?resize=560%2C373\" alt=\"fern\u00e1ndez an\u00edbal\" width=\"560\" height=\"373\" srcset=\"https:\/\/i0.wp.com\/www.24baires.com\/wp-content\/uploads\/2012\/11\/fern%C3%A1ndez-an%C3%ADbal.jpg?w=560 560w, https:\/\/i0.wp.com\/www.24baires.com\/wp-content\/uploads\/2012\/11\/fern%C3%A1ndez-an%C3%ADbal.jpg?resize=300%2C199 300w\" sizes=\"auto, (max-width: 560px) 100vw, 560px\" \/>La presidenta Cristina Fern\u00e1ndez de Kirchner lo puso en funciones en reemplazo de Oscar Parrilli.<!--more--><\/p>\n<p>La presidenta Cristina Fern\u00e1ndez de Kirchner puso en funciones esta noche al nuevo secretario General de la Presidencia, An\u00edbal Fern\u00e1ndez, luego de encabezar la tradicional ceremonia de ascensos de oficiales superiores de las fuerzas de seguridad y otro acto que incluy\u00f3 anuncios para el Hospital Garrahan.<\/p>\n<p>Fern\u00e1ndez deja su banca en el Senado para asumir como sucesor de Oscar Parrilli, quien asumi\u00f3 el martes pasado como nuevo titular de la SIDE en lugar de H\u00e9ctor Icazuriaga.<\/p>\n<p>La Presidenta encabez\u00f3 la ceremonia de ascenso de las fuerzas de seguridad en el Sal\u00f3n Blanco de la Casa de Gobierno, en la que entreg\u00f3 despachos e insignias a los nuevos jefes superiores de Gendarmer\u00eda Nacional, Prefectura Naval, Polic\u00eda Federal y Polic\u00eda de Seguridad Aeroportuaria.<\/p>\n<p>Luego se traslad\u00f3 al Sal\u00f3n de las Mujeres del Bicentenario, para encabezar un acto donde realiz\u00f3 anuncios para el Hospital Garrahan -entrega de escrituras y cesi\u00f3n de tierras para su ampliaci\u00f3n- y un contacto por videoconferencia con el ministro del Interior y Transporte, Florencio Randazzo, quien estuvo presente en la estaci\u00f3n de Ferroautomotor de Mar del Plata.<\/p>\n<p>&nbsp;<\/p>\n<p>&nbsp;<\/p>\n<p>&nbsp;<\/p>\n<p>&nbsp;<\/p>\n","protected":false},"excerpt":{"rendered":"<p>La presidenta Cristina Fern\u00e1ndez de Kirchner lo puso en funciones en reemplazo de Oscar Parrilli.<\/p>\n","protected":false},"author":11,"featured_media":0,"comment_status":"open","ping_status":"open","sticky":false,"template":"","format":"standard","meta":{"_jetpack_newsletter_access":"","_jetpack_dont_email_post_to_subs":false,"_jetpack_newsletter_tier_id":0,"_jetpack_memberships_contains_paywalled_content":false,"_jetpack_memberships_contains_paid_content":false,"footnotes":""},"categories":[51],"tags":[],"class_list":["post-58864","post","type-post","status-publish","format-standard","hentry","category-politica"],"jetpack_shortlink":"https:\/\/wp.me\/p2JWE0-fjq","jetpack-related-posts":[{"id":58808,"url":"http:\/\/www.24baires.com\/?p=58808","url_meta":{"origin":58864,"position":0},"title":"Cristina le tomar\u00e1 juramento a An\u00edbal Fern\u00e1ndez y encabezar\u00e1 dos actos","author":"AF","date":"18\/12\/2014","format":false,"excerpt":"La presidenta Cristina Fern\u00e1ndez de Kirchner le tomar\u00e1 juramento al senador nacional An\u00edbal Fern\u00e1ndez como secretario General de la Presidencia, encabezar\u00e1 el acto de ascenso de las fuerzas de seguridad nacionales y mantendr\u00e1 una videoconferencia desde la Casa de Gobierno. Cristina regres\u00f3 desde Paran\u00e1, Entre R\u00edos, donde particip\u00f3 de la\u2026","rel":"","context":"En \u00abPol\u00edtica\u00bb","block_context":{"text":"Pol\u00edtica","link":"http:\/\/www.24baires.com\/?cat=51"},"img":{"alt_text":"cristina ONU","src":"https:\/\/i0.wp.com\/www.24baires.com\/wp-content\/uploads\/2014\/09\/cristina-ONU.jpg?resize=350%2C200","width":350,"height":200,"srcset":"https:\/\/i0.wp.com\/www.24baires.com\/wp-content\/uploads\/2014\/09\/cristina-ONU.jpg?resize=350%2C200 1x, https:\/\/i0.wp.com\/www.24baires.com\/wp-content\/uploads\/2014\/09\/cristina-ONU.jpg?resize=525%2C300 1.5x"},"classes":[]},{"id":37149,"url":"http:\/\/www.24baires.com\/?p=37149","url_meta":{"origin":58864,"position":1},"title":"Cristina estuvo al frente del acto de ascenso de oficiales de las FFAA","author":"GB","date":"19\/12\/2013","format":false,"excerpt":"La presidenta Cristina Fern\u00e1ndez de Kirchner encabez\u00f3 la ceremonia de ascenso de oficiales de las Fuerzas Armadas, en un acto que se llev\u00f3 a cabo en el Sal\u00f3n Blanco de la Casa de Gobierno. La presidenta entreg\u00f3 los sables correspondientes al brigadier general Mario Miguel Callejo, al vicealmirante Gast\u00f3n Erize,\u2026","rel":"","context":"En \u00abPol\u00edtica\u00bb","block_context":{"text":"Pol\u00edtica","link":"http:\/\/www.24baires.com\/?cat=51"},"img":{"alt_text":"CRISTINA MANO","src":"https:\/\/i0.wp.com\/www.24baires.com\/wp-content\/uploads\/2013\/10\/CRISTINA-MANO-300x200.jpg?resize=350%2C200","width":350,"height":200},"classes":[]},{"id":58754,"url":"http:\/\/www.24baires.com\/?p=58754","url_meta":{"origin":58864,"position":2},"title":"An\u00edbal Fern\u00e1ndez confirm\u00f3 que renunciar\u00e1 al Senado","author":"Grupo Sierra","date":"16\/12\/2014","format":false,"excerpt":"El legislador por la provincia de Buenos Aires por el Frente para la Victoria asumir\u00e1 el pr\u00f3ximo jueves como secretario General de la Presidencia. El senador por la provincia de Buenos Aires por el Frente para la Victoria, An\u00edbal Fern\u00e1ndez, confirm\u00f3 hoy que renunciar\u00e1 a su banca para asumir como\u2026","rel":"","context":"En \u00abPol\u00edtica\u00bb","block_context":{"text":"Pol\u00edtica","link":"http:\/\/www.24baires.com\/?cat=51"},"img":{"alt_text":"an\u00edbal fern\u00e1ndez","src":"https:\/\/i0.wp.com\/www.24baires.com\/wp-content\/uploads\/2014\/04\/an%C3%ADbal-fern%C3%A1ndez.jpg?resize=350%2C200","width":350,"height":200,"srcset":"https:\/\/i0.wp.com\/www.24baires.com\/wp-content\/uploads\/2014\/04\/an%C3%ADbal-fern%C3%A1ndez.jpg?resize=350%2C200 1x, https:\/\/i0.wp.com\/www.24baires.com\/wp-content\/uploads\/2014\/04\/an%C3%ADbal-fern%C3%A1ndez.jpg?resize=525%2C300 1.5x"},"classes":[]},{"id":58722,"url":"http:\/\/www.24baires.com\/?p=58722","url_meta":{"origin":58864,"position":3},"title":"Oscar Parrilli ser\u00e1 nuevo titular de la SIDE","author":"GB","date":"16\/12\/2014","format":false,"excerpt":"El vocero presidencial, Alfredo Scocimarro, inform\u00f3 este martes desde Casa de Gobierno que el titular dela SIDE H\u00e9ctor Icazuriaga, y el sub secretario de Inteligencia, Jos\u00e9 Francisco Larcher, presentaron sus renuncias a la presidenta Cristina Kirchner quien resolvi\u00f3 aceptarlas. La mandataria design\u00f3 al frente de la SIDE en lugar de\u2026","rel":"","context":"En \u00abPol\u00edtica\u00bb","block_context":{"text":"Pol\u00edtica","link":"http:\/\/www.24baires.com\/?cat=51"},"img":{"alt_text":"","src":"https:\/\/i0.wp.com\/www.24baires.com\/wp-content\/uploads\/2014\/12\/parrili-y-anibal.jpg?resize=350%2C200","width":350,"height":200,"srcset":"https:\/\/i0.wp.com\/www.24baires.com\/wp-content\/uploads\/2014\/12\/parrili-y-anibal.jpg?resize=350%2C200 1x, https:\/\/i0.wp.com\/www.24baires.com\/wp-content\/uploads\/2014\/12\/parrili-y-anibal.jpg?resize=525%2C300 1.5x"},"classes":[]},{"id":104581,"url":"http:\/\/www.24baires.com\/?p=104581","url_meta":{"origin":58864,"position":4},"title":"Parrilli: \u00abBonadio es un protegido de Pichetto\u00bb","author":"AF","date":"20\/09\/2018","format":false,"excerpt":"El ex secretario general de la Presidencia critic\u00f3 al juez federal que lleva adelante la causa de las fotocopias y ratific\u00f3 que es \u201cabsolutamente falso el relato de Centeno\". \"Ni la ex Presidenta ni yo recibimos dinero ilegal\u201d, dijo. El ex secretario general de la Presidencia, Oscar Parrilli, critic\u00f3 duramente\u2026","rel":"","context":"En \u00abPol\u00edtica\u00bb","block_context":{"text":"Pol\u00edtica","link":"http:\/\/www.24baires.com\/?cat=51"},"img":{"alt_text":"","src":"https:\/\/i0.wp.com\/www.24baires.com\/wp-content\/uploads\/2014\/04\/oscar-parrilli.jpg?resize=350%2C200","width":350,"height":200,"srcset":"https:\/\/i0.wp.com\/www.24baires.com\/wp-content\/uploads\/2014\/04\/oscar-parrilli.jpg?resize=350%2C200 1x, https:\/\/i0.wp.com\/www.24baires.com\/wp-content\/uploads\/2014\/04\/oscar-parrilli.jpg?resize=525%2C300 1.5x"},"classes":[]},{"id":37162,"url":"http:\/\/www.24baires.com\/?p=37162","url_meta":{"origin":58864,"position":5},"title":"Milani asumi\u00f3 el mando del Ej\u00e9rcito","author":"GB","date":"19\/12\/2013","format":false,"excerpt":"Tras aprobarse ayer el ascenso en el Senado, el General asumi\u00f3 a ese cargo, en el marco de la ceremonia que encabez\u00f3 la presidenta Cristina Fern\u00e1ndez de Kirchner. Adem\u00e1s, otros oficiales de las Fuerzas Armadas asumieron sus respectivos cargos. En el marco de la ceremonia que encabez\u00f3 la jefa de\u2026","rel":"","context":"En \u00abPol\u00edtica\u00bb","block_context":{"text":"Pol\u00edtica","link":"http:\/\/www.24baires.com\/?cat=51"},"img":{"alt_text":"milani","src":"https:\/\/i0.wp.com\/www.24baires.com\/wp-content\/uploads\/2013\/07\/milani.jpg?resize=350%2C200","width":350,"height":200},"classes":[]}],"jetpack_sharing_enabled":true,"jetpack_likes_enabled":true,"jetpack_featured_media_url":"","_links":{"self":[{"href":"http:\/\/www.24baires.com\/index.php?rest_route=\/wp\/v2\/posts\/58864","targetHints":{"allow":["GET"]}}],"collection":[{"href":"http:\/\/www.24baires.com\/index.php?rest_route=\/wp\/v2\/posts"}],"about":[{"href":"http:\/\/www.24baires.com\/index.php?rest_route=\/wp\/v2\/types\/post"}],"author":[{"embeddable":true,"href":"http:\/\/www.24baires.com\/index.php?rest_route=\/wp\/v2\/users\/11"}],"replies":[{"embeddable":true,"href":"http:\/\/www.24baires.com\/index.php?rest_route=%2Fwp%2Fv2%2Fcomments&post=58864"}],"version-history":[{"count":1,"href":"http:\/\/www.24baires.com\/index.php?rest_route=\/wp\/v2\/posts\/58864\/revisions"}],"predecessor-version":[{"id":58865,"href":"http:\/\/www.24baires.com\/index.php?rest_route=\/wp\/v2\/posts\/58864\/revisions\/58865"}],"wp:attachment":[{"href":"http:\/\/www.24baires.com\/index.php?rest_route=%2Fwp%2Fv2%2Fmedia&parent=58864"}],"wp:term":[{"taxonomy":"category","embeddable":true,"href":"http:\/\/www.24baires.com\/index.php?rest_route=%2Fwp%2Fv2%2Fcategories&post=58864"},{"taxonomy":"post_tag","embeddable":true,"href":"http:\/\/www.24baires.com\/index.php?rest_route=%2Fwp%2Fv2%2Ftags&post=58864"}],"curies":[{"name":"wp","href":"https:\/\/api.w.org\/{rel}","templated":true}]}}