{"id":58853,"date":"2014-12-18T18:32:35","date_gmt":"2014-12-18T21:32:35","guid":{"rendered":"http:\/\/www.24baires.com\/?p=58853"},"modified":"2014-12-18T20:36:42","modified_gmt":"2014-12-18T23:36:42","slug":"camioneros-se-echo-para-atras-con-el-paro-tras-acordar-un-bono-de-4000","status":"publish","type":"post","link":"http:\/\/www.24baires.com\/?p=58853","title":{"rendered":"Camioneros se ech\u00f3 para atr\u00e1s con el paro tras acordar un bono de $4000"},"content":{"rendered":"<p><img data-recalc-dims=\"1\" loading=\"lazy\" decoding=\"async\" class=\"aligncenter size-full wp-image-15598\" src=\"https:\/\/i0.wp.com\/www.24baires.com\/wp-content\/uploads\/2013\/02\/bloqueo-camioneros.jpg?resize=510%2C340\" alt=\"bloqueo camioneros\" width=\"510\" height=\"340\" srcset=\"https:\/\/i0.wp.com\/www.24baires.com\/wp-content\/uploads\/2013\/02\/bloqueo-camioneros.jpg?w=510 510w, https:\/\/i0.wp.com\/www.24baires.com\/wp-content\/uploads\/2013\/02\/bloqueo-camioneros.jpg?resize=300%2C200 300w\" sizes=\"auto, (max-width: 510px) 100vw, 510px\" \/>El gremio lleg\u00f3 a buen puerto en la negociaci\u00f3n por el plus salarial de fin de a\u00f1o y levant\u00f3 la medida de fuerza. Trabajo hab\u00eda dictado la conciliaci\u00f3n obligatoria. <!--more--><\/p>\n<p>Fuentes del sindicato revelaron a NA que fueron los empresarios los que subieron el ofrecimiento de $2.500 a $ 4.000 y el lunes se volver\u00e1n a reunir a las 9:00 en lugar a definir para \u00abajustar algunos detalles\u00bb.<\/p>\n<p>Mientras tanto, el Ministerio de Trabajo hab\u00eda dictado la conciliaci\u00f3n obligatoria, aunque Camioneros remarc\u00f3 que la misma \u00abno tiene validez, porque no hab\u00eda ning\u00fan conflicto en marcha\u00bb.<\/p>\n<p>De esta manera, queda anulada la medida de fuerza que el gremio iba a llevar adelante despu\u00e9s de la medianoche.<\/p>\n<p>\u00abEl bono es para equiparar el 40% de la inflaci\u00f3n para fin de a\u00f1o, tambi\u00e9n el impuesto a las ganancias. Nos han ofertado $2500 para el bono. Y ayer comenzamos el quite de colaboraci\u00f3n. Hoy a las 11 nos juntamos\u00bb, hab\u00eda indicado el gremialista Pablo Moyano.<\/p>\n<p>En este sentido, indic\u00f3: \u00abSi en esa reuni\u00f3n no hay alguna soluci\u00f3n favorable desde este jueves a la medianoche hacemos 24hs de paro nacional\u00bb. \u00abLo que nadie ha levantado son los reclamos de la CGT: jubilados, ganancias, inflaci\u00f3n\u00bb, agreg\u00f3.<\/p>\n<p>&nbsp;<\/p>\n<p>&nbsp;<\/p>\n<p>&nbsp;<\/p>\n","protected":false},"excerpt":{"rendered":"<p>El gremio lleg\u00f3 a buen puerto en la negociaci\u00f3n por el plus salarial de fin de a\u00f1o y levant\u00f3 la medida de fuerza. Trabajo hab\u00eda dictado la conciliaci\u00f3n obligatoria.<\/p>\n","protected":false},"author":11,"featured_media":0,"comment_status":"open","ping_status":"open","sticky":false,"template":"","format":"standard","meta":{"_jetpack_newsletter_access":"","_jetpack_dont_email_post_to_subs":false,"_jetpack_newsletter_tier_id":0,"_jetpack_memberships_contains_paywalled_content":false,"_jetpack_memberships_contains_paid_content":false,"footnotes":""},"categories":[51],"tags":[],"class_list":["post-58853","post","type-post","status-publish","format-standard","hentry","category-politica"],"jetpack_shortlink":"https:\/\/wp.me\/p2JWE0-fjf","jetpack-related-posts":[{"id":103448,"url":"http:\/\/www.24baires.com\/?p=103448","url_meta":{"origin":58853,"position":0},"title":"Trabajo mult\u00f3 a Moyano por $800 millones por ignorar una conciliaci\u00f3n","author":"AF","date":"19\/07\/2018","format":false,"excerpt":"El argumento fue que la dirigencia de Camioneros ignor\u00f3 una medida judicial de diciembre del a\u00f1o pasado. El Ministerio de Trabajo le impuso una multa de casi $810 millones al gremio de Camioneros este jueves por no cumplir con una conciliaci\u00f3n obligatoria que fue dictada el 26 de diciembre del\u2026","rel":"","context":"En \u00abPol\u00edtica\u00bb","block_context":{"text":"Pol\u00edtica","link":"http:\/\/www.24baires.com\/?cat=51"},"img":{"alt_text":"","src":"https:\/\/i0.wp.com\/www.24baires.com\/wp-content\/uploads\/2018\/01\/macri-moyano.jpg?resize=350%2C200","width":350,"height":200,"srcset":"https:\/\/i0.wp.com\/www.24baires.com\/wp-content\/uploads\/2018\/01\/macri-moyano.jpg?resize=350%2C200 1x, https:\/\/i0.wp.com\/www.24baires.com\/wp-content\/uploads\/2018\/01\/macri-moyano.jpg?resize=525%2C300 1.5x"},"classes":[]},{"id":83651,"url":"http:\/\/www.24baires.com\/?p=83651","url_meta":{"origin":58853,"position":1},"title":"Dictan la conciliaci\u00f3n obligatoria pero Camioneros mantiene el paro","author":"AF","date":"10\/06\/2016","format":false,"excerpt":"La cartera laboral tom\u00f3 la decisi\u00f3n en el conflicto que mantienen los trabajadores en reclamo de aumentos salariales y enviar\u00e1 inspecciones para corroborar el cumplimiento de la medida ante una inicial falta de acatamiento por parte del gremio. El Ministerio de Trabajo de la Naci\u00f3n dict\u00f3 la conciliaci\u00f3n obligatoria en\u2026","rel":"","context":"En \u00abSociedad\u00bb","block_context":{"text":"Sociedad","link":"http:\/\/www.24baires.com\/?cat=1"},"img":{"alt_text":"camioneros","src":"https:\/\/i0.wp.com\/www.24baires.com\/wp-content\/uploads\/2013\/07\/camioneros1-e1433428722976.jpg?resize=350%2C200","width":350,"height":200,"srcset":"https:\/\/i0.wp.com\/www.24baires.com\/wp-content\/uploads\/2013\/07\/camioneros1-e1433428722976.jpg?resize=350%2C200 1x, https:\/\/i0.wp.com\/www.24baires.com\/wp-content\/uploads\/2013\/07\/camioneros1-e1433428722976.jpg?resize=525%2C300 1.5x"},"classes":[]},{"id":119521,"url":"http:\/\/www.24baires.com\/?p=119521","url_meta":{"origin":58853,"position":2},"title":"A pesar de la conciliaci\u00f3n obligatoria, hay paro de trenes","author":"GB","date":"08\/11\/2022","format":false,"excerpt":"Trenes Argentinos confirm\u00f3 que no hay servicio en toda el \u00c1rea Metropolitana de Buenos Aires porque la medida afecta al Tren Sarmiento. El Sindicato de Conductores de Trenes conocido como La Fraternidad anunci\u00f3 ayer un paro nacional \"por los jubilados y pensionados\". La medida de fuerza que afecta al servicio\u2026","rel":"","context":"En \u00abSociedad\u00bb","block_context":{"text":"Sociedad","link":"http:\/\/www.24baires.com\/?cat=1"},"img":{"alt_text":"","src":"https:\/\/i0.wp.com\/www.24baires.com\/wp-content\/uploads\/2015\/04\/trenes.jpg?resize=350%2C200","width":350,"height":200,"srcset":"https:\/\/i0.wp.com\/www.24baires.com\/wp-content\/uploads\/2015\/04\/trenes.jpg?resize=350%2C200 1x, https:\/\/i0.wp.com\/www.24baires.com\/wp-content\/uploads\/2015\/04\/trenes.jpg?resize=525%2C300 1.5x, https:\/\/i0.wp.com\/www.24baires.com\/wp-content\/uploads\/2015\/04\/trenes.jpg?resize=700%2C400 2x"},"classes":[]},{"id":58449,"url":"http:\/\/www.24baires.com\/?p=58449","url_meta":{"origin":58853,"position":3},"title":"Capitanich anunci\u00f3 la conciliaci\u00f3n obligatoria en el conflicto con los bancos","author":"AF","date":"11\/12\/2014","format":false,"excerpt":"El jefe de Gabinete asegur\u00f3 que la decisi\u00f3n la tom\u00f3 el Ministerio de Trabajo. La Asociaci\u00f3n Bancaria hab\u00eda convocado a una medida de fuerza en las entidades p\u00fablicas en reclamo de un bono de fin de a\u00f1o. El jefe de Gabinete, Jorge Capitanich, anunci\u00f3 esta ma\u00f1ana la conciliaci\u00f3n obligatoria para\u2026","rel":"","context":"En \u00abSociedad\u00bb","block_context":{"text":"Sociedad","link":"http:\/\/www.24baires.com\/?cat=1"},"img":{"alt_text":"Capitanich","src":"https:\/\/i0.wp.com\/www.24baires.com\/wp-content\/uploads\/2014\/01\/Capitanich.jpg?resize=350%2C200","width":350,"height":200,"srcset":"https:\/\/i0.wp.com\/www.24baires.com\/wp-content\/uploads\/2014\/01\/Capitanich.jpg?resize=350%2C200 1x, https:\/\/i0.wp.com\/www.24baires.com\/wp-content\/uploads\/2014\/01\/Capitanich.jpg?resize=525%2C300 1.5x"},"classes":[]},{"id":105891,"url":"http:\/\/www.24baires.com\/?p=105891","url_meta":{"origin":58853,"position":4},"title":"Dictaron conciliaci\u00f3n obligatoria por 15 d\u00edas en el conflicto aeron\u00e1utico","author":"AF","date":"12\/12\/2018","format":false,"excerpt":"El Ministerio de Producci\u00f3n y Trabajo dict\u00f3 esta tarde la conciliaci\u00f3n obligatoria por 15 d\u00edas en el conflicto con los gremios de pilotos, que hab\u00edan convocado a un paro de 48 horas a partir de ma\u00f1ana. El gobieno nacional fren\u00f3 el paro que los pilotos aeron\u00e1uticos convocaron para este jueves\u2026","rel":"","context":"En \u00abSociedad\u00bb","block_context":{"text":"Sociedad","link":"http:\/\/www.24baires.com\/?cat=1"},"img":{"alt_text":"","src":"https:\/\/i0.wp.com\/www.24baires.com\/wp-content\/uploads\/2018\/11\/aeropuerto.jpg?resize=350%2C200","width":350,"height":200,"srcset":"https:\/\/i0.wp.com\/www.24baires.com\/wp-content\/uploads\/2018\/11\/aeropuerto.jpg?resize=350%2C200 1x, https:\/\/i0.wp.com\/www.24baires.com\/wp-content\/uploads\/2018\/11\/aeropuerto.jpg?resize=525%2C300 1.5x"},"classes":[]},{"id":103729,"url":"http:\/\/www.24baires.com\/?p=103729","url_meta":{"origin":58853,"position":5},"title":"Embargaron por m\u00e1s de 300 millones de pesos de las cuentas sindicales de Camioneros","author":"AF","date":"07\/08\/2018","format":false,"excerpt":"El dinero est\u00e1 depositado en cuentas del Banco Naci\u00f3n y el Provincia. La multa fue impulsada por el Ministerio de Trabajo y avalada por la Justicia por presunto incumplimiento de una conciliaci\u00f3n obligatoria. Embargaron por m\u00e1s de 300 millones de pesos a las cuentas pertenecientes al gremio de Camioneros, en\u2026","rel":"","context":"En \u00abJUDICIALES\u00bb","block_context":{"text":"JUDICIALES","link":"http:\/\/www.24baires.com\/?cat=68"},"img":{"alt_text":"","src":"https:\/\/i0.wp.com\/www.24baires.com\/wp-content\/uploads\/2018\/05\/moyano-1.jpg?resize=350%2C200","width":350,"height":200,"srcset":"https:\/\/i0.wp.com\/www.24baires.com\/wp-content\/uploads\/2018\/05\/moyano-1.jpg?resize=350%2C200 1x, https:\/\/i0.wp.com\/www.24baires.com\/wp-content\/uploads\/2018\/05\/moyano-1.jpg?resize=525%2C300 1.5x"},"classes":[]}],"jetpack_sharing_enabled":true,"jetpack_likes_enabled":true,"jetpack_featured_media_url":"","_links":{"self":[{"href":"http:\/\/www.24baires.com\/index.php?rest_route=\/wp\/v2\/posts\/58853","targetHints":{"allow":["GET"]}}],"collection":[{"href":"http:\/\/www.24baires.com\/index.php?rest_route=\/wp\/v2\/posts"}],"about":[{"href":"http:\/\/www.24baires.com\/index.php?rest_route=\/wp\/v2\/types\/post"}],"author":[{"embeddable":true,"href":"http:\/\/www.24baires.com\/index.php?rest_route=\/wp\/v2\/users\/11"}],"replies":[{"embeddable":true,"href":"http:\/\/www.24baires.com\/index.php?rest_route=%2Fwp%2Fv2%2Fcomments&post=58853"}],"version-history":[{"count":1,"href":"http:\/\/www.24baires.com\/index.php?rest_route=\/wp\/v2\/posts\/58853\/revisions"}],"predecessor-version":[{"id":58854,"href":"http:\/\/www.24baires.com\/index.php?rest_route=\/wp\/v2\/posts\/58853\/revisions\/58854"}],"wp:attachment":[{"href":"http:\/\/www.24baires.com\/index.php?rest_route=%2Fwp%2Fv2%2Fmedia&parent=58853"}],"wp:term":[{"taxonomy":"category","embeddable":true,"href":"http:\/\/www.24baires.com\/index.php?rest_route=%2Fwp%2Fv2%2Fcategories&post=58853"},{"taxonomy":"post_tag","embeddable":true,"href":"http:\/\/www.24baires.com\/index.php?rest_route=%2Fwp%2Fv2%2Ftags&post=58853"}],"curies":[{"name":"wp","href":"https:\/\/api.w.org\/{rel}","templated":true}]}}