{"id":58846,"date":"2014-12-18T17:36:01","date_gmt":"2014-12-18T20:36:01","guid":{"rendered":"http:\/\/www.24baires.com\/?p=58846"},"modified":"2014-12-18T17:36:01","modified_gmt":"2014-12-18T20:36:01","slug":"hay-pruebas-para-revertir-el-sobreseimiento-de-de-la-rua-afirma-un-querellante","status":"publish","type":"post","link":"http:\/\/www.24baires.com\/?p=58846","title":{"rendered":"\u00abHay pruebas para revertir el sobreseimiento de De la R\u00faa\u00bb, afirma un querellante"},"content":{"rendered":"<p><img data-recalc-dims=\"1\" loading=\"lazy\" decoding=\"async\" class=\"alignleft size-medium wp-image-10846\" src=\"https:\/\/i0.wp.com\/www.24baires.com\/wp-content\/uploads\/2012\/12\/de-la-r%C3%BAa.jpg?resize=253%2C300\" alt=\"Fernando de la R\u00faa\" width=\"253\" height=\"300\" srcset=\"https:\/\/i0.wp.com\/www.24baires.com\/wp-content\/uploads\/2012\/12\/de-la-r%C3%BAa.jpg?resize=253%2C300 253w, https:\/\/i0.wp.com\/www.24baires.com\/wp-content\/uploads\/2012\/12\/de-la-r%C3%BAa.jpg?w=300 300w\" sizes=\"auto, (max-width: 253px) 100vw, 253px\" \/>Maximiliano Medina, abogado del Centro de Estudios Legales y Sociales (CELS), que encabeza la querella en el juicio oral que se lleva a cabo por la represi\u00f3n del 20 de diciembre de 2001, consider\u00f3 que \u00abexisten en la causa suficientes elementos de prueba como para revertir el sobreseimiento\u00bb del ex presidente Fernando De la R\u00faa, a horas de cumplirse 13 a\u00f1os del estallido de la crisis que determin\u00f3 su renuncia.<!--more--><\/p>\n<p>\u00abCreemos que a lo largo del proceso y por los testimonios que se prestaron en la etapa oral del proceso, existen elementos de prueba para revertir el procesamiento de De la R\u00faa y llevarlo a juicio Oral con el resto de los acusados\u00bb, afirm\u00f3 Medina en di\u00e1logo con T\u00e9lam.<\/p>\n<p>La etapa oral del proceso por las muertes ocurridas en el d\u00eda que termin\u00f3 el gobierno de la Alianza comenz\u00f3 el 24 de febrero de este a\u00f1o y est\u00e1 a cargo del Tribunal Oral Federal 6.<\/p>\n<p>En la causa se analizan las responsabilidades materiales e intelectuales que tuvieron 17 acusados en los hechos represivos que s\u00f3lo en el centro porte\u00f1o causaron 5 muertos, 227 heridos y m\u00e1s de 300 detenidos.<\/p>\n<p>Entre ellos se destacan el entonces secretario de Seguridad de la Alianza, Enrique Mathov, y el comisario Rub\u00e9n Santos, a cargo de la jefatura de la Polic\u00eda Federal.<\/p>\n<p>Entre los autores materiales ocupan un lugar preponderante los polic\u00edas Orlando Oliverio, Carlos L\u00f3pez, Eugenio Figueroa y Roberto E. Ju\u00e1rez, Sebasti\u00e1n Saporiti, Horacio Berardi, Mario Seia, Norberto Sabbino y Ariel Firpo Castro.<\/p>\n<p>En tanto que el oficial principal de la Comisar\u00eda 4 V\u00edctor Belloni, sindicado por algunos testimonios como el autor de los disparos que dieron muerte a Gast\u00f3n Riva, Diego Lamagna y Carlos Almir\u00f3n, lleg\u00f3 a este juicio s\u00f3lo con la imputaci\u00f3n de haber participado en el intento de homicidio de otras dos personas.<\/p>\n<p>De la R\u00faa recibi\u00f3 el beneficio de la absoluci\u00f3n en mayo de 2012 por parte del juez federal Claudio Bonad\u00edo y esa decisi\u00f3n fue ratificada por la C\u00e1mara Nacional de Apelaciones en lo Criminal y Correccional Federal.<\/p>\n<p>Sin embargo, el Ministerio P\u00fablico Fiscal y el CELS impugnaron ese fallo, e interpusieron un recurso de amparo ante la Corte Suprema para que resuelva la situaci\u00f3n del ex presidente.<\/p>\n<p>\u00abEstamos convencidos de que ese d\u00eda hubo una orden emanada desde la Presidencia para desatar una represi\u00f3n. Eso busc\u00f3 desalojar la plaza y darle al gobierno espacio para negociar una soluci\u00f3n a la crisis con los l\u00edderes del justicialismo\u00bb, explic\u00f3 el letrado.<\/p>\n<p>En una de las \u00faltimas audiencias que se llevaron a cabo este a\u00f1o, el entonces secretario privado de De la R\u00faa, Leonardo Aiello, declar\u00f3 ante los jueces del Tribunal que \u00abese d\u00eda, aunque estaba en la Casa Rosada, no escuchaba ni ve\u00eda nada de lo que pasaba en la calle\u00bb.<\/p>\n<p>\u00abEsa es la actitud que mostraron todos los colaboradores del ex presidente en sus declaraciones ante el Tribunal. Es imposible que no se hayan enterado de lo que estaba pasando\u00bb, apunt\u00f3 Medina.<\/p>\n<p>En el expediente figuran las declaraciones de Luis Zamora, Marcela Bordenave y Jos\u00e9 Roselli, quienes como diputados concurrieron ese d\u00eda a Casa de Gobierno para pedir que cesara la represi\u00f3n, y fueron recibidos por Lautaro Garc\u00eda Batall\u00e1n, que oficiaba como secretario de Asuntos Internacionales del Ministerio del Interior.<\/p>\n<p>Seg\u00fan el testimonio de los ex legisladores, Batall\u00e1n les dijo que \u00ablas \u00f3rdenes eran de Mathov y que el operativo en las calles se encontraba bajo la responsabilidad de Santos\u00bb.<\/p>\n<p>\u00abEstamos conformes con el trabajo que venimos haciendo desde la querella en este juicio. Aportamos elementos que prueban que hubo una orden pol\u00edtica de reprimir. Estimamos que entre mayo y junio de 2015 habr\u00e1 una sentencia\u00bb, a\u00f1adi\u00f3.<\/p>\n<p>La noche del 19 de diciembre de 2001 el entonces presidente Fernando de la R\u00faa declar\u00f3 el estado de sitio por cadena nacional como respuesta a los saqueos a supermercados en distintos puntos del pa\u00eds, principalmente en el conurbano bonaerense, en medio de una in\u00e9dita crisis social y econ\u00f3mica.<\/p>\n<p>Las protestas generalizadas en la ciudad de Buenos Aires que se extendieron hasta el d\u00eda siguiente precipitaron la renuncia del ministro de Econom\u00eda Domingo Cavallo, en primer lugar, y finalmente, la dimisi\u00f3n del mandatario.<\/p>\n<p>La represi\u00f3n a las manifestaciones populares dej\u00f3 un saldo de m\u00e1s de 30 muertos.<\/p>\n<p>&nbsp;<\/p>\n<p>&nbsp;<\/p>\n<p>&nbsp;<\/p>\n<p>&nbsp;<\/p>\n<p>&nbsp;<\/p>\n<p>&nbsp;<\/p>\n<p>&nbsp;<\/p>\n<p>&nbsp;<\/p>\n<p>&nbsp;<\/p>\n<p>&nbsp;<\/p>\n<p>&nbsp;<\/p>\n<p>&nbsp;<\/p>\n<p>&nbsp;<\/p>\n<p>&nbsp;<\/p>\n<p>&nbsp;<\/p>\n<p>&nbsp;<\/p>\n<p>&nbsp;<\/p>\n<p>&nbsp;<\/p>\n","protected":false},"excerpt":{"rendered":"<p>Maximiliano Medina, abogado del Centro de Estudios Legales y Sociales (CELS), que encabeza la querella en el juicio oral que se lleva a cabo por la represi\u00f3n del 20 de diciembre de 2001, consider\u00f3 que \u00abexisten en la causa suficientes elementos de prueba como para revertir el sobreseimiento\u00bb del ex presidente Fernando De la R\u00faa, a horas de cumplirse 13 [&#8230;]<\/p>\n","protected":false},"author":8,"featured_media":0,"comment_status":"open","ping_status":"open","sticky":false,"template":"","format":"standard","meta":{"_jetpack_newsletter_access":"","_jetpack_dont_email_post_to_subs":false,"_jetpack_newsletter_tier_id":0,"_jetpack_memberships_contains_paywalled_content":false,"_jetpack_memberships_contains_paid_content":false,"footnotes":""},"categories":[51],"tags":[],"class_list":["post-58846","post","type-post","status-publish","format-standard","hentry","category-politica"],"jetpack_shortlink":"https:\/\/wp.me\/p2JWE0-fj8","jetpack-related-posts":[{"id":15561,"url":"http:\/\/www.24baires.com\/?p=15561","url_meta":{"origin":58846,"position":0},"title":"Buscan revertir el sobreseimiento a De la R\u00faa por las represiones de 2001","author":"AF","date":"13\/02\/2013","format":false,"excerpt":"Un recurso extraordinario presentado por el fiscal de la C\u00e1mara Federal de Casaci\u00f3n penal, Ricardo Wechsler, busca revertir el sobreseimiento al ex presidente por las represiones de 2001 y adem\u00e1s pretende llevar el caso ante la Corte Suprema de Justicia de la Naci\u00f3n. El dictamen anterior hab\u00eda sido firmado por\u2026","rel":"","context":"En \u00abPol\u00edtica\u00bb","block_context":{"text":"Pol\u00edtica","link":"http:\/\/www.24baires.com\/?cat=51"},"img":{"alt_text":"","src":"","width":0,"height":0},"classes":[]},{"id":117729,"url":"http:\/\/www.24baires.com\/?p=117729","url_meta":{"origin":58846,"position":1},"title":"La Justucia rechaz\u00f3 reabrir la causa D\u00f3lar Futuro","author":"AF","date":"09\/06\/2021","format":false,"excerpt":"La C\u00e1mara Federal de Casaci\u00f3n Penal declar\u00f3 inadmisible al recurso extraordinario interpuesto por el fiscal Ra\u00fal Ple\u00e9 para revertir los sobreseimientos de los acusados. La C\u00e1mara Federal de Casaci\u00f3n Penal declar\u00f3 inadmisible al recurso extraordinario interpuesto por el fiscal Ra\u00fal Ple\u00e9 para revertir los sobreseimientos de los acusados en la\u2026","rel":"","context":"En \u00abJUDICIALES\u00bb","block_context":{"text":"JUDICIALES","link":"http:\/\/www.24baires.com\/?cat=68"},"img":{"alt_text":"","src":"https:\/\/i0.wp.com\/www.24baires.com\/wp-content\/uploads\/2021\/06\/5f648a7c42718_1004x566.jpg?resize=350%2C200","width":350,"height":200,"srcset":"https:\/\/i0.wp.com\/www.24baires.com\/wp-content\/uploads\/2021\/06\/5f648a7c42718_1004x566.jpg?resize=350%2C200 1x, https:\/\/i0.wp.com\/www.24baires.com\/wp-content\/uploads\/2021\/06\/5f648a7c42718_1004x566.jpg?resize=525%2C300 1.5x"},"classes":[]},{"id":65843,"url":"http:\/\/www.24baires.com\/?p=65843","url_meta":{"origin":58846,"position":2},"title":"El CELS eval\u00faa apelar ante la CIDH el sobreseimiento a De la Rua","author":"AF","date":"13\/05\/2015","format":false,"excerpt":"El director del \u00c1rea de Litigios del Centro de Estudios Legales y Sociales, Diego Morales, confirm\u00f3 que el organismo analiza \u201capelar ante instancias internacionales\u201d tras conocer el fallo del m\u00e1ximo tribunal que ratific\u00f3 el sobreseimiento al ex presidente por la represi\u00f3n de diciembre de 2001. \u201cEstudiamos la posibilidad de recurrir\u2026","rel":"","context":"En \u00abJUDICIALES\u00bb","block_context":{"text":"JUDICIALES","link":"http:\/\/www.24baires.com\/?cat=68"},"img":{"alt_text":"","src":"","width":0,"height":0},"classes":[]},{"id":8938,"url":"http:\/\/www.24baires.com\/?p=8938","url_meta":{"origin":58846,"position":3},"title":"Piden procesar a De la R\u00faa por 5 de los muertos que dej\u00f3 la represi\u00f3n de diciembre de 2001","author":"AF","date":"13\/12\/2012","format":false,"excerpt":"El Centro de Estudios Legales y Sociales (CELS) pidi\u00f3 este mi\u00e9rcoles el procesamiento del ex presidente Fernando De la R\u00faa por el homicidio culposo de cinco personas durante la brutal represi\u00f3n del 19 y 20 de diciembre de 2001, en la antesala de la ca\u00edda de su Gobierno. En la\u2026","rel":"","context":"En \u00abSociedad\u00bb","block_context":{"text":"Sociedad","link":"http:\/\/www.24baires.com\/?cat=1"},"img":{"alt_text":"","src":"","width":0,"height":0},"classes":[]},{"id":50159,"url":"http:\/\/www.24baires.com\/?p=50159","url_meta":{"origin":58846,"position":4},"title":"Coimas en el Senado: la fiscal\u00eda pide la anulaci\u00f3n de la sentencia","author":"GB","date":"18\/07\/2014","format":false,"excerpt":"La fiscal\u00eda ante la C\u00e1mara de Casaci\u00f3n Penal pidi\u00f3 la anulaci\u00f3n de la sentencia en el juicio por coimas en el Senado de la Naci\u00f3n, en el que el Tribunal Oral Federal 3 (TOF3) absolvi\u00f3 a los siete acusados y reclam\u00f3 la realizaci\u00f3n de un nuevo juicio. El pedido lo\u2026","rel":"","context":"En \u00abJUDICIALES\u00bb","block_context":{"text":"JUDICIALES","link":"http:\/\/www.24baires.com\/?cat=68"},"img":{"alt_text":"de la rua","src":"https:\/\/i0.wp.com\/www.24baires.com\/wp-content\/uploads\/2014\/04\/de-la-rua.jpg?resize=350%2C200","width":350,"height":200,"srcset":"https:\/\/i0.wp.com\/www.24baires.com\/wp-content\/uploads\/2014\/04\/de-la-rua.jpg?resize=350%2C200 1x, https:\/\/i0.wp.com\/www.24baires.com\/wp-content\/uploads\/2014\/04\/de-la-rua.jpg?resize=525%2C300 1.5x"},"classes":[]},{"id":19309,"url":"http:\/\/www.24baires.com\/?p=19309","url_meta":{"origin":58846,"position":5},"title":"Comienza en agosto el juicio a dos polic\u00edas por represi\u00f3n en diciembre de 2001","author":"AF","date":"25\/03\/2013","format":false,"excerpt":"Comenzar\u00e1 el 12 de agosto pr\u00f3ximo el juicio oral a dos subcomisarios de la Polic\u00eda Federal procesados por golpear a manifestantes en las escalinatas del Congreso Nacional el 20 de diciembre de 2001. El Tribunal Oral en lo Federal 6 comenzar\u00e1 el 12 de agosto pr\u00f3ximo el juicio oral a\u2026","rel":"","context":"En \u00abSociedad\u00bb","block_context":{"text":"Sociedad","link":"http:\/\/www.24baires.com\/?cat=1"},"img":{"alt_text":"","src":"","width":0,"height":0},"classes":[]}],"jetpack_sharing_enabled":true,"jetpack_likes_enabled":true,"jetpack_featured_media_url":"","_links":{"self":[{"href":"http:\/\/www.24baires.com\/index.php?rest_route=\/wp\/v2\/posts\/58846","targetHints":{"allow":["GET"]}}],"collection":[{"href":"http:\/\/www.24baires.com\/index.php?rest_route=\/wp\/v2\/posts"}],"about":[{"href":"http:\/\/www.24baires.com\/index.php?rest_route=\/wp\/v2\/types\/post"}],"author":[{"embeddable":true,"href":"http:\/\/www.24baires.com\/index.php?rest_route=\/wp\/v2\/users\/8"}],"replies":[{"embeddable":true,"href":"http:\/\/www.24baires.com\/index.php?rest_route=%2Fwp%2Fv2%2Fcomments&post=58846"}],"version-history":[{"count":1,"href":"http:\/\/www.24baires.com\/index.php?rest_route=\/wp\/v2\/posts\/58846\/revisions"}],"predecessor-version":[{"id":58847,"href":"http:\/\/www.24baires.com\/index.php?rest_route=\/wp\/v2\/posts\/58846\/revisions\/58847"}],"wp:attachment":[{"href":"http:\/\/www.24baires.com\/index.php?rest_route=%2Fwp%2Fv2%2Fmedia&parent=58846"}],"wp:term":[{"taxonomy":"category","embeddable":true,"href":"http:\/\/www.24baires.com\/index.php?rest_route=%2Fwp%2Fv2%2Fcategories&post=58846"},{"taxonomy":"post_tag","embeddable":true,"href":"http:\/\/www.24baires.com\/index.php?rest_route=%2Fwp%2Fv2%2Ftags&post=58846"}],"curies":[{"name":"wp","href":"https:\/\/api.w.org\/{rel}","templated":true}]}}