{"id":58832,"date":"2014-12-18T14:30:18","date_gmt":"2014-12-18T17:30:18","guid":{"rendered":"http:\/\/www.24baires.com\/?p=58832"},"modified":"2014-12-18T14:20:07","modified_gmt":"2014-12-18T17:20:07","slug":"comenzo-el-paro-de-estatales-y-medicos-en-provincia","status":"publish","type":"post","link":"http:\/\/www.24baires.com\/?p=58832","title":{"rendered":"Comenz\u00f3 el paro de estatales y m\u00e9dicos en Provincia"},"content":{"rendered":"<p><img data-recalc-dims=\"1\" loading=\"lazy\" decoding=\"async\" class=\"aligncenter size-full wp-image-58833\" src=\"https:\/\/i0.wp.com\/www.24baires.com\/wp-content\/uploads\/2014\/12\/huelga-estatales.jpg?resize=560%2C336\" alt=\"huelga estatales\" width=\"560\" height=\"336\" srcset=\"https:\/\/i0.wp.com\/www.24baires.com\/wp-content\/uploads\/2014\/12\/huelga-estatales.jpg?w=560 560w, https:\/\/i0.wp.com\/www.24baires.com\/wp-content\/uploads\/2014\/12\/huelga-estatales.jpg?resize=300%2C180 300w\" sizes=\"auto, (max-width: 560px) 100vw, 560px\" \/>La medida de fuerza es en consonancia con la huelga dispuesta por la CTA y que ser\u00e1 acompa\u00f1ada por una marcha en Plaza de Mayo este mismo jueves. Hoy, en tanto, la provincia retomar\u00e1 la negociaci\u00f3n paritaria con los docentes y los mismos estatales. D\u00eda de novedades en materia sindical.<!--more--><\/p>\n<p>Esta ma\u00f1ana arranca oficialmente el paro que convoca ATE, un sector de los trabajadores estatales bonaerenses, en medio de la negociaci\u00f3n salarial iniciada por la provincia y la negativa de los funcionarios a ceder ante algunos de los reclamos que el sindicato exig\u00eda desde hac\u00eda varios meses, principalmente un plus salarial o bono especial de fin de a\u00f1o que sirviera como aliciente antes de las festividades.<\/p>\n<p>Era una demanda que el gremio, conducido por Oscar De Isasi a nivel bonaerense, tra\u00eda junto con el grueso de la administraci\u00f3n p\u00fablica y todo el universo de trabajadores privados. Pero en sinton\u00eda con la postura del Gobierno nacional, las autoridades provinciales descartaron esa posibilidad una y otra vez, aludiendo que no daban las cuentas para abonar esa suma adicional.<\/p>\n<p>La Gobernaci\u00f3n bonaerense, adem\u00e1s, rechaz\u00f3 siempre la idea de reabrir la paritaria en los meses anteriores y acordar un aumento salarial a pagar antes que concluyera el a\u00f1o. Ese era otro \u00edtem que ATE puso sobre la mesa sin suerte y motivo de un extenso plan de protesta que incluy\u00f3, entre octubre y noviembre, varios d\u00edas de huelga y movilizaciones.<\/p>\n<p>Hoy no ser\u00e1 la excepci\u00f3n con un cese de actividades que, en realidad, apoya una medida de fuerza dispuesta a nivel nacional por la CTA Aut\u00f3noma, la facci\u00f3n de la central que lidera Pablo Micheli y que en la Provincia de Buenos Aires encuentra en De Isasi a su m\u00e1ximo referente. La tropa de este \u00faltimo, en paralelo, adherir\u00e1 a la manifestaci\u00f3n que Micheli propone para Plaza de Mayo a la tarde.<\/p>\n<p>\u00abCreemos que vamos a arrancarle al Gobierno una suba digna, por eso vamos a la discusi\u00f3n en el marco de un paro\u00bb, adelant\u00f3 De Isasi.<\/p>\n<p>El dirigente gremial hac\u00eda alusi\u00f3n a la reuni\u00f3n que tendr\u00e1 lugar en la Subsecretar\u00eda de Negociaci\u00f3n con el Sector P\u00fablico -dependiente del Ministerio de Trabajo provincial- esta misma tarde. El encuentro marca la continuidad de la anterior audiencia con el titular de esa cartera, Oscar Cuartango, que traz\u00f3 los aspectos fundamentales de la paritaria por venir y prometi\u00f3 que comenzar\u00e1n a hablar de aumentos salariales.<\/p>\n<p>La idea de Trabajo es anticipar un tramo de la suba en enero y febrero, para que luego sea \u00ababsorbido por el aumento general que se convenga\u00bb cuando cierre la discusi\u00f3n global hacia marzo.<\/p>\n<p>Por otra parte, los m\u00e9dicos enrolados en la CICOP tambi\u00e9n paran este jueves con una bater\u00eda de reclamos similar, es decir la reapertura de las negociaciones, la aplicaci\u00f3n de aumentos especiales y un bono antes de la Noche Buena que -finalmente- ser\u00e1 esquivo. Tambi\u00e9n solicitan mejor equipamiento, insumos y reparos en materia de infraestructura dentro de los 78 hospitales p\u00fablicos, cuya actividad estar\u00e1 resentida en las pr\u00f3ximas horas.<\/p>\n<p>Tambi\u00e9n parar\u00e1n las seccionales disidentes de SUTEBA, mientras que los judiciales de la AJB no har\u00e1n paro pero s\u00ed estar\u00e1n en Plaza de Mayo, sum\u00e1ndose a la protesta en el centro porte\u00f1o.<\/p>\n<p>&nbsp;<\/p>\n<p>&nbsp;<\/p>\n<p>&nbsp;<\/p>\n<p>&nbsp;<\/p>\n<p>&nbsp;<\/p>\n<p>&nbsp;<\/p>\n<p>&nbsp;<\/p>\n<p>&nbsp;<\/p>\n<p>&nbsp;<\/p>\n<p>&nbsp;<\/p>\n<p>&nbsp;<\/p>\n<p>&nbsp;<\/p>\n<p>&nbsp;<\/p>\n<p>&nbsp;<\/p>\n<p>&nbsp;<\/p>\n<p>&nbsp;<\/p>\n","protected":false},"excerpt":{"rendered":"<p>La medida de fuerza es en consonancia con la huelga dispuesta por la CTA y que ser\u00e1 acompa\u00f1ada por una marcha en Plaza de Mayo este mismo jueves. Hoy, en tanto, la provincia retomar\u00e1 la negociaci\u00f3n paritaria con los docentes y los mismos estatales. D\u00eda de novedades en materia sindical.<\/p>\n","protected":false},"author":8,"featured_media":0,"comment_status":"open","ping_status":"open","sticky":false,"template":"","format":"standard","meta":{"_jetpack_newsletter_access":"","_jetpack_dont_email_post_to_subs":false,"_jetpack_newsletter_tier_id":0,"_jetpack_memberships_contains_paywalled_content":false,"_jetpack_memberships_contains_paid_content":false,"footnotes":""},"categories":[51],"tags":[],"class_list":["post-58832","post","type-post","status-publish","format-standard","hentry","category-politica"],"jetpack_shortlink":"https:\/\/wp.me\/p2JWE0-fiU","jetpack-related-posts":[{"id":113847,"url":"http:\/\/www.24baires.com\/?p=113847","url_meta":{"origin":58832,"position":0},"title":"Kicillof tambi\u00e9n otorgar\u00e1 un aumento de 4 mil pesos a estatales bonaerenses","author":"AF","date":"17\/01\/2020","format":false,"excerpt":"Ser\u00e1 en dos cuotas, en marzo y abril, pero no alcanzar\u00eda a la totalidad de los 600 mil trabajadores estatales de la Provincia. En los pr\u00f3ximos d\u00edas se especificar\u00e1 a quienes alcanzar\u00e1 y a quienes no. El gobernador de la provincia de Buenos Aires Axel Kicillof seguir\u00e1 los pasos marcados\u2026","rel":"","context":"En \u00abProvincia\u00bb","block_context":{"text":"Provincia","link":"http:\/\/www.24baires.com\/?cat=40"},"img":{"alt_text":"","src":"https:\/\/i0.wp.com\/www.24baires.com\/wp-content\/uploads\/2019\/11\/kicillof.jpg?resize=350%2C200","width":350,"height":200,"srcset":"https:\/\/i0.wp.com\/www.24baires.com\/wp-content\/uploads\/2019\/11\/kicillof.jpg?resize=350%2C200 1x, https:\/\/i0.wp.com\/www.24baires.com\/wp-content\/uploads\/2019\/11\/kicillof.jpg?resize=525%2C300 1.5x"},"classes":[]},{"id":118565,"url":"http:\/\/www.24baires.com\/?p=118565","url_meta":{"origin":58832,"position":1},"title":"Provincia retoma la negociaci\u00f3n salarial con los estatales","author":"GB","date":"21\/02\/2022","format":false,"excerpt":"La reuni\u00f3n entre los ministros de Provincia y los estatales tendr\u00e1 lugar A LAS 16HS. Las partes analizar\u00e1n el \u00edndice inflacionario, la sobrecarga laboral y los pases a planta. El Gobierno bonaerense y los gremios que nuclean a los trabajadores estatales vuelven a verse las caras para discutir la actualizaci\u00f3n\u2026","rel":"","context":"En \u00abProvincia\u00bb","block_context":{"text":"Provincia","link":"http:\/\/www.24baires.com\/?cat=40"},"img":{"alt_text":"","src":"https:\/\/i0.wp.com\/www.24baires.com\/wp-content\/uploads\/2022\/02\/paritarias-provincia-300x200.jpeg?resize=350%2C200","width":350,"height":200},"classes":[]},{"id":116308,"url":"http:\/\/www.24baires.com\/?p=116308","url_meta":{"origin":58832,"position":2},"title":"Provincia reabre la paritaria con los docentes","author":"GB","date":"24\/09\/2020","format":false,"excerpt":"Los gremios docentes ser\u00e1n recibidos por la Provincia este jueves para comenzar a desandar la negociaci\u00f3n salarial. Este jueves los docentes bonaerenses comenzar\u00e1n a seguir de cerca la paritaria salarial que comienza entre el Gobierno y los gremios. El mi\u00e9rcoles hubo negociaci\u00f3n con los estatales, pero la Provincia no realiz\u00f3\u2026","rel":"","context":"En \u00abProvincia\u00bb","block_context":{"text":"Provincia","link":"http:\/\/www.24baires.com\/?cat=40"},"img":{"alt_text":"","src":"https:\/\/i0.wp.com\/www.24baires.com\/wp-content\/uploads\/2019\/11\/docentes-bonaerenses.jpg?resize=350%2C200","width":350,"height":200,"srcset":"https:\/\/i0.wp.com\/www.24baires.com\/wp-content\/uploads\/2019\/11\/docentes-bonaerenses.jpg?resize=350%2C200 1x, https:\/\/i0.wp.com\/www.24baires.com\/wp-content\/uploads\/2019\/11\/docentes-bonaerenses.jpg?resize=525%2C300 1.5x"},"classes":[]},{"id":104942,"url":"http:\/\/www.24baires.com\/?p=104942","url_meta":{"origin":58832,"position":3},"title":"Docentes, estatales, judiciales y m\u00e9dicos de la provincia anunciar\u00e1n medidas en conjunto","author":"GB","date":"16\/10\/2018","format":false,"excerpt":"En el marco de la disputa salarial que mantienen con el gobierno de Mar\u00eda Eugenia Vidal, el Frente de Unidad Docente Bonaerense encabezar\u00e1 una conferencia de prensa desde el mediod\u00eda con ATE, AJB y Cicop donde anunciar\u00e1 un plan de acci\u00f3n conjunto. El conflicto salarial que mantiene el gobierno bonaerense\u2026","rel":"","context":"En \u00abProvincia\u00bb","block_context":{"text":"Provincia","link":"http:\/\/www.24baires.com\/?cat=40"},"img":{"alt_text":"","src":"https:\/\/i0.wp.com\/www.24baires.com\/wp-content\/uploads\/2017\/03\/marcha-federal-docente.jpg?resize=350%2C200","width":350,"height":200,"srcset":"https:\/\/i0.wp.com\/www.24baires.com\/wp-content\/uploads\/2017\/03\/marcha-federal-docente.jpg?resize=350%2C200 1x, https:\/\/i0.wp.com\/www.24baires.com\/wp-content\/uploads\/2017\/03\/marcha-federal-docente.jpg?resize=525%2C300 1.5x"},"classes":[]},{"id":116349,"url":"http:\/\/www.24baires.com\/?p=116349","url_meta":{"origin":58832,"position":4},"title":"El Gobierno bonaerense retoma la negociaci\u00f3n salarial con los estatales","author":"GB","date":"29\/09\/2020","format":false,"excerpt":"Las partes vuelven a sentarse con el objetivo de cerrar un acuerdo paritario. El Gobierno bonaerense y los gremios que representan a los trabajadores estatales ( Fegeppba, ATE, Cicop, AMRA, y UPCN ). retoman la negociaci\u00f3n salarial, m\u00e1s all\u00e1 de los montos fijos que la administraci\u00f3n provincial otorg\u00f3 a los\u2026","rel":"","context":"En \u00abProvincia\u00bb","block_context":{"text":"Provincia","link":"http:\/\/www.24baires.com\/?cat=40"},"img":{"alt_text":"","src":"https:\/\/i0.wp.com\/www.24baires.com\/wp-content\/uploads\/2020\/02\/ESTATALES.jpg?resize=350%2C200","width":350,"height":200,"srcset":"https:\/\/i0.wp.com\/www.24baires.com\/wp-content\/uploads\/2020\/02\/ESTATALES.jpg?resize=350%2C200 1x, https:\/\/i0.wp.com\/www.24baires.com\/wp-content\/uploads\/2020\/02\/ESTATALES.jpg?resize=525%2C300 1.5x"},"classes":[]},{"id":104866,"url":"http:\/\/www.24baires.com\/?p=104866","url_meta":{"origin":58832,"position":5},"title":"Provincia retoma la negociaci\u00f3n salarial con los gremios estatales","author":"GB","date":"10\/10\/2018","format":false,"excerpt":"Se reunir\u00e1n a las 17.30 en el Ministerio de Econom\u00eda. ATE exigi\u00f3 un aumento mayor al 20 por ciento y no descart\u00f3 impulsar medidas de fuerza con docentes, m\u00e9dicos y judiciales. El Gobierno bonaerense recibir\u00e1 hoy a los gremios estatales para retomar las negociaciones salariales en el marco de la\u2026","rel":"","context":"En \u00abProvincia\u00bb","block_context":{"text":"Provincia","link":"http:\/\/www.24baires.com\/?cat=40"},"img":{"alt_text":"","src":"https:\/\/i0.wp.com\/www.24baires.com\/wp-content\/uploads\/2018\/03\/ate-docentes-300x200.jpg?resize=350%2C200","width":350,"height":200},"classes":[]}],"jetpack_sharing_enabled":true,"jetpack_likes_enabled":true,"jetpack_featured_media_url":"","_links":{"self":[{"href":"http:\/\/www.24baires.com\/index.php?rest_route=\/wp\/v2\/posts\/58832","targetHints":{"allow":["GET"]}}],"collection":[{"href":"http:\/\/www.24baires.com\/index.php?rest_route=\/wp\/v2\/posts"}],"about":[{"href":"http:\/\/www.24baires.com\/index.php?rest_route=\/wp\/v2\/types\/post"}],"author":[{"embeddable":true,"href":"http:\/\/www.24baires.com\/index.php?rest_route=\/wp\/v2\/users\/8"}],"replies":[{"embeddable":true,"href":"http:\/\/www.24baires.com\/index.php?rest_route=%2Fwp%2Fv2%2Fcomments&post=58832"}],"version-history":[{"count":1,"href":"http:\/\/www.24baires.com\/index.php?rest_route=\/wp\/v2\/posts\/58832\/revisions"}],"predecessor-version":[{"id":58834,"href":"http:\/\/www.24baires.com\/index.php?rest_route=\/wp\/v2\/posts\/58832\/revisions\/58834"}],"wp:attachment":[{"href":"http:\/\/www.24baires.com\/index.php?rest_route=%2Fwp%2Fv2%2Fmedia&parent=58832"}],"wp:term":[{"taxonomy":"category","embeddable":true,"href":"http:\/\/www.24baires.com\/index.php?rest_route=%2Fwp%2Fv2%2Fcategories&post=58832"},{"taxonomy":"post_tag","embeddable":true,"href":"http:\/\/www.24baires.com\/index.php?rest_route=%2Fwp%2Fv2%2Ftags&post=58832"}],"curies":[{"name":"wp","href":"https:\/\/api.w.org\/{rel}","templated":true}]}}