{"id":58830,"date":"2014-12-18T14:00:45","date_gmt":"2014-12-18T17:00:45","guid":{"rendered":"http:\/\/www.24baires.com\/?p=58830"},"modified":"2014-12-18T13:50:03","modified_gmt":"2014-12-18T16:50:03","slug":"el-pj-bonaerense-se-reune-en-un-congreso-extraordinario-en-tres-de-febrero","status":"publish","type":"post","link":"http:\/\/www.24baires.com\/?p=58830","title":{"rendered":"El PJ bonaerense se re\u00fane en un congreso extraordinario en Tres de Febrero"},"content":{"rendered":"<p>El encuentro, en el partido de Tres de Febrero, comenz\u00f3 cerca del mediod\u00eda con la presencia de importantes referentes partidarios, los que destacar\u00e1n el \u201cpleno consenso\u201d que existe sobre la pertenencia al Frente para la Victoria (FPV) y la conducci\u00f3n de la presidenta Cristina Fern\u00e1ndez de Kirchner.<!--more--><\/p>\n<p>Fuentes partidarias adelantaron a T\u00e9lam que el partido emitir\u00e1 un documento en apoyo al gobierno nacional y sus pol\u00edticas de Estado.<\/p>\n<p>Se trata del \u00faltimo acto del 2014 del PJ bonaerense, presidido por el intendente de La Matanza, Fernando Espinoza, que desde el cambio de autoridades en el partido aboga por un peronismo que \u201ccontenga a todos los dirigentes\u201d que expresaron sus deseos de ser pre candidatos a presidente por el FPV en 2015.<\/p>\n<p>Ese gran objetivo de \u201cun solo peronismo\u201d tuvo su c\u00f3nclave m\u00e1s exitoso en el acto por el D\u00eda de la Lealtad en Moreno, donde asistieron el gobernador bonaerense Daniel Scioli; el ministro de Interior y Transporte, Florencio Randazzo; el ministro de Defensa, Agust\u00edn Rossi, y el mandatario entrerriano Sergio Urribarri, mientras que el presidente de la C\u00e1mara de Diputados, Juli\u00e1n Dom\u00ednguez, no asisti\u00f3 porque estaba enfermo.<\/p>\n<p>El encuentro se realiza en el Cedem, ubicado en Alberdi 5470, en la localidad de Caseros, partido de Tres de Febrero; y se trata del noveno congreso del Consejo Provincial del PJ, ya que durante el a\u00f1o se realizaron jornadas de reflexi\u00f3n y debate en los municipios de Santa Teresita, Roque P\u00e9rez, Tandil, Punta Alta, San Nicol\u00e1s, La Matanza, La Plata y Los Toldos.<\/p>\n<p>Participan adem\u00e1s de Espinosa; el presidente del PJ bonaerense, Cristina \u00c1lvarez Rodr\u00edguez, ministra de Gobierno bonaerense, Wado de Pedro, Jos\u00e9 Ottavis, Jos\u00e9 Mar\u00eda D\u00edaz Bancalari, Jorge Landau, e intendentes del conurbano, y legisladores nacionales y provinciales.<\/p>\n<p>&nbsp;<\/p>\n<p>&nbsp;<\/p>\n<p>&nbsp;<\/p>\n<p>&nbsp;<\/p>\n<p>&nbsp;<\/p>\n<p>&nbsp;<\/p>\n<p>&nbsp;<\/p>\n<p>&nbsp;<\/p>\n<p>&nbsp;<\/p>\n<p>&nbsp;<\/p>\n<p>&nbsp;<\/p>\n<p>&nbsp;<\/p>\n<p>&nbsp;<\/p>\n<p>&nbsp;<\/p>\n","protected":false},"excerpt":{"rendered":"<p>El encuentro, en el partido de Tres de Febrero, comenz\u00f3 cerca del mediod\u00eda con la presencia de importantes referentes partidarios, los que destacar\u00e1n el \u201cpleno consenso\u201d que existe sobre la pertenencia al Frente para la Victoria (FPV) y la conducci\u00f3n de la presidenta Cristina Fern\u00e1ndez de Kirchner.<\/p>\n","protected":false},"author":8,"featured_media":0,"comment_status":"open","ping_status":"open","sticky":false,"template":"","format":"standard","meta":{"_jetpack_newsletter_access":"","_jetpack_dont_email_post_to_subs":false,"_jetpack_newsletter_tier_id":0,"_jetpack_memberships_contains_paywalled_content":false,"_jetpack_memberships_contains_paid_content":false,"footnotes":""},"categories":[51],"tags":[],"class_list":["post-58830","post","type-post","status-publish","format-standard","hentry","category-politica"],"jetpack_shortlink":"https:\/\/wp.me\/p2JWE0-fiS","jetpack-related-posts":[{"id":103525,"url":"http:\/\/www.24baires.com\/?p=103525","url_meta":{"origin":58830,"position":0},"title":"Presentan proyecto para derogar el decreto de Macri de intervenci\u00f3n de las Fuerzas Armadas","author":"AF","date":"25\/07\/2018","format":false,"excerpt":"Los fundamentos de la iniciativa que encabeza el presidente del bloque FPV-PJ, Agust\u00edn Rossi, sostienen que el presidente \u201ca trav\u00e9s de un simple decreto reglamentario intenta cambiar las bases sobre las que est\u00e1 estructurado nuestro sistema de Defensa Nacional, construido desde la recuperaci\u00f3n democr\u00e1tica\u201d. Diputados y diputadas del bloque FPV-PJ\u2026","rel":"","context":"En \u00abLocales\u00bb","block_context":{"text":"Locales","link":"http:\/\/www.24baires.com\/?cat=38"},"img":{"alt_text":"","src":"https:\/\/i0.wp.com\/www.24baires.com\/wp-content\/uploads\/2018\/07\/macri-fuerzas.jpg?resize=350%2C200","width":350,"height":200,"srcset":"https:\/\/i0.wp.com\/www.24baires.com\/wp-content\/uploads\/2018\/07\/macri-fuerzas.jpg?resize=350%2C200 1x, https:\/\/i0.wp.com\/www.24baires.com\/wp-content\/uploads\/2018\/07\/macri-fuerzas.jpg?resize=525%2C300 1.5x"},"classes":[]},{"id":5939,"url":"http:\/\/www.24baires.com\/?p=5939","url_meta":{"origin":58830,"position":1},"title":"Convocan al Consejo Partidario del PJ bonaerense para el 7 de diciembre","author":"Grupo Sierra","date":"18\/11\/2012","format":false,"excerpt":"El PJ bonaerense se \u201creactivar\u00e1\u201d a partir del 7 de diciembre cuando se re\u00fana Consejo partidario, seg\u00fan confirm\u00f3 hoy el gobernador bonaerense y presidente interino del partido a nivel nacional, Daniel Scioli, quien estipul\u00f3 adem\u00e1s que el \u00f3rgano partidario convocar\u00e1 a su Congreso, encargado de llamar a elecciones, para una\u2026","rel":"","context":"En \u00abPol\u00edtica\u00bb","block_context":{"text":"Pol\u00edtica","link":"http:\/\/www.24baires.com\/?cat=51"},"img":{"alt_text":"","src":"","width":0,"height":0},"classes":[]},{"id":34758,"url":"http:\/\/www.24baires.com\/?p=34758","url_meta":{"origin":58830,"position":2},"title":"El viernes definir\u00e1n si Scioli va por la presidencia del PJ Bonaerense","author":"GB","date":"06\/11\/2013","format":false,"excerpt":"La candidatura para presidir el Consejo del Partido Justicialista bonaerense se definir\u00e1 durante una reuni\u00f3n de dirigentes que se realizar\u00e1 en Tres de Febrero, seg\u00fan se acord\u00f3 durante un encuentro que el gobernador mantuvo con intendentes y legisladores del justicialismo. Si bien varios intendentes consultados por T\u00e9lam opinaron que si\u2026","rel":"","context":"En \u00abPol\u00edtica\u00bb","block_context":{"text":"Pol\u00edtica","link":"http:\/\/www.24baires.com\/?cat=51"},"img":{"alt_text":"","src":"","width":0,"height":0},"classes":[]},{"id":59459,"url":"http:\/\/www.24baires.com\/?p=59459","url_meta":{"origin":58830,"position":3},"title":"El PJ bonaerense prepara una reuni\u00f3n en Santa Teresita","author":"GB","date":"02\/01\/2015","format":false,"excerpt":"La conducci\u00f3n del PJ bonaerense ya planifica la realizaci\u00f3n del primer encuentro partidario del 2015, en la ciudad balnearia del Partido de la Costa, Santa Teresita. El objetivo del c\u00f3nclave es \u201csolidificar\u201d la uni\u00f3n de todos los scetores del peronismo, de cara a las elecciones presidenciales del pr\u00f3ximo a\u00f1o. En\u2026","rel":"","context":"En \u00abPol\u00edtica\u00bb","block_context":{"text":"Pol\u00edtica","link":"http:\/\/www.24baires.com\/?cat=51"},"img":{"alt_text":"pj bonaerense","src":"https:\/\/i0.wp.com\/www.24baires.com\/wp-content\/uploads\/2014\/11\/pj-bonaerense.jpg?resize=350%2C200","width":350,"height":200,"srcset":"https:\/\/i0.wp.com\/www.24baires.com\/wp-content\/uploads\/2014\/11\/pj-bonaerense.jpg?resize=350%2C200 1x, https:\/\/i0.wp.com\/www.24baires.com\/wp-content\/uploads\/2014\/11\/pj-bonaerense.jpg?resize=525%2C300 1.5x"},"classes":[]},{"id":7513,"url":"http:\/\/www.24baires.com\/?p=7513","url_meta":{"origin":58830,"position":4},"title":"\u00abLa Juan Domingo\u00bb reuni\u00f3 representantes de toda la Provincia en Mar del Plata","author":"AF","date":"01\/12\/2012","format":false,"excerpt":"Ante la presencia de m\u00e1s de mil peronistas representando a todos los municipios de la Provincia de Buenos Aires, se llev\u00f3 adelante el 1\u00ba Encuentro de dirigentes militantes de \u201cLa Juan Domingo\u201d, en el Hotel Hermitage de la ciudad de Mar del Plata. El encargado de dar la bienvenida a\u2026","rel":"","context":"En \u00abPol\u00edtica\u00bb","block_context":{"text":"Pol\u00edtica","link":"http:\/\/www.24baires.com\/?cat=51"},"img":{"alt_text":"","src":"","width":0,"height":0},"classes":[]},{"id":121757,"url":"http:\/\/www.24baires.com\/?p=121757","url_meta":{"origin":58830,"position":5},"title":"\u00abLa l\u00f3gica de sometido o traidor caus\u00f3 malos resultados\u00bb","author":"GB","date":"21\/10\/2024","format":false,"excerpt":"Axel Kicillof respondi\u00f3 a los \"ataques\" del kirchnerismo con una extensa carta en la que defiende su prescindencia en la interna. Duro reproche a CFK. El gobernador Axel Kicillof sali\u00f3 a responder los ataques del kirchnerismo y a ratificar su pedido de unidad frente a la interna del PJ Nacional,\u2026","rel":"","context":"En \u00abProvincia\u00bb","block_context":{"text":"Provincia","link":"http:\/\/www.24baires.com\/?cat=40"},"img":{"alt_text":"","src":"https:\/\/i0.wp.com\/www.24baires.com\/wp-content\/uploads\/2022\/07\/kicillof.jpg?resize=350%2C200","width":350,"height":200,"srcset":"https:\/\/i0.wp.com\/www.24baires.com\/wp-content\/uploads\/2022\/07\/kicillof.jpg?resize=350%2C200 1x, https:\/\/i0.wp.com\/www.24baires.com\/wp-content\/uploads\/2022\/07\/kicillof.jpg?resize=525%2C300 1.5x, https:\/\/i0.wp.com\/www.24baires.com\/wp-content\/uploads\/2022\/07\/kicillof.jpg?resize=700%2C400 2x"},"classes":[]}],"jetpack_sharing_enabled":true,"jetpack_likes_enabled":true,"jetpack_featured_media_url":"","_links":{"self":[{"href":"http:\/\/www.24baires.com\/index.php?rest_route=\/wp\/v2\/posts\/58830","targetHints":{"allow":["GET"]}}],"collection":[{"href":"http:\/\/www.24baires.com\/index.php?rest_route=\/wp\/v2\/posts"}],"about":[{"href":"http:\/\/www.24baires.com\/index.php?rest_route=\/wp\/v2\/types\/post"}],"author":[{"embeddable":true,"href":"http:\/\/www.24baires.com\/index.php?rest_route=\/wp\/v2\/users\/8"}],"replies":[{"embeddable":true,"href":"http:\/\/www.24baires.com\/index.php?rest_route=%2Fwp%2Fv2%2Fcomments&post=58830"}],"version-history":[{"count":1,"href":"http:\/\/www.24baires.com\/index.php?rest_route=\/wp\/v2\/posts\/58830\/revisions"}],"predecessor-version":[{"id":58831,"href":"http:\/\/www.24baires.com\/index.php?rest_route=\/wp\/v2\/posts\/58830\/revisions\/58831"}],"wp:attachment":[{"href":"http:\/\/www.24baires.com\/index.php?rest_route=%2Fwp%2Fv2%2Fmedia&parent=58830"}],"wp:term":[{"taxonomy":"category","embeddable":true,"href":"http:\/\/www.24baires.com\/index.php?rest_route=%2Fwp%2Fv2%2Fcategories&post=58830"},{"taxonomy":"post_tag","embeddable":true,"href":"http:\/\/www.24baires.com\/index.php?rest_route=%2Fwp%2Fv2%2Ftags&post=58830"}],"curies":[{"name":"wp","href":"https:\/\/api.w.org\/{rel}","templated":true}]}}