{"id":58810,"date":"2014-12-18T10:30:31","date_gmt":"2014-12-18T13:30:31","guid":{"rendered":"http:\/\/www.24baires.com\/?p=58810"},"modified":"2014-12-19T09:58:09","modified_gmt":"2014-12-19T12:58:09","slug":"capitanich-la-iglesia-habla-de-corrupcion-privada-en-su-mensaje-navideno","status":"publish","type":"post","link":"http:\/\/www.24baires.com\/?p=58810","title":{"rendered":"Capitanich: \u00abla Iglesia habla de corrupci\u00f3n privada en su mensaje navide\u00f1o\u00bb"},"content":{"rendered":"<p><img data-recalc-dims=\"1\" loading=\"lazy\" decoding=\"async\" class=\"aligncenter size-full wp-image-53422\" src=\"https:\/\/i0.wp.com\/www.24baires.com\/wp-content\/uploads\/2014\/09\/capitanich1.jpg?resize=560%2C420\" alt=\"capitanich\" width=\"560\" height=\"420\" srcset=\"https:\/\/i0.wp.com\/www.24baires.com\/wp-content\/uploads\/2014\/09\/capitanich1.jpg?w=560 560w, https:\/\/i0.wp.com\/www.24baires.com\/wp-content\/uploads\/2014\/09\/capitanich1.jpg?resize=300%2C225 300w\" sizes=\"auto, (max-width: 560px) 100vw, 560px\" \/>El jefe de Gabinete se refiri\u00f3 al mensaje de Navidad y consider\u00f3 que los medios de comunicaci\u00f3n \u00abpretenden instalar la responsabilidad en el gobierno y eludir su propia responsabilidad\u00bb en esa materia.<!--more--><\/p>\n<p>\u00abLa preocupaci\u00f3n por la corrupci\u00f3n tiene que ver con la corrupci\u00f3n privada, pero siempre los medios de comunicaci\u00f3n pretenden instalar la responsabilidad en el gobierno, y tratan de eludir su propia responsabilidad\u00bb, dijo Capitanich en rueda de prensa en Casa de Gobierno, al ser consultado sobre el mensaje difundido ayer por la CEA.<\/p>\n<p>En ese texto, los obispos advirtieron sobre \u00abla corrupci\u00f3n y la falta de ejemplaridad que empobrece el nivel moral de la sociedad\u00bb y sobre \u00abuna cultura individualista que debilita los v\u00ednculos personales y los lazos comunitarios; en un modo de pensar que privilegia el \u00e9xito del tener sobre la riqueza del ser y sus valores\u00bb.<\/p>\n<p>En el mensaje, titulado \u00abY en la tierra paz a los hombres\u00bb, el Episcopado alert\u00f3 tambi\u00e9n sobre \u00abel odio que cierra el camino a la reconciliaci\u00f3n\u00bb, sobre el \u00abdesprecio por la vida que es el derecho fundamental de la persona\u00bb y \u00abel delito del narcotr\u00e1fico y la trata de personas\u00bb.<\/p>\n<p>En su contacto con la prensa de esta ma\u00f1ana, Capitanich dijo que \u00abhay corrupci\u00f3n que afecta la dignidad moral y la ejemplaridad cuando existe sobrefacturaci\u00f3n y subfacturaci\u00f3n de importaciones, cuando hay manipulaci\u00f3n de precios, y lavado de activos financieros\u00bb por parte de los \u00abgrupos econ\u00f3micos m\u00e1s poderosos y las empresas transnacionales\u00bb.<\/p>\n<p>\u00abCuando un diario de comunicaci\u00f3n centenario evade impuestos, hay corrupci\u00f3n. Cuando un grupo medi\u00e1tico no cumple con la ley, es corrupci\u00f3n. Cuando un grupo medi\u00e1tico concentrado tiene cuentas desde Nueva Zelanda hasta Panam\u00e1, tratando de encubrir activos financieros, es un caso de corrupci\u00f3n\u00bb, agreg\u00f3.<\/p>\n<p>El jefe de Gabinete dijo adem\u00e1s que hay corrupci\u00f3n \u00abcuando para muchos jueces pareciera que hay privilegios\u00bb y \u00abno se investiga el encubrimiento judicial, en denuncias de lavado financiero y causas que no se investigan\u00bb.<\/p>\n<p>Carg\u00f3 tambi\u00e9n contra la \u00abresponsabilidad de algunos miembros del Poder Judicial y la extorsi\u00f3n de los grupos medi\u00e1ticos poderosos que afectan la moral p\u00fablica y tienen que ver con la ejemplaridad\u00bb.<\/p>\n<p>\u00abPor eso consideramos que el documento de la Conferencia Episcopal hace menci\u00f3n claramente a la responsabilidad global de la sociedad y, en ese sentido, de los grupos privados\u00bb, reiter\u00f3 Capitanich, y pidi\u00f3 \u00abponer la cuesti\u00f3n en sus justos t\u00e9rminos\u00bb ya que \u00abla instalaci\u00f3n medi\u00e1tica pretende transferir la responsabilidad al Estado o la funci\u00f3n de gobierno\u00bb.<\/p>\n","protected":false},"excerpt":{"rendered":"<p>El jefe de Gabinete se refiri\u00f3 al mensaje de Navidad y consider\u00f3 que los medios de comunicaci\u00f3n \u00abpretenden instalar la responsabilidad en el gobierno y eludir su propia responsabilidad\u00bb en esa materia.<\/p>\n","protected":false},"author":4,"featured_media":0,"comment_status":"open","ping_status":"open","sticky":false,"template":"","format":"standard","meta":{"_jetpack_newsletter_access":"","_jetpack_dont_email_post_to_subs":false,"_jetpack_newsletter_tier_id":0,"_jetpack_memberships_contains_paywalled_content":false,"_jetpack_memberships_contains_paid_content":false,"footnotes":""},"categories":[51],"tags":[],"class_list":["post-58810","post","type-post","status-publish","format-standard","hentry","category-politica"],"jetpack_shortlink":"https:\/\/wp.me\/p2JWE0-fiy","jetpack-related-posts":[{"id":100442,"url":"http:\/\/www.24baires.com\/?p=100442","url_meta":{"origin":58810,"position":0},"title":"CFK: \u00abEl \u00fanico argumento es la persecuci\u00f3n pol\u00edtica\u00bb","author":"AF","date":"08\/02\/2018","format":false,"excerpt":"La ex presidenta atribuy\u00f3 la denuncia por \"da\u00f1os y perjuicios\" por 22.500 millones pesos de Javier Iguacel, titular de Vialidad, a la campa\u00f1a instrumentada en su contra por el Gobierno. Marc\u00f3 las contradicciones de la presentaci\u00f3n judicial y pidi\u00f3 que se cite como testigos a todos los que fueron jefes\u2026","rel":"","context":"En \u00abPol\u00edtica\u00bb","block_context":{"text":"Pol\u00edtica","link":"http:\/\/www.24baires.com\/?cat=51"},"img":{"alt_text":"","src":"https:\/\/i0.wp.com\/www.24baires.com\/wp-content\/uploads\/2017\/09\/cristina.jpg?resize=350%2C200","width":350,"height":200,"srcset":"https:\/\/i0.wp.com\/www.24baires.com\/wp-content\/uploads\/2017\/09\/cristina.jpg?resize=350%2C200 1x, https:\/\/i0.wp.com\/www.24baires.com\/wp-content\/uploads\/2017\/09\/cristina.jpg?resize=525%2C300 1.5x"},"classes":[]},{"id":79198,"url":"http:\/\/www.24baires.com\/?p=79198","url_meta":{"origin":58810,"position":1},"title":"\u00abMe preocupa el PJ que pretende ser funcional con el macrismo\u00bb","author":"AF","date":"21\/02\/2016","format":false,"excerpt":"El intendente de Resistencia se refiri\u00f3 al debate en el seno del PJ sobre el rol del espacio respecto al gobierno nacional y admiti\u00f3 estar \"preocupado\" por un \"aggiornamiento\" que \"pretende ser funcional desde una perspectiva de centro derecha neoliberal\". En un discurso en el Consejo del PJ de Chaco\u2026","rel":"","context":"En \u00abPol\u00edtica\u00bb","block_context":{"text":"Pol\u00edtica","link":"http:\/\/www.24baires.com\/?cat=51"},"img":{"alt_text":"capitanich 4","src":"https:\/\/i0.wp.com\/www.24baires.com\/wp-content\/uploads\/2014\/09\/capitanich-4.jpg?resize=350%2C200","width":350,"height":200,"srcset":"https:\/\/i0.wp.com\/www.24baires.com\/wp-content\/uploads\/2014\/09\/capitanich-4.jpg?resize=350%2C200 1x, https:\/\/i0.wp.com\/www.24baires.com\/wp-content\/uploads\/2014\/09\/capitanich-4.jpg?resize=525%2C300 1.5x"},"classes":[]},{"id":120164,"url":"http:\/\/www.24baires.com\/?p=120164","url_meta":{"origin":58810,"position":2},"title":"Los Gobernadores del Frente de Todos tambi\u00e9n piden lista de unidad","author":"GB","date":"08\/06\/2023","format":false,"excerpt":"\"Somos garantes de la construcci\u00f3n de un pa\u00eds federal\" aseguraron los gobernadores frentodistas en un comunicado. Los gobernadores del Frente de Todos mantuvieron una reuni\u00f3n en la que debatieron la estrategia electoral que pretenden para la coalici\u00f3n oficialista y publicaron un comunicado en el que, entre otras cosas, se suman\u2026","rel":"","context":"En \u00abPol\u00edtica\u00bb","block_context":{"text":"Pol\u00edtica","link":"http:\/\/www.24baires.com\/?cat=51"},"img":{"alt_text":"","src":"https:\/\/i0.wp.com\/www.24baires.com\/wp-content\/uploads\/2023\/06\/gobernadores-frente-todosjpg.webp?resize=350%2C200","width":350,"height":200,"srcset":"https:\/\/i0.wp.com\/www.24baires.com\/wp-content\/uploads\/2023\/06\/gobernadores-frente-todosjpg.webp?resize=350%2C200 1x, https:\/\/i0.wp.com\/www.24baires.com\/wp-content\/uploads\/2023\/06\/gobernadores-frente-todosjpg.webp?resize=525%2C300 1.5x, https:\/\/i0.wp.com\/www.24baires.com\/wp-content\/uploads\/2023\/06\/gobernadores-frente-todosjpg.webp?resize=700%2C400 2x"},"classes":[]},{"id":58049,"url":"http:\/\/www.24baires.com\/?p=58049","url_meta":{"origin":58810,"position":3},"title":"Capitanich desminti\u00f3 que se est\u00e9 buscando inmunidad para Cristina","author":"AF","date":"03\/12\/2014","format":false,"excerpt":"El jefe de Gabinete rechaz\u00f3 que el proyecto de ley para elegir por voto popular a los parlamentarios del Mercosur tenga esa pretensi\u00f3n, tal como public\u00f3 el diario Clar\u00edn en su edici\u00f3n de hoy. El jefe de Gabinete, Jorge Capitanich, rechaz\u00f3 hoy que el proyecto de ley para elegir por\u2026","rel":"","context":"En \u00abLocales\u00bb","block_context":{"text":"Locales","link":"http:\/\/www.24baires.com\/?cat=38"},"img":{"alt_text":"capitanich","src":"https:\/\/i0.wp.com\/www.24baires.com\/wp-content\/uploads\/2014\/09\/capitanich1.jpg?resize=350%2C200","width":350,"height":200,"srcset":"https:\/\/i0.wp.com\/www.24baires.com\/wp-content\/uploads\/2014\/09\/capitanich1.jpg?resize=350%2C200 1x, https:\/\/i0.wp.com\/www.24baires.com\/wp-content\/uploads\/2014\/09\/capitanich1.jpg?resize=525%2C300 1.5x"},"classes":[]},{"id":72278,"url":"http:\/\/www.24baires.com\/?p=72278","url_meta":{"origin":58810,"position":4},"title":"Burdo ataque a la libertad de expresi\u00f3n de Macri: Clausur\u00f3 un galp\u00f3n del canal C5N","author":"Grupo Sierra","date":"17\/09\/2015","format":false,"excerpt":"El gobierno de la ciudad de Buenos Aires clausur\u00f3 hoy el galp\u00f3n de m\u00f3viles del canal luego de la investigaci\u00f3n e informes period\u00edsticos en los que qued\u00f3 al descubierto el entramado de corrupci\u00f3n que involucra al gobierno porte\u00f1o y Fernando Niembro. Se trata de un artero ataque a libertad de\u2026","rel":"","context":"En \u00abMedios\u00bb","block_context":{"text":"Medios","link":"http:\/\/www.24baires.com\/?cat=54"},"img":{"alt_text":"","src":"https:\/\/i0.wp.com\/www.24baires.com\/wp-content\/uploads\/2015\/09\/c5n.jpg?resize=350%2C200","width":350,"height":200,"srcset":"https:\/\/i0.wp.com\/www.24baires.com\/wp-content\/uploads\/2015\/09\/c5n.jpg?resize=350%2C200 1x, https:\/\/i0.wp.com\/www.24baires.com\/wp-content\/uploads\/2015\/09\/c5n.jpg?resize=525%2C300 1.5x"},"classes":[]},{"id":115668,"url":"http:\/\/www.24baires.com\/?p=115668","url_meta":{"origin":58810,"position":5},"title":"El Gobierno anunci\u00f3 el comienzo de la nueva fase","author":"AF","date":"17\/07\/2020","format":false,"excerpt":"Alberto Fern\u00e1ndez realiz\u00f3 una conferencia de prensa, junto a los mandatarios provinciales de Jujuy, Chaco, R\u00edo Negro, Buenos Aires y el jefe de gobierno porte\u00f1o. El presidente Alberto Fern\u00e1ndez comenz\u00f3 su discurso con la afirmaci\u00f3n de que \"la pandemia sigue presente, sigue atacando y sigue enfermando y llev\u00e1ndose vidas\", adem\u00e1s\u2026","rel":"","context":"En \u00abSociedad\u00bb","block_context":{"text":"Sociedad","link":"http:\/\/www.24baires.com\/?cat=1"},"img":{"alt_text":"","src":"https:\/\/i0.wp.com\/www.24baires.com\/wp-content\/uploads\/2020\/07\/larreta-fern%C3%A1ndez-kicillof.jpg?resize=350%2C200","width":350,"height":200,"srcset":"https:\/\/i0.wp.com\/www.24baires.com\/wp-content\/uploads\/2020\/07\/larreta-fern%C3%A1ndez-kicillof.jpg?resize=350%2C200 1x, https:\/\/i0.wp.com\/www.24baires.com\/wp-content\/uploads\/2020\/07\/larreta-fern%C3%A1ndez-kicillof.jpg?resize=525%2C300 1.5x"},"classes":[]}],"jetpack_sharing_enabled":true,"jetpack_likes_enabled":true,"jetpack_featured_media_url":"","_links":{"self":[{"href":"http:\/\/www.24baires.com\/index.php?rest_route=\/wp\/v2\/posts\/58810","targetHints":{"allow":["GET"]}}],"collection":[{"href":"http:\/\/www.24baires.com\/index.php?rest_route=\/wp\/v2\/posts"}],"about":[{"href":"http:\/\/www.24baires.com\/index.php?rest_route=\/wp\/v2\/types\/post"}],"author":[{"embeddable":true,"href":"http:\/\/www.24baires.com\/index.php?rest_route=\/wp\/v2\/users\/4"}],"replies":[{"embeddable":true,"href":"http:\/\/www.24baires.com\/index.php?rest_route=%2Fwp%2Fv2%2Fcomments&post=58810"}],"version-history":[{"count":1,"href":"http:\/\/www.24baires.com\/index.php?rest_route=\/wp\/v2\/posts\/58810\/revisions"}],"predecessor-version":[{"id":58811,"href":"http:\/\/www.24baires.com\/index.php?rest_route=\/wp\/v2\/posts\/58810\/revisions\/58811"}],"wp:attachment":[{"href":"http:\/\/www.24baires.com\/index.php?rest_route=%2Fwp%2Fv2%2Fmedia&parent=58810"}],"wp:term":[{"taxonomy":"category","embeddable":true,"href":"http:\/\/www.24baires.com\/index.php?rest_route=%2Fwp%2Fv2%2Fcategories&post=58810"},{"taxonomy":"post_tag","embeddable":true,"href":"http:\/\/www.24baires.com\/index.php?rest_route=%2Fwp%2Fv2%2Ftags&post=58810"}],"curies":[{"name":"wp","href":"https:\/\/api.w.org\/{rel}","templated":true}]}}