{"id":58808,"date":"2014-12-18T10:00:24","date_gmt":"2014-12-18T13:00:24","guid":{"rendered":"http:\/\/www.24baires.com\/?p=58808"},"modified":"2014-12-18T20:22:01","modified_gmt":"2014-12-18T23:22:01","slug":"cristina-le-tomara-juramento-a-anibal-fernandez-y-encabezara-dos-actos","status":"publish","type":"post","link":"http:\/\/www.24baires.com\/?p=58808","title":{"rendered":"Cristina le tomar\u00e1 juramento a An\u00edbal Fern\u00e1ndez y encabezar\u00e1 dos actos"},"content":{"rendered":"<p><img data-recalc-dims=\"1\" loading=\"lazy\" decoding=\"async\" class=\"aligncenter size-full wp-image-54198\" src=\"https:\/\/i0.wp.com\/www.24baires.com\/wp-content\/uploads\/2014\/09\/cristina-ONU.jpg?resize=560%2C373\" alt=\"cristina ONU\" width=\"560\" height=\"373\" srcset=\"https:\/\/i0.wp.com\/www.24baires.com\/wp-content\/uploads\/2014\/09\/cristina-ONU.jpg?w=560 560w, https:\/\/i0.wp.com\/www.24baires.com\/wp-content\/uploads\/2014\/09\/cristina-ONU.jpg?resize=300%2C199 300w\" sizes=\"auto, (max-width: 560px) 100vw, 560px\" \/>La presidenta Cristina Fern\u00e1ndez de Kirchner le tomar\u00e1 juramento al senador nacional An\u00edbal Fern\u00e1ndez como secretario General de la Presidencia, encabezar\u00e1 el acto de ascenso de las fuerzas de seguridad nacionales y mantendr\u00e1 una videoconferencia desde la Casa de Gobierno.<!--more--><\/p>\n<p>Cristina regres\u00f3 desde Paran\u00e1, Entre R\u00edos, donde particip\u00f3 de la Cumbre del Mercosur, junto a mandatarios del ese bloque regional, y tras su arribo se dirigi\u00f3 a la Residencia de Olivos, informaron fuentes oficiales.<\/p>\n<p>La jefa de Estado retomar\u00e1 este jueves su actividad p\u00fablica en la Casa de Gobierno, donde encabezar\u00e1 a las 18, en el Sal\u00f3n Blanco, el acto de ascenso de oficiales de la Polic\u00eda Federal, Gendarmer\u00eda Nacional, Prefectura Naval y Polic\u00eda de Seguridad Aeroportuaria (PSA).<\/p>\n<p>Luego encabezar\u00e1 a las 19.15 un acto en el Sal\u00f3n de las Mujeres del Bicentenario, desde donde mantendr\u00e1 un contacto con la ciudad de Mar del Plata; para la inauguraci\u00f3n de una obra para tratamientos cloacales.<\/p>\n<p>Por \u00faltimo, a las 20.30, le tomar\u00e1 juramento al senador An\u00edbal Fern\u00e1ndez, quien dejar\u00e1 su banca para asumir como secretario general de la Presidencia, en lugar de Oscar Parrilli, quien ayer asumi\u00f3 su cargo como nuevo titular de la Secretar\u00eda de Inteligencia.<\/p>\n","protected":false},"excerpt":{"rendered":"<p>La presidenta Cristina Fern\u00e1ndez de Kirchner le tomar\u00e1 juramento al senador nacional An\u00edbal Fern\u00e1ndez como secretario General de la Presidencia, encabezar\u00e1 el acto de ascenso de las fuerzas de seguridad nacionales y mantendr\u00e1 una videoconferencia desde la Casa de Gobierno.<\/p>\n","protected":false},"author":4,"featured_media":0,"comment_status":"open","ping_status":"open","sticky":false,"template":"","format":"standard","meta":{"_jetpack_newsletter_access":"","_jetpack_dont_email_post_to_subs":false,"_jetpack_newsletter_tier_id":0,"_jetpack_memberships_contains_paywalled_content":false,"_jetpack_memberships_contains_paid_content":false,"footnotes":""},"categories":[51],"tags":[],"class_list":["post-58808","post","type-post","status-publish","format-standard","hentry","category-politica"],"jetpack_shortlink":"https:\/\/wp.me\/p2JWE0-fiw","jetpack-related-posts":[{"id":58864,"url":"http:\/\/www.24baires.com\/?p=58864","url_meta":{"origin":58808,"position":0},"title":"An\u00edbal Fern\u00e1ndez ya es el nuevo Secretario General de la Presidencia","author":"Grupo Sierra","date":"18\/12\/2014","format":false,"excerpt":"La presidenta Cristina Fern\u00e1ndez de Kirchner lo puso en funciones en reemplazo de Oscar Parrilli. La presidenta Cristina Fern\u00e1ndez de Kirchner puso en funciones esta noche al nuevo secretario General de la Presidencia, An\u00edbal Fern\u00e1ndez, luego de encabezar la tradicional ceremonia de ascensos de oficiales superiores de las fuerzas de\u2026","rel":"","context":"En \u00abPol\u00edtica\u00bb","block_context":{"text":"Pol\u00edtica","link":"http:\/\/www.24baires.com\/?cat=51"},"img":{"alt_text":"fern\u00e1ndez an\u00edbal","src":"https:\/\/i0.wp.com\/www.24baires.com\/wp-content\/uploads\/2012\/11\/fern%C3%A1ndez-an%C3%ADbal.jpg?resize=350%2C200","width":350,"height":200,"srcset":"https:\/\/i0.wp.com\/www.24baires.com\/wp-content\/uploads\/2012\/11\/fern%C3%A1ndez-an%C3%ADbal.jpg?resize=350%2C200 1x, https:\/\/i0.wp.com\/www.24baires.com\/wp-content\/uploads\/2012\/11\/fern%C3%A1ndez-an%C3%ADbal.jpg?resize=525%2C300 1.5x"},"classes":[]},{"id":37032,"url":"http:\/\/www.24baires.com\/?p=37032","url_meta":{"origin":58808,"position":1},"title":"Cristina encabez\u00f3 la ceremonia de ascenso de oficiales","author":"GB","date":"17\/12\/2013","format":false,"excerpt":"La Presidenta encabez\u00f3 esta tarde la ceremonia de ascenso de oficiales superiores de las fuerzas de seguridad, en el Sal\u00f3n Blanco de Casa Rosada. M\u00e1s tarde recibir\u00e1 a autoridades de la DAIA. El acto se realiz\u00f3 en el Sal\u00f3n Blanco de la Casa de Gobierno y Cristina estuvo acompa\u00f1ada por\u2026","rel":"","context":"En \u00abPol\u00edtica\u00bb","block_context":{"text":"Pol\u00edtica","link":"http:\/\/www.24baires.com\/?cat=51"},"img":{"alt_text":"Cristina","src":"https:\/\/i0.wp.com\/www.24baires.com\/wp-content\/uploads\/2013\/12\/Cristina.jpg?resize=350%2C200","width":350,"height":200},"classes":[]},{"id":37149,"url":"http:\/\/www.24baires.com\/?p=37149","url_meta":{"origin":58808,"position":2},"title":"Cristina estuvo al frente del acto de ascenso de oficiales de las FFAA","author":"GB","date":"19\/12\/2013","format":false,"excerpt":"La presidenta Cristina Fern\u00e1ndez de Kirchner encabez\u00f3 la ceremonia de ascenso de oficiales de las Fuerzas Armadas, en un acto que se llev\u00f3 a cabo en el Sal\u00f3n Blanco de la Casa de Gobierno. La presidenta entreg\u00f3 los sables correspondientes al brigadier general Mario Miguel Callejo, al vicealmirante Gast\u00f3n Erize,\u2026","rel":"","context":"En \u00abPol\u00edtica\u00bb","block_context":{"text":"Pol\u00edtica","link":"http:\/\/www.24baires.com\/?cat=51"},"img":{"alt_text":"CRISTINA MANO","src":"https:\/\/i0.wp.com\/www.24baires.com\/wp-content\/uploads\/2013\/10\/CRISTINA-MANO-300x200.jpg?resize=350%2C200","width":350,"height":200},"classes":[]},{"id":113318,"url":"http:\/\/www.24baires.com\/?p=113318","url_meta":{"origin":58808,"position":3},"title":"Alberto y Cristina asumen el mando del pa\u00eds con un festival en Plaza de Mayo","author":"GB","date":"10\/12\/2019","format":false,"excerpt":"Ambos prestar\u00e1n juramento en la Asamblea Legislativa en la que el presidente saliente entregar\u00e1 el poder. Este jueves 10 de diciembre quedar\u00e1 en la historia tras el regreso del peronismo al poder luego de cuatro a\u00f1os de gobierno de Mauricio Macri. El presidente electo, Alberto Fern\u00e1ndez, asumir\u00e1 junto a la\u2026","rel":"","context":"En \u00abPol\u00edtica\u00bb","block_context":{"text":"Pol\u00edtica","link":"http:\/\/www.24baires.com\/?cat=51"},"img":{"alt_text":"","src":"https:\/\/i0.wp.com\/www.24baires.com\/wp-content\/uploads\/2019\/11\/cfk-alberto.jpg?resize=350%2C200","width":350,"height":200,"srcset":"https:\/\/i0.wp.com\/www.24baires.com\/wp-content\/uploads\/2019\/11\/cfk-alberto.jpg?resize=350%2C200 1x, https:\/\/i0.wp.com\/www.24baires.com\/wp-content\/uploads\/2019\/11\/cfk-alberto.jpg?resize=525%2C300 1.5x"},"classes":[]},{"id":37162,"url":"http:\/\/www.24baires.com\/?p=37162","url_meta":{"origin":58808,"position":4},"title":"Milani asumi\u00f3 el mando del Ej\u00e9rcito","author":"GB","date":"19\/12\/2013","format":false,"excerpt":"Tras aprobarse ayer el ascenso en el Senado, el General asumi\u00f3 a ese cargo, en el marco de la ceremonia que encabez\u00f3 la presidenta Cristina Fern\u00e1ndez de Kirchner. Adem\u00e1s, otros oficiales de las Fuerzas Armadas asumieron sus respectivos cargos. En el marco de la ceremonia que encabez\u00f3 la jefa de\u2026","rel":"","context":"En \u00abPol\u00edtica\u00bb","block_context":{"text":"Pol\u00edtica","link":"http:\/\/www.24baires.com\/?cat=51"},"img":{"alt_text":"milani","src":"https:\/\/i0.wp.com\/www.24baires.com\/wp-content\/uploads\/2013\/07\/milani.jpg?resize=350%2C200","width":350,"height":200},"classes":[]},{"id":117922,"url":"http:\/\/www.24baires.com\/?p=117922","url_meta":{"origin":58808,"position":5},"title":"Nicol\u00e1s Kreplak asumi\u00f3 como ministro de Salud bonaerense","author":"GB","date":"28\/07\/2021","format":false,"excerpt":"Lo hizo en reemplazo de Daniel Gollan, quien renunci\u00f3 a su cargo para meterse de lleno en la campa\u00f1a electoral. Nicol\u00e1s Kreplak asumi\u00f3 como ministro de Salud bonaerense, en reemplazo de Daniel Gollan, quien renunci\u00f3 para dedicarse a la campa\u00f1a electoral de cara a las PASO del 12 de setiembre.\u2026","rel":"","context":"En \u00abLocales\u00bb","block_context":{"text":"Locales","link":"http:\/\/www.24baires.com\/?cat=38"},"img":{"alt_text":"","src":"https:\/\/i0.wp.com\/www.24baires.com\/wp-content\/uploads\/2021\/07\/20210728120418_kreplak-juramento.jpg?resize=350%2C200","width":350,"height":200,"srcset":"https:\/\/i0.wp.com\/www.24baires.com\/wp-content\/uploads\/2021\/07\/20210728120418_kreplak-juramento.jpg?resize=350%2C200 1x, https:\/\/i0.wp.com\/www.24baires.com\/wp-content\/uploads\/2021\/07\/20210728120418_kreplak-juramento.jpg?resize=525%2C300 1.5x"},"classes":[]}],"jetpack_sharing_enabled":true,"jetpack_likes_enabled":true,"jetpack_featured_media_url":"","_links":{"self":[{"href":"http:\/\/www.24baires.com\/index.php?rest_route=\/wp\/v2\/posts\/58808","targetHints":{"allow":["GET"]}}],"collection":[{"href":"http:\/\/www.24baires.com\/index.php?rest_route=\/wp\/v2\/posts"}],"about":[{"href":"http:\/\/www.24baires.com\/index.php?rest_route=\/wp\/v2\/types\/post"}],"author":[{"embeddable":true,"href":"http:\/\/www.24baires.com\/index.php?rest_route=\/wp\/v2\/users\/4"}],"replies":[{"embeddable":true,"href":"http:\/\/www.24baires.com\/index.php?rest_route=%2Fwp%2Fv2%2Fcomments&post=58808"}],"version-history":[{"count":1,"href":"http:\/\/www.24baires.com\/index.php?rest_route=\/wp\/v2\/posts\/58808\/revisions"}],"predecessor-version":[{"id":58809,"href":"http:\/\/www.24baires.com\/index.php?rest_route=\/wp\/v2\/posts\/58808\/revisions\/58809"}],"wp:attachment":[{"href":"http:\/\/www.24baires.com\/index.php?rest_route=%2Fwp%2Fv2%2Fmedia&parent=58808"}],"wp:term":[{"taxonomy":"category","embeddable":true,"href":"http:\/\/www.24baires.com\/index.php?rest_route=%2Fwp%2Fv2%2Fcategories&post=58808"},{"taxonomy":"post_tag","embeddable":true,"href":"http:\/\/www.24baires.com\/index.php?rest_route=%2Fwp%2Fv2%2Ftags&post=58808"}],"curies":[{"name":"wp","href":"https:\/\/api.w.org\/{rel}","templated":true}]}}