{"id":58800,"date":"2014-12-17T20:12:38","date_gmt":"2014-12-17T23:12:38","guid":{"rendered":"http:\/\/www.24baires.com\/?p=58800"},"modified":"2014-12-17T20:27:10","modified_gmt":"2014-12-17T23:27:10","slug":"la-campora-denuncio-a-posse-por-afiches-apocrifos","status":"publish","type":"post","link":"http:\/\/www.24baires.com\/?p=58800","title":{"rendered":"La C\u00e1mpora denunci\u00f3 a Posse por afiches ap\u00f3crifos"},"content":{"rendered":"<p><img data-recalc-dims=\"1\" loading=\"lazy\" decoding=\"async\" class=\"aligncenter size-full wp-image-58801\" src=\"https:\/\/i0.wp.com\/www.24baires.com\/wp-content\/uploads\/2014\/12\/c%C3%A1mpora.jpg?resize=560%2C419\" alt=\"c\u00e1mpora\" width=\"560\" height=\"419\" srcset=\"https:\/\/i0.wp.com\/www.24baires.com\/wp-content\/uploads\/2014\/12\/c%C3%A1mpora.jpg?w=560 560w, https:\/\/i0.wp.com\/www.24baires.com\/wp-content\/uploads\/2014\/12\/c%C3%A1mpora.jpg?resize=300%2C224 300w\" sizes=\"auto, (max-width: 560px) 100vw, 560px\" \/>La agrupaci\u00f3n presentar\u00e1 en las pr\u00f3ximas horas una denuncia judicial contra el intendente de San Isidro para que brinde explicaciones y aporte los videos de las c\u00e1maras de seguridad de su municipio de modo de poder identificar a los responsables de una pegatina de afiches ap\u00f3crifos con la firma de ese grupo.<!--more--><\/p>\n<p>Desde La C\u00e1mpora sostienen que los afiches no fueron pegados por ellos y que no es la primera vez que Posse recurre a estas pr\u00e1cticas. Advirtieron adem\u00e1s que un auto que estar\u00eda a nombre de un empleado municipal reparti\u00f3 volantes con la misma falsa consiga.<\/p>\n<p>\u00abLas calles donde se desarrollaron las pegatinas truchas y la entrega de volantes tienen c\u00e1maras de seguridad por lo que se entiende que en las pr\u00f3ximas horas el intendente aportar\u00e1 las pruebas necesarias para identificar a las personas que realizaron las acciones\u00bb aseguraron desde La C\u00e1mpora.<\/p>\n<p>Posse ya tiene una denuncia por utilizar recursos municipales en contra de esa agrupaci\u00f3n. Seg\u00fan denunciaron, \u00abel a\u00f1o pasado envi\u00f3 agentes de la Polic\u00eda Municipal a golpear a militantes\u00bb kirchneristas en el marco de la realizaci\u00f3n de una actividad recreativa para ni\u00f1os.<\/p>\n<p>&nbsp;<\/p>\n<p>&nbsp;<\/p>\n<p>&nbsp;<\/p>\n<p>&nbsp;<\/p>\n","protected":false},"excerpt":{"rendered":"<p>La agrupaci\u00f3n presentar\u00e1 en las pr\u00f3ximas horas una denuncia judicial contra el intendente de San Isidro para que brinde explicaciones y aporte los videos de las c\u00e1maras de seguridad de su municipio de modo de poder identificar a los responsables de una pegatina de afiches ap\u00f3crifos con la firma de ese grupo.<\/p>\n","protected":false},"author":11,"featured_media":0,"comment_status":"open","ping_status":"open","sticky":false,"template":"","format":"standard","meta":{"_jetpack_newsletter_access":"","_jetpack_dont_email_post_to_subs":false,"_jetpack_newsletter_tier_id":0,"_jetpack_memberships_contains_paywalled_content":false,"_jetpack_memberships_contains_paid_content":false,"footnotes":""},"categories":[51],"tags":[],"class_list":["post-58800","post","type-post","status-publish","format-standard","hentry","category-politica"],"jetpack_shortlink":"https:\/\/wp.me\/p2JWE0-fio","jetpack-related-posts":[{"id":59163,"url":"http:\/\/www.24baires.com\/?p=59163","url_meta":{"origin":58800,"position":0},"title":"Posse termina el a\u00f1o con pan dulce, sidra y denuncias","author":"Grupo Sierra","date":"26\/12\/2014","format":false,"excerpt":"Gustavo Posse fue denunciado por el PJ de San Isidro por irregularidades con el estacionamiento medido y por una pegatina atribuida a La C\u00e1mpora. El intendente de San Isidro no cierra bien el a\u00f1o. El PJ de ese distrito present\u00f3 dos denuncias en su contra: una por presuntas irregularidades en\u2026","rel":"","context":"En \u00abPol\u00edtica\u00bb","block_context":{"text":"Pol\u00edtica","link":"http:\/\/www.24baires.com\/?cat=51"},"img":{"alt_text":"gustavo posse","src":"https:\/\/i0.wp.com\/www.24baires.com\/wp-content\/uploads\/2014\/10\/gustavo-posse.jpg?resize=350%2C200","width":350,"height":200,"srcset":"https:\/\/i0.wp.com\/www.24baires.com\/wp-content\/uploads\/2014\/10\/gustavo-posse.jpg?resize=350%2C200 1x, https:\/\/i0.wp.com\/www.24baires.com\/wp-content\/uploads\/2014\/10\/gustavo-posse.jpg?resize=525%2C300 1.5x"},"classes":[]},{"id":106428,"url":"http:\/\/www.24baires.com\/?p=106428","url_meta":{"origin":58800,"position":1},"title":"Mar del Plata: el Municipio intimar\u00e1 a Urtubey por afiches de campa\u00f1a","author":"GB","date":"18\/01\/2019","format":false,"excerpt":"El Municipio de General Pueyrredon (Mar del Plata) intimar\u00e1 al gobernador de Salta, Juan Manuel Urtubey, a que repare los da\u00f1os y se haga cargo de los costos que provoc\u00f3 la pegatina de afiches de campa\u00f1a con su nombre en columnas de alumbrado p\u00fablico y sem\u00e1foros, acci\u00f3n que est\u00e1 prohibida\u2026","rel":"","context":"En \u00abMunicipios\u00bb","block_context":{"text":"Municipios","link":"http:\/\/www.24baires.com\/?cat=44"},"img":{"alt_text":"","src":"https:\/\/i0.wp.com\/www.24baires.com\/wp-content\/uploads\/2019\/01\/campa%C3%B1a-uturbey-300x200.jpg?resize=350%2C200","width":350,"height":200},"classes":[]},{"id":103366,"url":"http:\/\/www.24baires.com\/?p=103366","url_meta":{"origin":58800,"position":2},"title":"\u201cNo aport\u00e9 ning\u00fan centavo a nadie\u201d dijo el intendente Arroyo","author":"Grupo Sierra","date":"16\/07\/2018","format":false,"excerpt":"MAR DEL PLATA.- El intendente de Gral. Pueyrredon neg\u00f3 haber dado $50.000 a Cambiemos para la campa\u00f1a de 2015. Su nombre aparece en un listado de aportantes privados a las campa\u00f1as de ese espacio pol\u00edtico publicados por la C\u00e1mara Nacional Electoral. \u201cNo aport\u00e9 ning\u00fan centavo a nadie\u201d, fue la frase\u2026","rel":"","context":"En \u00abPol\u00edtica\u00bb","block_context":{"text":"Pol\u00edtica","link":"http:\/\/www.24baires.com\/?cat=51"},"img":{"alt_text":"","src":"https:\/\/i0.wp.com\/www.24baires.com\/wp-content\/uploads\/2017\/11\/vidal-intendente-arroyo.jpg?resize=350%2C200","width":350,"height":200,"srcset":"https:\/\/i0.wp.com\/www.24baires.com\/wp-content\/uploads\/2017\/11\/vidal-intendente-arroyo.jpg?resize=350%2C200 1x, https:\/\/i0.wp.com\/www.24baires.com\/wp-content\/uploads\/2017\/11\/vidal-intendente-arroyo.jpg?resize=525%2C300 1.5x"},"classes":[]},{"id":18899,"url":"http:\/\/www.24baires.com\/?p=18899","url_meta":{"origin":58800,"position":3},"title":"Sin oferta salarial para Judiciales bonaerenses: parar\u00e1n ma\u00f1ana jueves","author":"AF","date":"20\/03\/2013","format":false,"excerpt":"La Asociaci\u00f3n Judicial Bonaerense (AJB) dispuso realizar este jueves un nuevo cese de actividades en los tribunales de la provincia. Adem\u00e1s defini\u00f3 realizar asambleas en las 18 departamentales bonaerenses ma\u00f1ana y pasado. Exigen que el Ejecutivo los convoque a paritarias. Seg\u00fan lo defini\u00f3 la comisi\u00f3n directiva del gremio ma\u00f1ana jueves\u2026","rel":"","context":"En \u00abSociedad\u00bb","block_context":{"text":"Sociedad","link":"http:\/\/www.24baires.com\/?cat=1"},"img":{"alt_text":"","src":"","width":0,"height":0},"classes":[]},{"id":38617,"url":"http:\/\/www.24baires.com\/?p=38617","url_meta":{"origin":58800,"position":4},"title":"San Isidrio: denunciaron penalmente al intendente Posse por la agresi\u00f3n a militantes","author":"GB","date":"16\/01\/2014","format":false,"excerpt":"El diputado nacional Horacio Pietragalla denunci\u00f3 penalmente al intendente de San Isidro, Gustavo Posse, por la agresi\u00f3n que sufrieron el s\u00e1bado \u00faltimo j\u00f3venes kirchneristas que pasaban dibujos animados a chicos en una plaza de ese partido bonaerense. \"Acabamos de presentar la denuncia contra Gustavo Posse en el ministerio p\u00fablico fiscal\u2026","rel":"","context":"En \u00abPoliciales\u00bb","block_context":{"text":"Policiales","link":"http:\/\/www.24baires.com\/?cat=49"},"img":{"alt_text":"represi\u00f3n en san isidro","src":"https:\/\/i0.wp.com\/www.24baires.com\/wp-content\/uploads\/2014\/01\/represi%C3%B3n-en-san-isidro.jpg?resize=350%2C200","width":350,"height":200},"classes":[]},{"id":65541,"url":"http:\/\/www.24baires.com\/?p=65541","url_meta":{"origin":58800,"position":5},"title":"Intervinieron afiches de Massa por incumplir orden municipal de Arrecifes","author":"GB","date":"07\/05\/2015","format":false,"excerpt":"La Juventud Socialista cubri\u00f3 los afiches massistas con fajas inscriptas con \"Publicidad en Infracci\u00f3n\" y se solicit\u00f3 al municipio aplicar la multa. El Intendente Bolinaga dej\u00f3 el Frente para la Victoria para unirse al Frente Renovador en las Elecciones 2013. Diversas columnas de la ciudad aparecieron empapeladas con carteles pertenecientes\u2026","rel":"","context":"En \u00abMunicipios\u00bb","block_context":{"text":"Municipios","link":"http:\/\/www.24baires.com\/?cat=44"},"img":{"alt_text":"massa 1","src":"https:\/\/i0.wp.com\/www.24baires.com\/wp-content\/uploads\/2015\/03\/massa-1.jpg?resize=350%2C200","width":350,"height":200,"srcset":"https:\/\/i0.wp.com\/www.24baires.com\/wp-content\/uploads\/2015\/03\/massa-1.jpg?resize=350%2C200 1x, https:\/\/i0.wp.com\/www.24baires.com\/wp-content\/uploads\/2015\/03\/massa-1.jpg?resize=525%2C300 1.5x"},"classes":[]}],"jetpack_sharing_enabled":true,"jetpack_likes_enabled":true,"jetpack_featured_media_url":"","_links":{"self":[{"href":"http:\/\/www.24baires.com\/index.php?rest_route=\/wp\/v2\/posts\/58800","targetHints":{"allow":["GET"]}}],"collection":[{"href":"http:\/\/www.24baires.com\/index.php?rest_route=\/wp\/v2\/posts"}],"about":[{"href":"http:\/\/www.24baires.com\/index.php?rest_route=\/wp\/v2\/types\/post"}],"author":[{"embeddable":true,"href":"http:\/\/www.24baires.com\/index.php?rest_route=\/wp\/v2\/users\/11"}],"replies":[{"embeddable":true,"href":"http:\/\/www.24baires.com\/index.php?rest_route=%2Fwp%2Fv2%2Fcomments&post=58800"}],"version-history":[{"count":1,"href":"http:\/\/www.24baires.com\/index.php?rest_route=\/wp\/v2\/posts\/58800\/revisions"}],"predecessor-version":[{"id":58802,"href":"http:\/\/www.24baires.com\/index.php?rest_route=\/wp\/v2\/posts\/58800\/revisions\/58802"}],"wp:attachment":[{"href":"http:\/\/www.24baires.com\/index.php?rest_route=%2Fwp%2Fv2%2Fmedia&parent=58800"}],"wp:term":[{"taxonomy":"category","embeddable":true,"href":"http:\/\/www.24baires.com\/index.php?rest_route=%2Fwp%2Fv2%2Fcategories&post=58800"},{"taxonomy":"post_tag","embeddable":true,"href":"http:\/\/www.24baires.com\/index.php?rest_route=%2Fwp%2Fv2%2Ftags&post=58800"}],"curies":[{"name":"wp","href":"https:\/\/api.w.org\/{rel}","templated":true}]}}