{"id":58793,"date":"2014-12-17T18:44:08","date_gmt":"2014-12-17T21:44:08","guid":{"rendered":"http:\/\/www.24baires.com\/?p=58793"},"modified":"2014-12-17T18:58:49","modified_gmt":"2014-12-17T21:58:49","slug":"arrepentido-moyano-piensa-nuevamente-en-un-paro","status":"publish","type":"post","link":"http:\/\/www.24baires.com\/?p=58793","title":{"rendered":"Arrepentido, Moyano piensa nuevamente en un paro"},"content":{"rendered":"<p><img data-recalc-dims=\"1\" loading=\"lazy\" decoding=\"async\" class=\"aligncenter size-full wp-image-52398\" src=\"https:\/\/i0.wp.com\/www.24baires.com\/wp-content\/uploads\/2014\/08\/barrionuevo-moyano.jpg?resize=560%2C315\" alt=\"barrionuevo moyano\" width=\"560\" height=\"315\" srcset=\"https:\/\/i0.wp.com\/www.24baires.com\/wp-content\/uploads\/2014\/08\/barrionuevo-moyano.jpg?w=560 560w, https:\/\/i0.wp.com\/www.24baires.com\/wp-content\/uploads\/2014\/08\/barrionuevo-moyano.jpg?resize=300%2C168 300w\" sizes=\"auto, (max-width: 560px) 100vw, 560px\" \/>Lo anunci\u00f3 luego de que la c\u00e1mara empresaria del transporte rechazara el pago de un bono de fin de a\u00f1o de $4.000 para cada trabajador.<!--more--><\/p>\n<p>El gremio de los camioneros, liderado por Hugo Moyano, anunci\u00f3 que realizar\u00e1 asambleas en todo el pa\u00eds y amenaz\u00f3 con un paro de 24 horas, luego de que la c\u00e1mara empresaria del transporte (Fadeaac) rechazara el pago de un bono de fin de a\u00f1o de $ 4.000 para cada trabajador.<\/p>\n<p>\u00abEl Sindicato de Ch\u00f3feres de Camiones, comunica que con motivo del fracaso en una nueva reuni\u00f3n con la c\u00e1mara empresaria del transporte (FADEAAC), por el bono de fin de a\u00f1o, la Federaci\u00f3n Argentina de Trabajadores Camioneros ha resuelto realizar asambleas en todas las bases, de todas las actividades y en todo el pa\u00eds, no descartando un paro total de actividades por 24 horas, dado que ya se han llevado a cabo varias reuniones y la parte empresaria sigue demostrando un total desinter\u00e9s en resolver la situaci\u00f3n\u00bb, inform\u00f3 el gremio en un comunicado.<\/p>\n<p>Y agreg\u00f3: \u00abComo es de p\u00fablico conocimiento, la inflaci\u00f3n hace necesaria e imperativa la colaboraci\u00f3n del sector empresario, quien en \u00e9pocas de bonanza tampoco sabe gratificar a sus trabajadores, y ahora manifiesta un malestar econ\u00f3mico, cuando en actos oficiales aplauden las medidas econ\u00f3micas del gobierno\u00bb.<\/p>\n","protected":false},"excerpt":{"rendered":"<p>Lo anunci\u00f3 luego de que la c\u00e1mara empresaria del transporte rechazara el pago de un bono de fin de a\u00f1o de $4.000 para cada trabajador.<\/p>\n","protected":false},"author":11,"featured_media":0,"comment_status":"open","ping_status":"open","sticky":false,"template":"","format":"standard","meta":{"_jetpack_newsletter_access":"","_jetpack_dont_email_post_to_subs":false,"_jetpack_newsletter_tier_id":0,"_jetpack_memberships_contains_paywalled_content":false,"_jetpack_memberships_contains_paid_content":false,"footnotes":""},"categories":[51],"tags":[],"class_list":["post-58793","post","type-post","status-publish","format-standard","hentry","category-politica"],"jetpack_shortlink":"https:\/\/wp.me\/p2JWE0-fih","jetpack-related-posts":[{"id":105774,"url":"http:\/\/www.24baires.com\/?p=105774","url_meta":{"origin":58793,"position":0},"title":"Empresarios del transporte dicen que no pueden pagar el bono y se teme un paro","author":"AF","date":"05\/12\/2018","format":false,"excerpt":"La FADEEAC argument\u00f3 que tras la paritaria del 45% m\u00e1s el pago de 5 mil de fin de a\u00f1o \"una nueva asignaci\u00f3n ser\u00eda imposible de asumir\", al tiempo que argument\u00f3 problemas legales. Pablo Moyano advirti\u00f3 que podr\u00eda haber medidas de fuerza. La c\u00e1mara que nuclea a las empresas de transporte\u2026","rel":"","context":"En \u00abSociedad\u00bb","block_context":{"text":"Sociedad","link":"http:\/\/www.24baires.com\/?cat=1"},"img":{"alt_text":"","src":"https:\/\/i0.wp.com\/www.24baires.com\/wp-content\/uploads\/2018\/10\/pablo-moyano.jpg?resize=350%2C200","width":350,"height":200,"srcset":"https:\/\/i0.wp.com\/www.24baires.com\/wp-content\/uploads\/2018\/10\/pablo-moyano.jpg?resize=350%2C200 1x, https:\/\/i0.wp.com\/www.24baires.com\/wp-content\/uploads\/2018\/10\/pablo-moyano.jpg?resize=525%2C300 1.5x"},"classes":[]},{"id":103448,"url":"http:\/\/www.24baires.com\/?p=103448","url_meta":{"origin":58793,"position":1},"title":"Trabajo mult\u00f3 a Moyano por $800 millones por ignorar una conciliaci\u00f3n","author":"AF","date":"19\/07\/2018","format":false,"excerpt":"El argumento fue que la dirigencia de Camioneros ignor\u00f3 una medida judicial de diciembre del a\u00f1o pasado. El Ministerio de Trabajo le impuso una multa de casi $810 millones al gremio de Camioneros este jueves por no cumplir con una conciliaci\u00f3n obligatoria que fue dictada el 26 de diciembre del\u2026","rel":"","context":"En \u00abPol\u00edtica\u00bb","block_context":{"text":"Pol\u00edtica","link":"http:\/\/www.24baires.com\/?cat=51"},"img":{"alt_text":"","src":"https:\/\/i0.wp.com\/www.24baires.com\/wp-content\/uploads\/2018\/01\/macri-moyano.jpg?resize=350%2C200","width":350,"height":200,"srcset":"https:\/\/i0.wp.com\/www.24baires.com\/wp-content\/uploads\/2018\/01\/macri-moyano.jpg?resize=350%2C200 1x, https:\/\/i0.wp.com\/www.24baires.com\/wp-content\/uploads\/2018\/01\/macri-moyano.jpg?resize=525%2C300 1.5x"},"classes":[]},{"id":58853,"url":"http:\/\/www.24baires.com\/?p=58853","url_meta":{"origin":58793,"position":2},"title":"Camioneros se ech\u00f3 para atr\u00e1s con el paro tras acordar un bono de $4000","author":"Grupo Sierra","date":"18\/12\/2014","format":false,"excerpt":"El gremio lleg\u00f3 a buen puerto en la negociaci\u00f3n por el plus salarial de fin de a\u00f1o y levant\u00f3 la medida de fuerza. Trabajo hab\u00eda dictado la conciliaci\u00f3n obligatoria. Fuentes del sindicato revelaron a NA que fueron los empresarios los que subieron el ofrecimiento de $2.500 a $ 4.000 y\u2026","rel":"","context":"En \u00abPol\u00edtica\u00bb","block_context":{"text":"Pol\u00edtica","link":"http:\/\/www.24baires.com\/?cat=51"},"img":{"alt_text":"bloqueo camioneros","src":"https:\/\/i0.wp.com\/www.24baires.com\/wp-content\/uploads\/2013\/02\/bloqueo-camioneros.jpg?resize=350%2C200","width":350,"height":200},"classes":[]},{"id":102916,"url":"http:\/\/www.24baires.com\/?p=102916","url_meta":{"origin":58793,"position":3},"title":"Para Pablo Moyano el paro de la CGT \u00abser\u00e1 total\u00bb","author":"Grupo Sierra","date":"22\/06\/2018","format":false,"excerpt":"El dirigente del sindicato de los camioneros Pablo Moyano pronostic\u00f3 que el paro nacional del lunes que realizar\u00e1 la CGT \"ser\u00e1 total\", porque asegur\u00f3 que \"la totalidad de los gremios del transporte y de servicio han adherido\". \"Va a ser un paro total\", vaticin\u00f3 Moyano en declaraciones a Radio Cooperativa.\u2026","rel":"","context":"En \u00abLocales\u00bb","block_context":{"text":"Locales","link":"http:\/\/www.24baires.com\/?cat=38"},"img":{"alt_text":"","src":"https:\/\/i0.wp.com\/www.24baires.com\/wp-content\/uploads\/2013\/07\/moyano-pablo.jpg?resize=350%2C200","width":350,"height":200,"srcset":"https:\/\/i0.wp.com\/www.24baires.com\/wp-content\/uploads\/2013\/07\/moyano-pablo.jpg?resize=350%2C200 1x, https:\/\/i0.wp.com\/www.24baires.com\/wp-content\/uploads\/2013\/07\/moyano-pablo.jpg?resize=525%2C300 1.5x"},"classes":[]},{"id":113223,"url":"http:\/\/www.24baires.com\/?p=113223","url_meta":{"origin":58793,"position":4},"title":"Camioneros amenaza con un paro general de 48 horas si no hay bono de fin de a\u00f1o","author":"AF","date":"02\/12\/2019","format":false,"excerpt":"Lo dijo en el marco de la movilizaci\u00f3n que Camioneros realiz\u00f3 al ministerio de Producci\u00f3n y Trabajo. El secretario adjunto del Sindicato de Choferes de Camiones, Pablo Moyano, encabez\u00f3 una marcha hasta el Ministerio de Producci\u00f3n y Trabajo en reclamo de la reapertura de paritarias y un bono de fin\u2026","rel":"","context":"En \u00abSociedad\u00bb","block_context":{"text":"Sociedad","link":"http:\/\/www.24baires.com\/?cat=1"},"img":{"alt_text":"","src":"https:\/\/i0.wp.com\/www.24baires.com\/wp-content\/uploads\/2018\/10\/pablo-moyano.jpg?resize=350%2C200","width":350,"height":200,"srcset":"https:\/\/i0.wp.com\/www.24baires.com\/wp-content\/uploads\/2018\/10\/pablo-moyano.jpg?resize=350%2C200 1x, https:\/\/i0.wp.com\/www.24baires.com\/wp-content\/uploads\/2018\/10\/pablo-moyano.jpg?resize=525%2C300 1.5x"},"classes":[]},{"id":95686,"url":"http:\/\/www.24baires.com\/?p=95686","url_meta":{"origin":58793,"position":5},"title":"Camioneros inicia un plan de lucha contra el Gobierno","author":"GB","date":"05\/07\/2017","format":false,"excerpt":"No hubo acuerdo en la negociaci\u00f3n paritaria y el gremio que conduce Pablo Moyano tomar\u00e1 medidas a partir del lunes. La negociaci\u00f3n paritaria del Sindicato de Camioneros no lleg\u00f3 a buen destino en el Ministerio de Trabajo y los trabajadores realizar\u00e1n un plan de lucha. El lunes habr\u00e1 asambleas permanentes\u2026","rel":"","context":"En \u00abPol\u00edtica\u00bb","block_context":{"text":"Pol\u00edtica","link":"http:\/\/www.24baires.com\/?cat=51"},"img":{"alt_text":"","src":"https:\/\/i0.wp.com\/www.24baires.com\/wp-content\/uploads\/2013\/07\/camioneros1-300x180.jpg?resize=350%2C200","width":350,"height":200},"classes":[]}],"jetpack_sharing_enabled":true,"jetpack_likes_enabled":true,"jetpack_featured_media_url":"","_links":{"self":[{"href":"http:\/\/www.24baires.com\/index.php?rest_route=\/wp\/v2\/posts\/58793","targetHints":{"allow":["GET"]}}],"collection":[{"href":"http:\/\/www.24baires.com\/index.php?rest_route=\/wp\/v2\/posts"}],"about":[{"href":"http:\/\/www.24baires.com\/index.php?rest_route=\/wp\/v2\/types\/post"}],"author":[{"embeddable":true,"href":"http:\/\/www.24baires.com\/index.php?rest_route=\/wp\/v2\/users\/11"}],"replies":[{"embeddable":true,"href":"http:\/\/www.24baires.com\/index.php?rest_route=%2Fwp%2Fv2%2Fcomments&post=58793"}],"version-history":[{"count":1,"href":"http:\/\/www.24baires.com\/index.php?rest_route=\/wp\/v2\/posts\/58793\/revisions"}],"predecessor-version":[{"id":58794,"href":"http:\/\/www.24baires.com\/index.php?rest_route=\/wp\/v2\/posts\/58793\/revisions\/58794"}],"wp:attachment":[{"href":"http:\/\/www.24baires.com\/index.php?rest_route=%2Fwp%2Fv2%2Fmedia&parent=58793"}],"wp:term":[{"taxonomy":"category","embeddable":true,"href":"http:\/\/www.24baires.com\/index.php?rest_route=%2Fwp%2Fv2%2Fcategories&post=58793"},{"taxonomy":"post_tag","embeddable":true,"href":"http:\/\/www.24baires.com\/index.php?rest_route=%2Fwp%2Fv2%2Ftags&post=58793"}],"curies":[{"name":"wp","href":"https:\/\/api.w.org\/{rel}","templated":true}]}}