{"id":58787,"date":"2014-12-17T17:00:13","date_gmt":"2014-12-17T20:00:13","guid":{"rendered":"http:\/\/www.24baires.com\/?p=58787"},"modified":"2014-12-17T16:47:02","modified_gmt":"2014-12-17T19:47:02","slug":"los-presidentes-del-mercosur-respaldaron-a-argentina-con-los-fondos-buitre","status":"publish","type":"post","link":"http:\/\/www.24baires.com\/?p=58787","title":{"rendered":"Los presidentes del Mercosur respaldaron a Argentina con los Fondos Buitre"},"content":{"rendered":"<p><img data-recalc-dims=\"1\" loading=\"lazy\" decoding=\"async\" class=\"alignleft size-full wp-image-57731\" src=\"https:\/\/i0.wp.com\/www.24baires.com\/wp-content\/uploads\/2014\/11\/mercosur.jpg?resize=315%2C200\" alt=\"mercosur\" width=\"315\" height=\"200\" srcset=\"https:\/\/i0.wp.com\/www.24baires.com\/wp-content\/uploads\/2014\/11\/mercosur.jpg?w=315 315w, https:\/\/i0.wp.com\/www.24baires.com\/wp-content\/uploads\/2014\/11\/mercosur.jpg?resize=300%2C190 300w\" sizes=\"auto, (max-width: 315px) 100vw, 315px\" \/>Los jefes y jefas de Estado del bloque suscribieron hoy cinco documentos, entre los cuales se destaca uno en el que respaldaron la posici\u00f3n Argentina en su lucha contra los fondos buitre.<!--more--><\/p>\n<p>\u00abLos jefes y Jefas de Estado del Mercosur firmaron cinco declaraciones conjuntas y dos comunicados, entre los que se encuentran el apoyo a Argentina en su lucha contra los Fondos Buitre, y un respaldo a Venezuela por las medidas adoptadas por el Congreso de los Estados Unidos\u00bb, se inform\u00f3 de manera oficial.<\/p>\n<p>&nbsp;<\/p>\n<p>&nbsp;<\/p>\n<p>&nbsp;<\/p>\n<p>&nbsp;<\/p>\n<p>&nbsp;<\/p>\n<p>&nbsp;<\/p>\n<p>&nbsp;<\/p>\n<p>&nbsp;<\/p>\n<p>&nbsp;<\/p>\n<p>&nbsp;<\/p>\n<p>&nbsp;<\/p>\n<p>&nbsp;<\/p>\n","protected":false},"excerpt":{"rendered":"<p>Los jefes y jefas de Estado del bloque suscribieron hoy cinco documentos, entre los cuales se destaca uno en el que respaldaron la posici\u00f3n Argentina en su lucha contra los fondos buitre.<\/p>\n","protected":false},"author":8,"featured_media":0,"comment_status":"open","ping_status":"open","sticky":false,"template":"","format":"standard","meta":{"_jetpack_newsletter_access":"","_jetpack_dont_email_post_to_subs":false,"_jetpack_newsletter_tier_id":0,"_jetpack_memberships_contains_paywalled_content":false,"_jetpack_memberships_contains_paid_content":false,"footnotes":""},"categories":[51],"tags":[],"class_list":["post-58787","post","type-post","status-publish","format-standard","hentry","category-politica"],"jetpack_shortlink":"https:\/\/wp.me\/p2JWE0-fib","jetpack-related-posts":[{"id":48732,"url":"http:\/\/www.24baires.com\/?p=48732","url_meta":{"origin":58787,"position":0},"title":"\u00abEl respaldo internacional a la Argentina es cada vez m\u00e1s claro, contundente y extendido\u00bb","author":"AF","date":"26\/06\/2014","format":false,"excerpt":"El jefe de Gabinete, Jorge Capitanich, destac\u00f3 hoy el apoyo \"cada vez m\u00e1s claro, contundente y extendido\" recibido por la Argentina frente al fallo que la obliga a pagar el total de la deuda a los fondos buitre. \"Es una plataforma extraordinariamente importante de apoyo\", dijo el funcionario nacional al\u2026","rel":"","context":"En \u00abLocales\u00bb","block_context":{"text":"Locales","link":"http:\/\/www.24baires.com\/?cat=38"},"img":{"alt_text":"capitanich","src":"https:\/\/i0.wp.com\/www.24baires.com\/wp-content\/uploads\/2014\/03\/capitanich.jpg?resize=350%2C200","width":350,"height":200,"srcset":"https:\/\/i0.wp.com\/www.24baires.com\/wp-content\/uploads\/2014\/03\/capitanich.jpg?resize=350%2C200 1x, https:\/\/i0.wp.com\/www.24baires.com\/wp-content\/uploads\/2014\/03\/capitanich.jpg?resize=525%2C300 1.5x"},"classes":[]},{"id":49420,"url":"http:\/\/www.24baires.com\/?p=49420","url_meta":{"origin":58787,"position":1},"title":"Parlasur y la solidaridad con Argentina ante los buitres","author":"Grupo Sierra","date":"07\/07\/2014","format":false,"excerpt":"El Parlamento del Mercosur aval\u00f3 la declaraci\u00f3n de \u201csolidaridad con el pueblo y gobierno de la Rep\u00fablica Argentina\u201d, ante los agentes especulativos y abog\u00f3 por una soluci\u00f3n que no comprometa el amplio proceso de reestructuraci\u00f3n de su deuda soberana. El Parlamento regional dio adem\u00e1s su \u201crespaldo al logro de una\u2026","rel":"","context":"En \u00abSociedad\u00bb","block_context":{"text":"Sociedad","link":"http:\/\/www.24baires.com\/?cat=1"},"img":{"alt_text":"fondos buitre","src":"https:\/\/i0.wp.com\/www.24baires.com\/wp-content\/uploads\/2014\/06\/fondos-buitre.jpg?resize=350%2C200","width":350,"height":200,"srcset":"https:\/\/i0.wp.com\/www.24baires.com\/wp-content\/uploads\/2014\/06\/fondos-buitre.jpg?resize=350%2C200 1x, https:\/\/i0.wp.com\/www.24baires.com\/wp-content\/uploads\/2014\/06\/fondos-buitre.jpg?resize=525%2C300 1.5x"},"classes":[]},{"id":50038,"url":"http:\/\/www.24baires.com\/?p=50038","url_meta":{"origin":58787,"position":2},"title":"\u00abEl verdadero inter\u00e9s es la apropiaci\u00f3n de recursos estrat\u00e9gicos del pa\u00eds\u00bb","author":"AF","date":"17\/07\/2014","format":false,"excerpt":"El jefe de Gabinete, Jorge Capitanich, afirm\u00f3 en su habitual conferencia de prensa que \"los fondos buitre nunca invirtieron en el pa\u00eds y Argentina siempre cumpli\u00f3 con sus acreedores\". El jefe de Gabinete, Jorge Capitanich, afirm\u00f3 hoy que \"el verdadero inter\u00e9s\" de los fondos buitre es \"la apropiaci\u00f3n de recursos\u2026","rel":"","context":"En \u00abPol\u00edtica\u00bb","block_context":{"text":"Pol\u00edtica","link":"http:\/\/www.24baires.com\/?cat=51"},"img":{"alt_text":"capitanich dolares","src":"https:\/\/i0.wp.com\/www.24baires.com\/wp-content\/uploads\/2014\/01\/capitanich-dolares.jpg?resize=350%2C200","width":350,"height":200,"srcset":"https:\/\/i0.wp.com\/www.24baires.com\/wp-content\/uploads\/2014\/01\/capitanich-dolares.jpg?resize=350%2C200 1x, https:\/\/i0.wp.com\/www.24baires.com\/wp-content\/uploads\/2014\/01\/capitanich-dolares.jpg?resize=525%2C300 1.5x"},"classes":[]},{"id":71879,"url":"http:\/\/www.24baires.com\/?p=71879","url_meta":{"origin":58787,"position":3},"title":"Kicillof ir\u00e1 a la ONU para impulsar la resoluci\u00f3n contra los fondos buitre","author":"GB","date":"09\/09\/2015","format":false,"excerpt":"El ministro de Econom\u00eda viajar\u00e1 esta noche a Nueva York para asistir en las Naciones Unidas a la votaci\u00f3n de la resoluci\u00f3n que condena el accionar de los fondos buitre y busca crear un marco legal para la reestructuraci\u00f3n de las deudas soberanas. Fuentes del Palacio de Hacienda confirmaron el\u2026","rel":"","context":"En \u00abEconom\u00eda\u00bb","block_context":{"text":"Econom\u00eda","link":"http:\/\/www.24baires.com\/?cat=45"},"img":{"alt_text":"kicillof onu","src":"https:\/\/i0.wp.com\/www.24baires.com\/wp-content\/uploads\/2015\/04\/kicillof-onu.jpg?resize=350%2C200","width":350,"height":200,"srcset":"https:\/\/i0.wp.com\/www.24baires.com\/wp-content\/uploads\/2015\/04\/kicillof-onu.jpg?resize=350%2C200 1x, https:\/\/i0.wp.com\/www.24baires.com\/wp-content\/uploads\/2015\/04\/kicillof-onu.jpg?resize=525%2C300 1.5x"},"classes":[]},{"id":48232,"url":"http:\/\/www.24baires.com\/?p=48232","url_meta":{"origin":58787,"position":4},"title":"Todos los bloques apoyaron la estrategia argentina frente a los fondos buitre","author":"AF","date":"18\/06\/2014","format":false,"excerpt":"El jefe de Gabinete destac\u00f3 que los distintos bloques del Congreso as\u00ed se manifestaron durante la reuni\u00f3n que encabez\u00f3 junto al ministro de Econom\u00eda, Axel Kicillof, y el secretario Legal y T\u00e9cnico, Carlos Zannini en en relaci\u00f3n a los fondos buitre. As\u00ed lo afirm\u00f3 Capitanich en declaraciones a la prensa,\u2026","rel":"","context":"En \u00abEconom\u00eda\u00bb","block_context":{"text":"Econom\u00eda","link":"http:\/\/www.24baires.com\/?cat=45"},"img":{"alt_text":"kicillof-capitanich","src":"https:\/\/i0.wp.com\/www.24baires.com\/wp-content\/uploads\/2014\/01\/kicillof-capitanich.jpg?resize=350%2C200","width":350,"height":200,"srcset":"https:\/\/i0.wp.com\/www.24baires.com\/wp-content\/uploads\/2014\/01\/kicillof-capitanich.jpg?resize=350%2C200 1x, https:\/\/i0.wp.com\/www.24baires.com\/wp-content\/uploads\/2014\/01\/kicillof-capitanich.jpg?resize=525%2C300 1.5x"},"classes":[]},{"id":50672,"url":"http:\/\/www.24baires.com\/?p=50672","url_meta":{"origin":58787,"position":5},"title":"Cristina viaja a Venezuela para participar de la Cumbre del Mercosur","author":"AF","date":"28\/07\/2014","format":false,"excerpt":"La Presidenta partir\u00e1 este lunes rumbo a Caracas para participar de la 46a. Cumbre de Jefes y Jefas de Estado del Mercosur, donde, adem\u00e1s, la Argentina recibir\u00e1 la presidencia pro t\u00e9mpore del bloque regional. La presidenta Cristina Fern\u00e1ndez de Kirchner viajar\u00e1 aproximadamente a las 17 del aeroparque metropolitano Jorge Newbery\u2026","rel":"","context":"En \u00abInternacionales\u00bb","block_context":{"text":"Internacionales","link":"http:\/\/www.24baires.com\/?cat=73"},"img":{"alt_text":"cristina rating 2","src":"https:\/\/i0.wp.com\/www.24baires.com\/wp-content\/uploads\/2014\/06\/cristina-rating-2.jpg?resize=350%2C200","width":350,"height":200,"srcset":"https:\/\/i0.wp.com\/www.24baires.com\/wp-content\/uploads\/2014\/06\/cristina-rating-2.jpg?resize=350%2C200 1x, https:\/\/i0.wp.com\/www.24baires.com\/wp-content\/uploads\/2014\/06\/cristina-rating-2.jpg?resize=525%2C300 1.5x"},"classes":[]}],"jetpack_sharing_enabled":true,"jetpack_likes_enabled":true,"jetpack_featured_media_url":"","_links":{"self":[{"href":"http:\/\/www.24baires.com\/index.php?rest_route=\/wp\/v2\/posts\/58787","targetHints":{"allow":["GET"]}}],"collection":[{"href":"http:\/\/www.24baires.com\/index.php?rest_route=\/wp\/v2\/posts"}],"about":[{"href":"http:\/\/www.24baires.com\/index.php?rest_route=\/wp\/v2\/types\/post"}],"author":[{"embeddable":true,"href":"http:\/\/www.24baires.com\/index.php?rest_route=\/wp\/v2\/users\/8"}],"replies":[{"embeddable":true,"href":"http:\/\/www.24baires.com\/index.php?rest_route=%2Fwp%2Fv2%2Fcomments&post=58787"}],"version-history":[{"count":1,"href":"http:\/\/www.24baires.com\/index.php?rest_route=\/wp\/v2\/posts\/58787\/revisions"}],"predecessor-version":[{"id":58788,"href":"http:\/\/www.24baires.com\/index.php?rest_route=\/wp\/v2\/posts\/58787\/revisions\/58788"}],"wp:attachment":[{"href":"http:\/\/www.24baires.com\/index.php?rest_route=%2Fwp%2Fv2%2Fmedia&parent=58787"}],"wp:term":[{"taxonomy":"category","embeddable":true,"href":"http:\/\/www.24baires.com\/index.php?rest_route=%2Fwp%2Fv2%2Fcategories&post=58787"},{"taxonomy":"post_tag","embeddable":true,"href":"http:\/\/www.24baires.com\/index.php?rest_route=%2Fwp%2Fv2%2Ftags&post=58787"}],"curies":[{"name":"wp","href":"https:\/\/api.w.org\/{rel}","templated":true}]}}