{"id":58773,"date":"2014-12-17T14:00:05","date_gmt":"2014-12-17T17:00:05","guid":{"rendered":"http:\/\/www.24baires.com\/?p=58773"},"modified":"2014-12-18T09:54:40","modified_gmt":"2014-12-18T12:54:40","slug":"es-imposible-integrarse-al-mundo-si-no-se-esta-integrado-en-la-region","status":"publish","type":"post","link":"http:\/\/www.24baires.com\/?p=58773","title":{"rendered":"\u00abEs imposible integrarse al mundo si no se est\u00e1 integrado en la regi\u00f3n\u00bb"},"content":{"rendered":"<p><img data-recalc-dims=\"1\" loading=\"lazy\" decoding=\"async\" class=\"aligncenter size-full wp-image-51375\" src=\"https:\/\/i0.wp.com\/www.24baires.com\/wp-content\/uploads\/2014\/08\/cristina3.jpg?resize=560%2C373\" alt=\"cristina3\" width=\"560\" height=\"373\" srcset=\"https:\/\/i0.wp.com\/www.24baires.com\/wp-content\/uploads\/2014\/08\/cristina3.jpg?w=560 560w, https:\/\/i0.wp.com\/www.24baires.com\/wp-content\/uploads\/2014\/08\/cristina3.jpg?resize=300%2C199 300w\" sizes=\"auto, (max-width: 560px) 100vw, 560px\" \/>La presidenta encabeza la 47\u00b0Cumbre de Jefes y Jefas de Estado del Mercosur en la ciudad de Paran\u00e1, Entre R\u00edos.<!--more--><\/p>\n<p>La presidenta Cristina Fern\u00e1ndez de Kirchner afirm\u00f3 hoy que es imposible integrarse al mundo si no se est\u00e1 integrado regionalmente\u201d y destac\u00f3 el potencial del Mercosur en materia de recursos humanos y naturales que lo convierte en \u201cun lugar de privilegio en el mundo\u201d.<\/p>\n<p>Durante la apertura de la cumbre de jefes de Estado del Mercosur, en Paran\u00e1, la Presidenta destac\u00f3 los avances en la integraci\u00f3n regional, logrados no sin \u201cdificultades o diferencias\u201d, y reconoci\u00f3 que los bloques regionales \u201cno pueden ser un obst\u00e1culo para integrarse al mundo\u201d.<\/p>\n<p>En este sentido, Cristina consider\u00f3 que el intercambio comercial por fuera del Mercosur \u201cno significa renegar a otras \u00e1reas m\u00e1s consolidadas\u201d, pero se\u00f1al\u00f3 que esos intercambios no pueden darse \u201cen detrimento de nuestra regi\u00f3n\u201d.<\/p>\n<p>\u00abNo puede haber desarrollo ni crecimiento si no es de car\u00e1cter inclusivo\u00bb, dijo la mandataria al sostener la necesidad de la integraci\u00f3n de los pa\u00edses, que es \u00abaltamente beneficiosa para los pueblos, fundamentalmente para los sectores m\u00e1s vulnerables y los que necesitan asistencia del Estado\u00bb, al encabezar la 47\u00b0Cumbre de Jefes y Jefas de Estado del Mercosur.<\/p>\n<p>La presidenta afirm\u00f3 que es \u00abinteligencia econ\u00f3mica, porque cuando m\u00e1s se ha crecido es cuando mayor cantidad de gente se ha incorporado al consumo, al trabajo y a la promoci\u00f3n\u00bb.<\/p>\n<p>\u00abEsa es la clave para el crecimiento del pa\u00eds y para estar fortalecido a la hora de la integraci\u00f3n\u00bb, que \u00abno puede confundirse con la subordinaci\u00f3n\u00bb, afirm\u00f3.<\/p>\n<p>En otro momento de su discurso, Cristina afirm\u00f3 que \u00abel manejo del precio del petr\u00f3leo ejemplifica que el mercado es un maravilloso eufemismo que se hall\u00f3 para ocultar las razones geopol\u00edticas y los intereses de otros pa\u00edses\u00bb.<\/p>\n<p>\u00abEl mercado es un conjunto de grandes empresas que en alg\u00fan momento se re\u00fanen y toman decisiones que impactan en la pol\u00edtica\u00bb, explic\u00f3 Cristina al hablar en 47 Cumbre de presidentes del Mercosur, en la ciudad de Paran\u00e1.<\/p>\n<p>&nbsp;<\/p>\n<p>&nbsp;<\/p>\n<p>&nbsp;<\/p>\n<p>&nbsp;<\/p>\n<p>&nbsp;<\/p>\n<p>&nbsp;<\/p>\n<p>&nbsp;<\/p>\n<p>&nbsp;<\/p>\n<p>&nbsp;<\/p>\n<p>&nbsp;<\/p>\n<p>&nbsp;<\/p>\n<p>&nbsp;<\/p>\n<p>&nbsp;<\/p>\n<p>&nbsp;<\/p>\n","protected":false},"excerpt":{"rendered":"<p>La presidenta encabeza la 47\u00b0Cumbre de Jefes y Jefas de Estado del Mercosur en la ciudad de Paran\u00e1, Entre R\u00edos.<\/p>\n","protected":false},"author":8,"featured_media":0,"comment_status":"open","ping_status":"open","sticky":false,"template":"","format":"standard","meta":{"_jetpack_newsletter_access":"","_jetpack_dont_email_post_to_subs":false,"_jetpack_newsletter_tier_id":0,"_jetpack_memberships_contains_paywalled_content":false,"_jetpack_memberships_contains_paid_content":false,"footnotes":""},"categories":[51],"tags":[],"class_list":["post-58773","post","type-post","status-publish","format-standard","hentry","category-politica"],"jetpack_shortlink":"https:\/\/wp.me\/p2JWE0-fhX","jetpack-related-posts":[{"id":102804,"url":"http:\/\/www.24baires.com\/?p=102804","url_meta":{"origin":58773,"position":0},"title":"Por los cambios de gabinete, Macri no asistir\u00e1 a la Cumbre del Mercosur en Paraguay","author":"Grupo Sierra","date":"17\/06\/2018","format":false,"excerpt":"El presidente argentino, Mauricio Macri, no asistir\u00e1 el lunes como estaba previsto a la cumbre del Mercosur, que sesionar\u00e1 en Asunci\u00f3n del Paraguay con una agenda pol\u00edtica y comercial, seg\u00fan inform\u00f3 la agencia estatal T\u00e9lam. Macri, que se enfrenta a una complicada situaci\u00f3n financiera con cambios de ministros en el\u2026","rel":"","context":"En \u00abPol\u00edtica\u00bb","block_context":{"text":"Pol\u00edtica","link":"http:\/\/www.24baires.com\/?cat=51"},"img":{"alt_text":"","src":"https:\/\/i0.wp.com\/www.24baires.com\/wp-content\/uploads\/2018\/01\/macri.jpg?resize=350%2C200","width":350,"height":200,"srcset":"https:\/\/i0.wp.com\/www.24baires.com\/wp-content\/uploads\/2018\/01\/macri.jpg?resize=350%2C200 1x, https:\/\/i0.wp.com\/www.24baires.com\/wp-content\/uploads\/2018\/01\/macri.jpg?resize=525%2C300 1.5x"},"classes":[]},{"id":119126,"url":"http:\/\/www.24baires.com\/?p=119126","url_meta":{"origin":58773,"position":1},"title":"\u00abTenemos que estar m\u00e1s unidos que nunca\u00bb","author":"AF","date":"21\/07\/2022","format":false,"excerpt":"El Presidente inst\u00f3 a sus pares a \"resolver las asimetr\u00edas\" dentro del bloque, y llam\u00f3 en su discurso explorar la posibilidad de hacer un acuerdo comercial conjunto con China, en medio de las negociaciones que lleva acabo Uruguay con el gigante asi\u00e1tico. El presidente Alberto Fern\u00e1ndez inst\u00f3 este jueves a\u2026","rel":"","context":"En \u00abPol\u00edtica\u00bb","block_context":{"text":"Pol\u00edtica","link":"http:\/\/www.24baires.com\/?cat=51"},"img":{"alt_text":"","src":"https:\/\/i0.wp.com\/www.24baires.com\/wp-content\/uploads\/2022\/07\/alberto-f.jpg?resize=350%2C200","width":350,"height":200,"srcset":"https:\/\/i0.wp.com\/www.24baires.com\/wp-content\/uploads\/2022\/07\/alberto-f.jpg?resize=350%2C200 1x, https:\/\/i0.wp.com\/www.24baires.com\/wp-content\/uploads\/2022\/07\/alberto-f.jpg?resize=525%2C300 1.5x, https:\/\/i0.wp.com\/www.24baires.com\/wp-content\/uploads\/2022\/07\/alberto-f.jpg?resize=700%2C400 2x"},"classes":[]},{"id":117825,"url":"http:\/\/www.24baires.com\/?p=117825","url_meta":{"origin":58773,"position":2},"title":"Alberto Fern\u00e1ndez encabeza la Cumbre de Jefes de Estado del Mercosur","author":"GB","date":"08\/07\/2021","format":false,"excerpt":"Durante el acto Argentina le transferir\u00e1 la presidencia pro t\u00e9mpore del bloque a Brasil. El presidente Alberto Fern\u00e1ndez encabeza la Cumbre de Jefes de Estado del Mercado Com\u00fan del Sur (Mercosur), Estados Asociados e Invitados Especiales, seg\u00fan se inform\u00f3 oficialmente. La cumbre ser\u00e1 por videoconferencia a partir de las 11\u2026","rel":"","context":"En \u00abPol\u00edtica\u00bb","block_context":{"text":"Pol\u00edtica","link":"http:\/\/www.24baires.com\/?cat=51"},"img":{"alt_text":"","src":"https:\/\/i0.wp.com\/www.24baires.com\/wp-content\/uploads\/2020\/08\/alberto-fern%C3%A1ndez.jpg?resize=350%2C200","width":350,"height":200,"srcset":"https:\/\/i0.wp.com\/www.24baires.com\/wp-content\/uploads\/2020\/08\/alberto-fern%C3%A1ndez.jpg?resize=350%2C200 1x, https:\/\/i0.wp.com\/www.24baires.com\/wp-content\/uploads\/2020\/08\/alberto-fern%C3%A1ndez.jpg?resize=525%2C300 1.5x"},"classes":[]},{"id":111061,"url":"http:\/\/www.24baires.com\/?p=111061","url_meta":{"origin":58773,"position":3},"title":"Macri: \u201cSi no estamos integrados al mundo, hoy no tenemos futuro como pa\u00eds\u201d","author":"GB","date":"04\/07\/2019","format":false,"excerpt":"El presidente habl\u00f3 sobre el acuerdo Mercosur \u2013 Uni\u00f3n Europea y volvi\u00f3 a marcar diferencias con el gobierno anterior en torno a las pol\u00edticas econ\u00f3micas. El presidente, Mauricio Macri, particip\u00f3 en el Encuentro Anual de la Asociaci\u00f3n Cristiana de Dirigentes de Empresas (ACDE). All\u00ed brind\u00f3 un discurso y destac\u00f3 el\u2026","rel":"","context":"En \u00abEconom\u00eda\u00bb","block_context":{"text":"Econom\u00eda","link":"http:\/\/www.24baires.com\/?cat=45"},"img":{"alt_text":"","src":"https:\/\/i0.wp.com\/www.24baires.com\/wp-content\/uploads\/2019\/07\/macri-empresarios.jpg?resize=350%2C200","width":350,"height":200,"srcset":"https:\/\/i0.wp.com\/www.24baires.com\/wp-content\/uploads\/2019\/07\/macri-empresarios.jpg?resize=350%2C200 1x, https:\/\/i0.wp.com\/www.24baires.com\/wp-content\/uploads\/2019\/07\/macri-empresarios.jpg?resize=525%2C300 1.5x"},"classes":[]},{"id":58756,"url":"http:\/\/www.24baires.com\/?p=58756","url_meta":{"origin":58773,"position":4},"title":"Cristina encabeza la Cumbre de jefes y jefas de Estado del Mercosur","author":"AF","date":"17\/12\/2014","format":false,"excerpt":"Ser\u00e1 en Entre R\u00edos, donde los mandatarios avanzar\u00e1n en el proceso de construcci\u00f3n de una \u201cciudadan\u00eda mercosuriana\u201d, definieron los cancilleres esta ma\u00f1ana en la reuni\u00f3n preparatoria. La mandataria arrib\u00f3 anoche, pasadas las 22.45, acompa\u00f1ada por el secretario de Comunicaci\u00f3n P\u00fablica, Alfredo Scoccimarro, y una comitiva integrada por el Jefe de\u2026","rel":"","context":"En \u00abInternacionales\u00bb","block_context":{"text":"Internacionales","link":"http:\/\/www.24baires.com\/?cat=73"},"img":{"alt_text":"cristina","src":"https:\/\/i0.wp.com\/www.24baires.com\/wp-content\/uploads\/2014\/10\/cristina5.jpg?resize=350%2C200","width":350,"height":200,"srcset":"https:\/\/i0.wp.com\/www.24baires.com\/wp-content\/uploads\/2014\/10\/cristina5.jpg?resize=350%2C200 1x, https:\/\/i0.wp.com\/www.24baires.com\/wp-content\/uploads\/2014\/10\/cristina5.jpg?resize=525%2C300 1.5x"},"classes":[]},{"id":69104,"url":"http:\/\/www.24baires.com\/?p=69104","url_meta":{"origin":58773,"position":5},"title":"Cristina viaja a Brasil para la Cumbre de Jefes de Estado del Mercosur","author":"AF","date":"15\/07\/2015","format":false,"excerpt":"La Presidenta viajar\u00e1 a Brasilia para participar de la 28\u00b0 cumbre de jefes de Estado y de Gobierno del Mercosur. Durante el encuentro de mandatarios se impulsar\u00e1 el ingreso formal de Bolivia como miembro pleno del bloque. Al final de la cumbre Paraguay asumir\u00e1 la presidencia pro t\u00e9mpore, lugar que\u2026","rel":"","context":"En \u00abInternacionales\u00bb","block_context":{"text":"Internacionales","link":"http:\/\/www.24baires.com\/?cat=73"},"img":{"alt_text":"cristina cumbre americas","src":"https:\/\/i0.wp.com\/www.24baires.com\/wp-content\/uploads\/2015\/04\/cristina-cumbre-americas.jpg?resize=350%2C200","width":350,"height":200,"srcset":"https:\/\/i0.wp.com\/www.24baires.com\/wp-content\/uploads\/2015\/04\/cristina-cumbre-americas.jpg?resize=350%2C200 1x, https:\/\/i0.wp.com\/www.24baires.com\/wp-content\/uploads\/2015\/04\/cristina-cumbre-americas.jpg?resize=525%2C300 1.5x"},"classes":[]}],"jetpack_sharing_enabled":true,"jetpack_likes_enabled":true,"jetpack_featured_media_url":"","_links":{"self":[{"href":"http:\/\/www.24baires.com\/index.php?rest_route=\/wp\/v2\/posts\/58773","targetHints":{"allow":["GET"]}}],"collection":[{"href":"http:\/\/www.24baires.com\/index.php?rest_route=\/wp\/v2\/posts"}],"about":[{"href":"http:\/\/www.24baires.com\/index.php?rest_route=\/wp\/v2\/types\/post"}],"author":[{"embeddable":true,"href":"http:\/\/www.24baires.com\/index.php?rest_route=\/wp\/v2\/users\/8"}],"replies":[{"embeddable":true,"href":"http:\/\/www.24baires.com\/index.php?rest_route=%2Fwp%2Fv2%2Fcomments&post=58773"}],"version-history":[{"count":1,"href":"http:\/\/www.24baires.com\/index.php?rest_route=\/wp\/v2\/posts\/58773\/revisions"}],"predecessor-version":[{"id":58774,"href":"http:\/\/www.24baires.com\/index.php?rest_route=\/wp\/v2\/posts\/58773\/revisions\/58774"}],"wp:attachment":[{"href":"http:\/\/www.24baires.com\/index.php?rest_route=%2Fwp%2Fv2%2Fmedia&parent=58773"}],"wp:term":[{"taxonomy":"category","embeddable":true,"href":"http:\/\/www.24baires.com\/index.php?rest_route=%2Fwp%2Fv2%2Fcategories&post=58773"},{"taxonomy":"post_tag","embeddable":true,"href":"http:\/\/www.24baires.com\/index.php?rest_route=%2Fwp%2Fv2%2Ftags&post=58773"}],"curies":[{"name":"wp","href":"https:\/\/api.w.org\/{rel}","templated":true}]}}