{"id":58754,"date":"2014-12-16T21:33:06","date_gmt":"2014-12-17T00:33:06","guid":{"rendered":"http:\/\/www.24baires.com\/?p=58754"},"modified":"2014-12-16T19:49:51","modified_gmt":"2014-12-16T22:49:51","slug":"anibal-fernandez-confirmo-que-renunciara-al-senado","status":"publish","type":"post","link":"http:\/\/www.24baires.com\/?p=58754","title":{"rendered":"An\u00edbal Fern\u00e1ndez confirm\u00f3 que renunciar\u00e1 al Senado"},"content":{"rendered":"<p><img data-recalc-dims=\"1\" loading=\"lazy\" decoding=\"async\" class=\"aligncenter size-full wp-image-44304\" src=\"https:\/\/i0.wp.com\/www.24baires.com\/wp-content\/uploads\/2014\/04\/an%C3%ADbal-fern%C3%A1ndez.jpg?resize=560%2C314\" alt=\"an\u00edbal fern\u00e1ndez\" width=\"560\" height=\"314\" srcset=\"https:\/\/i0.wp.com\/www.24baires.com\/wp-content\/uploads\/2014\/04\/an%C3%ADbal-fern%C3%A1ndez.jpg?w=560 560w, https:\/\/i0.wp.com\/www.24baires.com\/wp-content\/uploads\/2014\/04\/an%C3%ADbal-fern%C3%A1ndez.jpg?resize=300%2C168 300w\" sizes=\"auto, (max-width: 560px) 100vw, 560px\" \/>El legislador por la provincia de Buenos Aires por el Frente para la Victoria asumir\u00e1 el pr\u00f3ximo jueves como secretario General de la Presidencia.<!--more--><\/p>\n<p>El senador por la provincia de Buenos Aires por el Frente para la Victoria, An\u00edbal Fern\u00e1ndez, confirm\u00f3 hoy que renunciar\u00e1 a su banca para asumir como secretario General de la Presidencia.<\/p>\n<p>En declaraciones a la prensa tras el anuncio de su designaci\u00f3n realizado hoy por el secretario de Comunicaci\u00f3n Alfredo Scoccimarro, Fern\u00e1ndez agreg\u00f3 que \u00ablos hombres hacen las cosas como corresponden\u00bb.<\/p>\n<p>El actual secretario general de la Presidencia, Oscar Parrilli, asumir\u00e1 esta noche como nuevo titular de la Secretar\u00eda de Inteligencia, y su cargo lo ocupar\u00e1 el senador Fern\u00e1ndez.<\/p>\n<p>Scoccimarro, en conferencia de prensa en Casa de Gobierno, inform\u00f3 que la presidenta Cristina Fern\u00e1ndez de Kirchner acept\u00f3 hoy las renuncias presentadas por el secretario y subsecretario de Inteligencia, H\u00e9ctor Icazuriaga y Francisco Larcher, respectivamente.<\/p>\n<p>A\u00f1adi\u00f3 que Parrili ser\u00e1 puesto en posesi\u00f3n de su cargo a las 20 por la Presidenta y acot\u00f3 que fue designado como subsecretario de Inteligencia, en reemplazo de Francisco Larcher, Juan Mart\u00edn Mena, que se har\u00e1 cargo de la nueva funci\u00f3n \u00aben los pr\u00f3ximos d\u00edas\u00bb.<\/p>\n<p>Por \u00faltimo, Scoccimarro precis\u00f3 que el senador An\u00edbal Fern\u00e1ndez ser\u00e1 puesto en funciones el pr\u00f3ximo jueves a las 20.30.<\/p>\n<p>&nbsp;<\/p>\n<p>&nbsp;<\/p>\n<p>&nbsp;<\/p>\n<p>&nbsp;<\/p>\n","protected":false},"excerpt":{"rendered":"<p>El legislador por la provincia de Buenos Aires por el Frente para la Victoria asumir\u00e1 el pr\u00f3ximo jueves como secretario General de la Presidencia.<\/p>\n","protected":false},"author":11,"featured_media":0,"comment_status":"open","ping_status":"open","sticky":false,"template":"","format":"standard","meta":{"_jetpack_newsletter_access":"","_jetpack_dont_email_post_to_subs":false,"_jetpack_newsletter_tier_id":0,"_jetpack_memberships_contains_paywalled_content":false,"_jetpack_memberships_contains_paid_content":false,"footnotes":""},"categories":[51],"tags":[],"class_list":["post-58754","post","type-post","status-publish","format-standard","hentry","category-politica"],"jetpack_shortlink":"https:\/\/wp.me\/p2JWE0-fhE","jetpack-related-posts":[{"id":62324,"url":"http:\/\/www.24baires.com\/?p=62324","url_meta":{"origin":58754,"position":0},"title":"An\u00edbal Fern\u00e1ndez reemplazar\u00e1 a Capitanich como jefe de Gabinete","author":"GB","date":"26\/02\/2015","format":false,"excerpt":"Reemplazar\u00e1 a Jorge Capitanich, anunci\u00f3 este mediod\u00eda en Casa de Gobierno el Secretario de Comunicaci\u00f3n P\u00fablica, Alfredo Scoccimarro. \"Wado\" de Pedro ser\u00e1 secretario general de la Presidencia y Daniel Goll\u00e1n, ministro de Salud. El vocero inform\u00f3 que la presidenta Cristina Fern\u00e1ndez de Kirchner decidi\u00f3 que la jefatura de Gabinete sea\u2026","rel":"","context":"En \u00abPol\u00edtica\u00bb","block_context":{"text":"Pol\u00edtica","link":"http:\/\/www.24baires.com\/?cat=51"},"img":{"alt_text":"fern\u00e1ndez an\u00edbal2","src":"https:\/\/i0.wp.com\/www.24baires.com\/wp-content\/uploads\/2012\/11\/fern%C3%A1ndez-an%C3%ADbal2.jpg?resize=350%2C200","width":350,"height":200,"srcset":"https:\/\/i0.wp.com\/www.24baires.com\/wp-content\/uploads\/2012\/11\/fern%C3%A1ndez-an%C3%ADbal2.jpg?resize=350%2C200 1x, https:\/\/i0.wp.com\/www.24baires.com\/wp-content\/uploads\/2012\/11\/fern%C3%A1ndez-an%C3%ADbal2.jpg?resize=525%2C300 1.5x"},"classes":[]},{"id":118018,"url":"http:\/\/www.24baires.com\/?p=118018","url_meta":{"origin":58754,"position":1},"title":"Asumen los nuevos ministros del Gabinete nacional","author":"GB","date":"20\/09\/2021","format":false,"excerpt":"Con el cambio de Gabinete, el presidente Alberto Fern\u00e1ndez relanzar\u00e1 su gesti\u00f3n de cara a las elecciones legislativas de noviembre. Este lunes, a las 16 en Casa Rosada, jurar\u00e1n los nuevos ministros designados por el presidente Alberto Fern\u00e1ndez. De esta forma, asumir\u00e1n formalmente sus cargos An\u00edbal Fern\u00e1ndez, al frente del\u2026","rel":"","context":"En \u00abLocales\u00bb","block_context":{"text":"Locales","link":"http:\/\/www.24baires.com\/?cat=38"},"img":{"alt_text":"","src":"https:\/\/i0.wp.com\/www.24baires.com\/wp-content\/uploads\/2017\/02\/casa-rosada.jpg?resize=350%2C200","width":350,"height":200,"srcset":"https:\/\/i0.wp.com\/www.24baires.com\/wp-content\/uploads\/2017\/02\/casa-rosada.jpg?resize=350%2C200 1x, https:\/\/i0.wp.com\/www.24baires.com\/wp-content\/uploads\/2017\/02\/casa-rosada.jpg?resize=525%2C300 1.5x"},"classes":[]},{"id":58761,"url":"http:\/\/www.24baires.com\/?p=58761","url_meta":{"origin":58754,"position":2},"title":"An\u00edbal Fern\u00e1ndez renuncia hoy a su banca para volver al Gabinete Nacional","author":"AF","date":"17\/12\/2014","format":false,"excerpt":"El designado Secretario General de la Presidencia, An\u00edbal Fern\u00e1ndez, inform\u00f3 que este mi\u00e9rcoles renunciar\u00e1 a su banca en el Senado de la Naci\u00f3n para volver al elenco del gabinete nacional. \"Si, renuncio\", respondi\u00f3 Fern\u00e1ndez ante la consulta period\u00edstica acerca de qu\u00e9 ocurrir\u00eda con su banca en la C\u00e1mara Alta, al\u2026","rel":"","context":"En \u00abLocales\u00bb","block_context":{"text":"Locales","link":"http:\/\/www.24baires.com\/?cat=38"},"img":{"alt_text":"fern\u00e1ndez an\u00edbal","src":"https:\/\/i0.wp.com\/www.24baires.com\/wp-content\/uploads\/2012\/12\/fern%C3%A1ndez-an%C3%ADbal.jpg?resize=350%2C200","width":350,"height":200,"srcset":"https:\/\/i0.wp.com\/www.24baires.com\/wp-content\/uploads\/2012\/12\/fern%C3%A1ndez-an%C3%ADbal.jpg?resize=350%2C200 1x, https:\/\/i0.wp.com\/www.24baires.com\/wp-content\/uploads\/2012\/12\/fern%C3%A1ndez-an%C3%ADbal.jpg?resize=525%2C300 1.5x"},"classes":[]},{"id":119156,"url":"http:\/\/www.24baires.com\/?p=119156","url_meta":{"origin":58754,"position":3},"title":"Massa asumir\u00e1 como superministro de Econom\u00eda","author":"AF","date":"28\/07\/2022","format":false,"excerpt":"Alberto Fern\u00e1ndez decidi\u00f3 reorganizar las \u00e1reas econ\u00f3micas para un mejor funcionamiento, coordinaci\u00f3n y gesti\u00f3n: se unificar\u00e1n los ministerios de Econom\u00eda, Desarrollo Productivo y Agricultura, Ganader\u00eda y Pesca, que quedar\u00e1n bajo la \u00f3rbita del actual presidente de la C\u00e1mara de Diputados. Massa anunci\u00f3 que el lunes comenzar\u00e1 a designar a los\u2026","rel":"","context":"En \u00abEconom\u00eda\u00bb","block_context":{"text":"Econom\u00eda","link":"http:\/\/www.24baires.com\/?cat=45"},"img":{"alt_text":"","src":"https:\/\/i0.wp.com\/www.24baires.com\/wp-content\/uploads\/2022\/07\/6243529d100ad_900.jpg?resize=350%2C200","width":350,"height":200,"srcset":"https:\/\/i0.wp.com\/www.24baires.com\/wp-content\/uploads\/2022\/07\/6243529d100ad_900.jpg?resize=350%2C200 1x, https:\/\/i0.wp.com\/www.24baires.com\/wp-content\/uploads\/2022\/07\/6243529d100ad_900.jpg?resize=525%2C300 1.5x, https:\/\/i0.wp.com\/www.24baires.com\/wp-content\/uploads\/2022\/07\/6243529d100ad_900.jpg?resize=700%2C400 2x"},"classes":[]},{"id":113316,"url":"http:\/\/www.24baires.com\/?p=113316","url_meta":{"origin":58754,"position":4},"title":"\u00abHay una situaci\u00f3n de emergencia en la provincia\u00bb","author":"AF","date":"09\/12\/2019","format":false,"excerpt":"El gobernador bonaerense electo, Axel Kicillof, confirm\u00f3 esta tarde su Gabinete, con Pablo L\u00f3pez como ministro de Hacienda y Sergio Berni al frente de la cartera de Seguridad. En tanto, Augusto Costa ser\u00e1 ministro de Producci\u00f3n, Ciencia e Innovaci\u00f3n Tecnol\u00f3gica; Julio Alak encabezar\u00e1 la cartera de Justicia y Derechos Humanos,\u2026","rel":"","context":"En \u00abProvincia\u00bb","block_context":{"text":"Provincia","link":"http:\/\/www.24baires.com\/?cat=40"},"img":{"alt_text":"","src":"https:\/\/i0.wp.com\/www.24baires.com\/wp-content\/uploads\/2014\/01\/axelkicillof.jpg?resize=350%2C200","width":350,"height":200,"srcset":"https:\/\/i0.wp.com\/www.24baires.com\/wp-content\/uploads\/2014\/01\/axelkicillof.jpg?resize=350%2C200 1x, https:\/\/i0.wp.com\/www.24baires.com\/wp-content\/uploads\/2014\/01\/axelkicillof.jpg?resize=525%2C300 1.5x"},"classes":[]},{"id":99059,"url":"http:\/\/www.24baires.com\/?p=99059","url_meta":{"origin":58754,"position":5},"title":"Jur\u00f3 Cristina Kirchner como senadora","author":"GB","date":"29\/11\/2017","format":false,"excerpt":"La ex Presidenta ingres\u00f3 a la C\u00e1mara Alta por el bloque de Unidad Ciudadana. Cristina Kirchner jur\u00f3 como senadora en la C\u00e1mara Alta: las im\u00e1genes del momento donde la ex Presidenta realiza la jura. \"S\u00ed, juro\", as\u00ed de sencilla y solemne fue la frase de la jura de la candidata\u2026","rel":"","context":"En \u00abPol\u00edtica\u00bb","block_context":{"text":"Pol\u00edtica","link":"http:\/\/www.24baires.com\/?cat=51"},"img":{"alt_text":"","src":"https:\/\/i0.wp.com\/www.24baires.com\/wp-content\/uploads\/2017\/11\/jura-cristina.jpg?resize=350%2C200","width":350,"height":200,"srcset":"https:\/\/i0.wp.com\/www.24baires.com\/wp-content\/uploads\/2017\/11\/jura-cristina.jpg?resize=350%2C200 1x, https:\/\/i0.wp.com\/www.24baires.com\/wp-content\/uploads\/2017\/11\/jura-cristina.jpg?resize=525%2C300 1.5x"},"classes":[]}],"jetpack_sharing_enabled":true,"jetpack_likes_enabled":true,"jetpack_featured_media_url":"","_links":{"self":[{"href":"http:\/\/www.24baires.com\/index.php?rest_route=\/wp\/v2\/posts\/58754","targetHints":{"allow":["GET"]}}],"collection":[{"href":"http:\/\/www.24baires.com\/index.php?rest_route=\/wp\/v2\/posts"}],"about":[{"href":"http:\/\/www.24baires.com\/index.php?rest_route=\/wp\/v2\/types\/post"}],"author":[{"embeddable":true,"href":"http:\/\/www.24baires.com\/index.php?rest_route=\/wp\/v2\/users\/11"}],"replies":[{"embeddable":true,"href":"http:\/\/www.24baires.com\/index.php?rest_route=%2Fwp%2Fv2%2Fcomments&post=58754"}],"version-history":[{"count":1,"href":"http:\/\/www.24baires.com\/index.php?rest_route=\/wp\/v2\/posts\/58754\/revisions"}],"predecessor-version":[{"id":58755,"href":"http:\/\/www.24baires.com\/index.php?rest_route=\/wp\/v2\/posts\/58754\/revisions\/58755"}],"wp:attachment":[{"href":"http:\/\/www.24baires.com\/index.php?rest_route=%2Fwp%2Fv2%2Fmedia&parent=58754"}],"wp:term":[{"taxonomy":"category","embeddable":true,"href":"http:\/\/www.24baires.com\/index.php?rest_route=%2Fwp%2Fv2%2Fcategories&post=58754"},{"taxonomy":"post_tag","embeddable":true,"href":"http:\/\/www.24baires.com\/index.php?rest_route=%2Fwp%2Fv2%2Ftags&post=58754"}],"curies":[{"name":"wp","href":"https:\/\/api.w.org\/{rel}","templated":true}]}}