{"id":58752,"date":"2014-12-16T21:00:00","date_gmt":"2014-12-17T00:00:00","guid":{"rendered":"http:\/\/www.24baires.com\/?p=58752"},"modified":"2014-12-16T19:44:36","modified_gmt":"2014-12-16T22:44:36","slug":"el-intendente-de-olavarria-destinara-23-millones-en-una-calle-para-loma-negra","status":"publish","type":"post","link":"http:\/\/www.24baires.com\/?p=58752","title":{"rendered":"El Intendente de Olavarr\u00eda destinar\u00e1 23 millones en una calle para Loma Negra"},"content":{"rendered":"<p><img data-recalc-dims=\"1\" loading=\"lazy\" decoding=\"async\" class=\"aligncenter size-full wp-image-28461\" src=\"https:\/\/i0.wp.com\/www.24baires.com\/wp-content\/uploads\/2013\/07\/eseverri.jpg?resize=550%2C365\" alt=\"eseverri\" width=\"550\" height=\"365\" srcset=\"https:\/\/i0.wp.com\/www.24baires.com\/wp-content\/uploads\/2013\/07\/eseverri.jpg?w=550 550w, https:\/\/i0.wp.com\/www.24baires.com\/wp-content\/uploads\/2013\/07\/eseverri.jpg?resize=300%2C199 300w\" sizes=\"auto, (max-width: 550px) 100vw, 550px\" \/>El massista va a gastar la mayor erogaci\u00f3n del Presupuesto 2015 a un acceso para la empresa privada. \u00abSe maneja como un patr\u00f3n de estancia\u00bb, criticaron desde el FpV. <!--more--><\/p>\n<p>Diferentes referentes pol\u00edticos de Olavarr\u00eda criticaron la decisi\u00f3n del intendente massista, Jos\u00e9 Eseverri, de destinar en el Presupuesto aprobado para 2015 casi 23 millones de pesos para la construcci\u00f3n de un acceso hormigonado a la planta de Loma Negra, una firma que factura 4.600 millones de pesos por a\u00f1o.<\/p>\n<p>Se trata del llamado \u201cCamino de la producci\u00f3n\u201d, la obra m\u00e1s importante prevista en el presupuesto para el a\u00f1o que viene y que ser\u00e1 la que unir\u00e1 la planta L\u2019Alamal\u00ed con la Ruta 76.<\/p>\n<p>Sin embargo, el jefe comunal explic\u00f3, que \u00abes una repavimentaci\u00f3n que fue licitada hace tres mes y que la financia en su 75% la empresa: Loma Negra aporta 16 millones de pesos, que nosotros desde el municipio vamos a devolver en 24 meses a taso cero\u00bb.<\/p>\n<p>\u00abEs el camino en el cual se produce el 25% del cemento de todo el pa\u00eds. El tr\u00e1nsito diario es de entre 300 y 400 camiones por d\u00eda. Nuestra preocupaci\u00f3n es reparar los caminos de la producci\u00f3n\u00bb, dijo Eseverri y agreg\u00f3 que \u00abadem\u00e1s le sirve a los productores rurales de la zona\u00bb.<\/p>\n<p>En ese sentido, el diputado provincial del Frente para la Victoria, C\u00e9sar Valicenti, asegur\u00f3 al mismo medio que \u201ccon 23 millones de pesos se resuelven todos los problemas de clubes y escuelas de la ciudad\u201d y evalu\u00f3 que \u201ces un desprop\u00f3sito que se utilicen fondos p\u00fablicos del ejecutivo municipal con este tipo de criterio\u201d.<\/p>\n<p>Adem\u00e1s, precis\u00f3 que \u201cmientras siguen quedando sin respuestas las demandas hist\u00f3ricas de los barrios perif\u00e9ricos, Eseverri pone el estado municipal en favor de una empresa que factura millones de pesos al a\u00f1o y concentra el 40 por ciento de la explotaci\u00f3n minera total de Olavarr\u00eda\u201d.<\/p>\n<p>\u201cMuchos problemas hist\u00f3ricos de los barrios o incluso todos los problemas de clubes y escuelas de la ciudad pueden resolverse con estos 23 millones de pesos\u201d, sostuvo el legislador y a\u00f1adi\u00f3 que \u201cclaramente se est\u00e1 ante un atropello a la voluntad de los vecinos, que quieren a sus barrios e instituciones en mejores condiciones, y no ver c\u00f3mo con su dinero se pone al servicio de a unos pocos\u201d.<\/p>\n<p>Advirti\u00f3 que \u201cesta decisi\u00f3n trasparenta el modelo de estado municipal que viene imperando en nuestra ciudad desde hace mucho tiempo, el cual deja a merced de un acuerdo entre un sector privado y la municipalidad el tan esperado asfalto para muchos barrios de la ciudad\u201d.<\/p>\n<p>&nbsp;<\/p>\n<p>&nbsp;<\/p>\n<p>&nbsp;<\/p>\n<p>&nbsp;<\/p>\n<p>&nbsp;<\/p>\n<p>&nbsp;<\/p>\n","protected":false},"excerpt":{"rendered":"<p>El massista va a gastar la mayor erogaci\u00f3n del Presupuesto 2015 a un acceso para la empresa privada. \u00abSe maneja como un patr\u00f3n de estancia\u00bb, criticaron desde el FpV.<\/p>\n","protected":false},"author":11,"featured_media":0,"comment_status":"open","ping_status":"open","sticky":false,"template":"","format":"standard","meta":{"_jetpack_newsletter_access":"","_jetpack_dont_email_post_to_subs":false,"_jetpack_newsletter_tier_id":0,"_jetpack_memberships_contains_paywalled_content":false,"_jetpack_memberships_contains_paid_content":false,"footnotes":""},"categories":[51],"tags":[],"class_list":["post-58752","post","type-post","status-publish","format-standard","hentry","category-politica"],"jetpack_shortlink":"https:\/\/wp.me\/p2JWE0-fhC","jetpack-related-posts":[{"id":107273,"url":"http:\/\/www.24baires.com\/?p=107273","url_meta":{"origin":58752,"position":0},"title":"Olavarr\u00eda: seg\u00fan Macri, se ve \u00abuna lenta recuperaci\u00f3n\u00bb econ\u00f3mica","author":"GB","date":"19\/03\/2019","format":false,"excerpt":"Ya metido en la campa\u00f1a de cara a las elecciones de octubre, el presidente Mauricio Macri visit\u00f3 por tercera vez en lo que va de su mandato la localidad de Olavarr\u00eda, desde donde volvi\u00f3 a pedir ratificar el rumbo en las urnas y asegur\u00f3 que se ve \"una lenta recuperaci\u00f3n\"\u2026","rel":"","context":"En \u00abPol\u00edtica\u00bb","block_context":{"text":"Pol\u00edtica","link":"http:\/\/www.24baires.com\/?cat=51"},"img":{"alt_text":"","src":"https:\/\/i0.wp.com\/www.24baires.com\/wp-content\/uploads\/2019\/03\/macri-olavarria-300x200.jpg?resize=350%2C200","width":350,"height":200},"classes":[]},{"id":120594,"url":"http:\/\/www.24baires.com\/?p=120594","url_meta":{"origin":58752,"position":1},"title":"Intendente del PRO se tom\u00f3 licencia en medio de protestas por su gesti\u00f3n","author":"GB","date":"27\/10\/2023","format":false,"excerpt":"OLAVARR\u00cdA-Al un\u00edsono que protestantes se movilizaban, el intendente comenz\u00f3 la licencia de una gesti\u00f3n plagada de cr\u00edticas por presunta corrupci\u00f3n. El Concejo Deliberante de Olavarr\u00eda aprob\u00f3 la solicitud de licencia presentada por el intendente Ezequiel Galli, quien a partir del 10. Esta medida comenzar\u00e1 a aplicarse a partir del mi\u00e9rcoles\u2026","rel":"","context":"En \u00abMunicipios\u00bb","block_context":{"text":"Municipios","link":"http:\/\/www.24baires.com\/?cat=44"},"img":{"alt_text":"","src":"https:\/\/i0.wp.com\/www.24baires.com\/wp-content\/uploads\/2020\/07\/galli.jpg?resize=350%2C200","width":350,"height":200,"srcset":"https:\/\/i0.wp.com\/www.24baires.com\/wp-content\/uploads\/2020\/07\/galli.jpg?resize=350%2C200 1x, https:\/\/i0.wp.com\/www.24baires.com\/wp-content\/uploads\/2020\/07\/galli.jpg?resize=525%2C300 1.5x, https:\/\/i0.wp.com\/www.24baires.com\/wp-content\/uploads\/2020\/07\/galli.jpg?resize=700%2C400 2x"},"classes":[]},{"id":59740,"url":"http:\/\/www.24baires.com\/?p=59740","url_meta":{"origin":58752,"position":2},"title":"Olavarr\u00eda: acusan al massista Eseverri de subir impuestos arbitrariamente","author":"AF","date":"08\/01\/2015","format":false,"excerpt":"El candidato a intendente de Olavarr\u00eda por el Frente para la Victoria, Gonzalo Bag\u00fa, asegur\u00f3 hoy que el jefe comunal de ese distrito bonaerense, Jos\u00e9 Eseverri, \"aplic\u00f3 una suba arbitraria de los impuestos municipales\". \u201cAumenta las tasas sin avisar ni debatir; as\u00ed como se compra con plata del pueblo una\u2026","rel":"","context":"En \u00abLocales\u00bb","block_context":{"text":"Locales","link":"http:\/\/www.24baires.com\/?cat=38"},"img":{"alt_text":"eseverri","src":"https:\/\/i0.wp.com\/www.24baires.com\/wp-content\/uploads\/2012\/11\/eseverri.jpg?resize=350%2C200","width":350,"height":200,"srcset":"https:\/\/i0.wp.com\/www.24baires.com\/wp-content\/uploads\/2012\/11\/eseverri.jpg?resize=350%2C200 1x, https:\/\/i0.wp.com\/www.24baires.com\/wp-content\/uploads\/2012\/11\/eseverri.jpg?resize=525%2C300 1.5x"},"classes":[]},{"id":56376,"url":"http:\/\/www.24baires.com\/?p=56376","url_meta":{"origin":58752,"position":3},"title":"Olavarr\u00eda: intendente Eseverri aument\u00f3 un 50 por ciento la tasa rural","author":"GB","date":"31\/10\/2014","format":false,"excerpt":"El intendente massista de Olavarr\u00eda, Jos\u00e9 Eseverri, prev\u00e9 un aumento del 50 por ciento de la Tasa de Servicios Rurales en el proyecto de ley de Presupuesto 2015 que envi\u00f3 al Consejo Deliberante local. A pesar de las cr\u00edticas que realizan desde el Frente Renovador a la carga impositiva de\u2026","rel":"","context":"En \u00abMunicipios\u00bb","block_context":{"text":"Municipios","link":"http:\/\/www.24baires.com\/?cat=44"},"img":{"alt_text":"eseverri","src":"https:\/\/i0.wp.com\/www.24baires.com\/wp-content\/uploads\/2013\/07\/eseverri.jpg?resize=350%2C200","width":350,"height":200,"srcset":"https:\/\/i0.wp.com\/www.24baires.com\/wp-content\/uploads\/2013\/07\/eseverri.jpg?resize=350%2C200 1x, https:\/\/i0.wp.com\/www.24baires.com\/wp-content\/uploads\/2013\/07\/eseverri.jpg?resize=525%2C300 1.5x"},"classes":[]},{"id":112440,"url":"http:\/\/www.24baires.com\/?p=112440","url_meta":{"origin":58752,"position":4},"title":"M\u00e1s despidos: Loma Negra cerr\u00f3 en Sierras Bayas tras 100 a\u00f1os","author":"GB","date":"10\/10\/2019","format":false,"excerpt":"La primera planta cementera del pa\u00eds desafect\u00f3 a 45 trabajadores y asegur\u00f3 que intentar\u00e1 acomodar a su personal. A solo d\u00edas de decidir el nuevo rumbo pol\u00edtico de la provincia, los problemas laborales contin\u00faan haciendo eco en distintos puntos del territorio. Loma Negra, la primera cementera del pa\u00eds que se\u2026","rel":"","context":"En \u00abMunicipios\u00bb","block_context":{"text":"Municipios","link":"http:\/\/www.24baires.com\/?cat=44"},"img":{"alt_text":"","src":"https:\/\/i0.wp.com\/www.24baires.com\/wp-content\/uploads\/2019\/10\/sierras-bayas-loma-negra-olavarria.jpg?resize=350%2C200","width":350,"height":200,"srcset":"https:\/\/i0.wp.com\/www.24baires.com\/wp-content\/uploads\/2019\/10\/sierras-bayas-loma-negra-olavarria.jpg?resize=350%2C200 1x, https:\/\/i0.wp.com\/www.24baires.com\/wp-content\/uploads\/2019\/10\/sierras-bayas-loma-negra-olavarria.jpg?resize=525%2C300 1.5x"},"classes":[]},{"id":108019,"url":"http:\/\/www.24baires.com\/?p=108019","url_meta":{"origin":58752,"position":5},"title":"Debido a la situaci\u00f3n del pa\u00eds, 200 trabajadores podr\u00edan perder sus puestos en Loma Negra","author":"AF","date":"07\/05\/2019","format":false,"excerpt":"La hist\u00f3rica cementera inform\u00f3 que est\u00e1 en un \"proceso de reducci\u00f3n de empleados\". Argument\u00f3 que es \"como consecuencia de la readecuaci\u00f3n de su capacidad productiva a la realidad actual y futura del mercado de cemento\". Otra empresa grande de la Argentina se suma a la lista de compa\u00f1\u00edas en crisis.\u2026","rel":"","context":"En \u00abSociedad\u00bb","block_context":{"text":"Sociedad","link":"http:\/\/www.24baires.com\/?cat=1"},"img":{"alt_text":"","src":"https:\/\/i0.wp.com\/www.24baires.com\/wp-content\/uploads\/2019\/05\/loma-negra.jpg?resize=350%2C200","width":350,"height":200,"srcset":"https:\/\/i0.wp.com\/www.24baires.com\/wp-content\/uploads\/2019\/05\/loma-negra.jpg?resize=350%2C200 1x, https:\/\/i0.wp.com\/www.24baires.com\/wp-content\/uploads\/2019\/05\/loma-negra.jpg?resize=525%2C300 1.5x"},"classes":[]}],"jetpack_sharing_enabled":true,"jetpack_likes_enabled":true,"jetpack_featured_media_url":"","_links":{"self":[{"href":"http:\/\/www.24baires.com\/index.php?rest_route=\/wp\/v2\/posts\/58752","targetHints":{"allow":["GET"]}}],"collection":[{"href":"http:\/\/www.24baires.com\/index.php?rest_route=\/wp\/v2\/posts"}],"about":[{"href":"http:\/\/www.24baires.com\/index.php?rest_route=\/wp\/v2\/types\/post"}],"author":[{"embeddable":true,"href":"http:\/\/www.24baires.com\/index.php?rest_route=\/wp\/v2\/users\/11"}],"replies":[{"embeddable":true,"href":"http:\/\/www.24baires.com\/index.php?rest_route=%2Fwp%2Fv2%2Fcomments&post=58752"}],"version-history":[{"count":1,"href":"http:\/\/www.24baires.com\/index.php?rest_route=\/wp\/v2\/posts\/58752\/revisions"}],"predecessor-version":[{"id":58753,"href":"http:\/\/www.24baires.com\/index.php?rest_route=\/wp\/v2\/posts\/58752\/revisions\/58753"}],"wp:attachment":[{"href":"http:\/\/www.24baires.com\/index.php?rest_route=%2Fwp%2Fv2%2Fmedia&parent=58752"}],"wp:term":[{"taxonomy":"category","embeddable":true,"href":"http:\/\/www.24baires.com\/index.php?rest_route=%2Fwp%2Fv2%2Fcategories&post=58752"},{"taxonomy":"post_tag","embeddable":true,"href":"http:\/\/www.24baires.com\/index.php?rest_route=%2Fwp%2Fv2%2Ftags&post=58752"}],"curies":[{"name":"wp","href":"https:\/\/api.w.org\/{rel}","templated":true}]}}