{"id":58734,"date":"2014-12-16T17:11:06","date_gmt":"2014-12-16T20:11:06","guid":{"rendered":"http:\/\/www.24baires.com\/?p=58734"},"modified":"2014-12-16T17:11:06","modified_gmt":"2014-12-16T20:11:06","slug":"cristina-inaugurara-el-puerto-de-contenedores-de-la-plata","status":"publish","type":"post","link":"http:\/\/www.24baires.com\/?p=58734","title":{"rendered":"Cristina inaugurar\u00e1 el Puerto de Contenedores de La Plata"},"content":{"rendered":"<p><img data-recalc-dims=\"1\" loading=\"lazy\" decoding=\"async\" class=\"aligncenter size-full wp-image-58443\" src=\"https:\/\/i0.wp.com\/www.24baires.com\/wp-content\/uploads\/2014\/12\/cristina1.jpg?resize=560%2C373\" alt=\"cristina\" width=\"560\" height=\"373\" srcset=\"https:\/\/i0.wp.com\/www.24baires.com\/wp-content\/uploads\/2014\/12\/cristina1.jpg?w=560 560w, https:\/\/i0.wp.com\/www.24baires.com\/wp-content\/uploads\/2014\/12\/cristina1.jpg?resize=300%2C199 300w\" sizes=\"auto, (max-width: 560px) 100vw, 560px\" \/>La presidenta Cristina Fern\u00e1ndez de Kirchner inaugurar\u00eda el pr\u00f3ximo mi\u00e9rcoles 23 el Puerto de Contenedores de La Plata, con la llegada del primer barco. La mega obra cost\u00f3 m\u00e1s de 400 millones de d\u00f3lares y se convertir\u00e1 en el puerto m\u00e1s importante de la provincia de Buenos Aires y uno de los m\u00e1s grandes de Am\u00e9rica Latina.<!--more--><\/p>\n<p>El acto comenzar\u00e1 a las 10, y la presidenta Cristina Fern\u00e1ndez de Kirchner participar\u00eda del acto, aunque todav\u00eda no lo confirm\u00f3 oficialmente Presidencia de la Naci\u00f3n, junto al gobernador Daniel Scioli y el intendente Enrique Slezack.<\/p>\n<p>El Puerto La Plata, ubicado en la localidad de Berisso, es una mega obra con una superficie de 41 hect\u00e1reas, un muelle de m\u00e1s de 850 metros lineales y un calado de al menos 34 pies. Ser\u00e1 una moderna terminal portuaria con un muelle enteramente nuevo y continuo sobre el canal de entrada construido a 50 metros.<\/p>\n<p>Para darle una gran operatividad, el gobierno bonaerense se encuentra finalizando la ruta 6, el anillo que unir\u00e1 Z\u00e1rate-Brazo Largo con el Puerto La Plata y la reconstrucci\u00f3n de la avenida 122 y la Avenida del Petr\u00f3leo, sumado a la ampliaci\u00f3n de la autopista Buenos Aires-La Plata.<\/p>\n<p>El presidente del Consorcio de Gesti\u00f3n del Puerto La Plata, Mariano Goyenechea, destac\u00f3 que la ciudad de La Plata se convertir\u00e1 en un \u201cactor protag\u00f3nico\u201d en el comercio internacional con el ingreso del primer buque.<\/p>\n<p>\u201cLa Plata viene a ser un nuevo actor protag\u00f3nico en este escenario de comercio internacional, aportando una capacidad para mover ni m\u00e1s ni menos que cerca del 30% de todo el volumen que la Argentina mueve en materia de contenedores\u201d, afirm\u00f3 al diario Diagonales.<\/p>\n<p>&nbsp;<\/p>\n<p>&nbsp;<\/p>\n<p>&nbsp;<\/p>\n<p>&nbsp;<\/p>\n<p>&nbsp;<\/p>\n<p>&nbsp;<\/p>\n<p>&nbsp;<\/p>\n<p>&nbsp;<\/p>\n<p>&nbsp;<\/p>\n<p>&nbsp;<\/p>\n<p>&nbsp;<\/p>\n<p>&nbsp;<\/p>\n<p>&nbsp;<\/p>\n<p>&nbsp;<\/p>\n<p>&nbsp;<\/p>\n<p>&nbsp;<\/p>\n<p>&nbsp;<\/p>\n","protected":false},"excerpt":{"rendered":"<p>La presidenta Cristina Fern\u00e1ndez de Kirchner inaugurar\u00eda el pr\u00f3ximo mi\u00e9rcoles 23 el Puerto de Contenedores de La Plata, con la llegada del primer barco. La mega obra cost\u00f3 m\u00e1s de 400 millones de d\u00f3lares y se convertir\u00e1 en el puerto m\u00e1s importante de la provincia de Buenos Aires y uno de los m\u00e1s grandes de Am\u00e9rica Latina.<\/p>\n","protected":false},"author":8,"featured_media":0,"comment_status":"open","ping_status":"open","sticky":false,"template":"","format":"standard","meta":{"_jetpack_newsletter_access":"","_jetpack_dont_email_post_to_subs":false,"_jetpack_newsletter_tier_id":0,"_jetpack_memberships_contains_paywalled_content":false,"_jetpack_memberships_contains_paid_content":false,"footnotes":""},"categories":[51],"tags":[],"class_list":["post-58734","post","type-post","status-publish","format-standard","hentry","category-politica"],"jetpack_shortlink":"https:\/\/wp.me\/p2JWE0-fhk","jetpack-related-posts":[{"id":112633,"url":"http:\/\/www.24baires.com\/?p=112633","url_meta":{"origin":58734,"position":0},"title":"Con la consigna \u201cNunca m\u00e1s al neoliberalismo\u201d el Frente de Todos cerr\u00f3 en Mar del Plata","author":"Grupo Sierra","date":"24\/10\/2019","format":false,"excerpt":"La f\u00f3rmula presidencial del Frente De Todos - Alberto y Cristina Fern\u00e1ndez- encabez\u00f3 el acto en el distrito donde tambi\u00e9n empujaron las candidaturas de Axel Kicillof y Fernanda Raverta. \u201cEstamos firmando un contrato moral y \u00e9tico para ser la Argentina que atiende a los despose\u00eddos\u201d, expres\u00f3 Fern\u00e1ndez. Alberto Fern\u00e1ndez y\u2026","rel":"","context":"En \u00abLocales\u00bb","block_context":{"text":"Locales","link":"http:\/\/www.24baires.com\/?cat=38"},"img":{"alt_text":"El candidato presidencial del Frente de Todos, Alberto Fern\u00e1ndez, y su compa\u00f1era de f\u00f3rmula, la senadora y ex presidenta Cristina Fern\u00e1ndez de Kirchner. Foto: Diego Izquierdo para T\u00e9lam","src":"https:\/\/i0.wp.com\/www.rionegro.com.ar\/wp-content\/uploads\/2019\/10\/24-10-2019_el_candidato_presidencial_del_frente-e1571950816900.jpg?resize=350%2C200&ssl=1","width":350,"height":200,"srcset":"https:\/\/i0.wp.com\/www.rionegro.com.ar\/wp-content\/uploads\/2019\/10\/24-10-2019_el_candidato_presidencial_del_frente-e1571950816900.jpg?resize=350%2C200&ssl=1 1x, https:\/\/i0.wp.com\/www.rionegro.com.ar\/wp-content\/uploads\/2019\/10\/24-10-2019_el_candidato_presidencial_del_frente-e1571950816900.jpg?resize=525%2C300&ssl=1 1.5x"},"classes":[]},{"id":112630,"url":"http:\/\/www.24baires.com\/?p=112630","url_meta":{"origin":58734,"position":1},"title":"Alberto y Cristina cierran la campa\u00f1a en Mar del Plata","author":"GB","date":"24\/10\/2019","format":false,"excerpt":"El candidato a presidente por el Frente de Todos, Alberto Fern\u00e1ndez, y la candidata a vicepresidenta, Cristina Fern\u00e1ndez de Kirchner, estar\u00e1n este jueves a las 15 en Mar del Plata, en un escenario que se montar\u00e1 en la rambla. Ser\u00e1 el primer acto que compartir\u00e1n en conjunto en la ciudad,\u2026","rel":"","context":"En \u00abPol\u00edtica\u00bb","block_context":{"text":"Pol\u00edtica","link":"http:\/\/www.24baires.com\/?cat=51"},"img":{"alt_text":"","src":"https:\/\/i0.wp.com\/www.24baires.com\/wp-content\/uploads\/2019\/10\/alberto-y-cristina.jpg?resize=350%2C200","width":350,"height":200,"srcset":"https:\/\/i0.wp.com\/www.24baires.com\/wp-content\/uploads\/2019\/10\/alberto-y-cristina.jpg?resize=350%2C200 1x, https:\/\/i0.wp.com\/www.24baires.com\/wp-content\/uploads\/2019\/10\/alberto-y-cristina.jpg?resize=525%2C300 1.5x"},"classes":[]},{"id":31832,"url":"http:\/\/www.24baires.com\/?p=31832","url_meta":{"origin":58734,"position":2},"title":"Scioli confirm\u00f3 la llegada de  gr\u00faas para la terminal portuaria de Berisso","author":"GB","date":"14\/09\/2013","format":false,"excerpt":"Lo anunci\u00f3 el gobernador bonaerense, Daniel Scioli, en el marco de una reuni\u00f3n con el intendente de la ciudad ribere\u00f1a, Enrique Slezack. En ese marco, asever\u00f3 que esta iniciativa \"representa la obra portuaria m\u00e1s importante del pa\u00eds\" y \"descomprimir\u00e1 al Puerto de Buenos Aires, traer\u00e1 inversiones y marcar\u00e1 un cambio\u2026","rel":"","context":"En \u00abLocales\u00bb","block_context":{"text":"Locales","link":"http:\/\/www.24baires.com\/?cat=38"},"img":{"alt_text":"","src":"https:\/\/i0.wp.com\/www.24baires.com\/wp-content\/uploads\/2013\/09\/terminarl-portuarioa-berisso.jpg?resize=350%2C200","width":350,"height":200},"classes":[]},{"id":119277,"url":"http:\/\/www.24baires.com\/?p=119277","url_meta":{"origin":58734,"position":3},"title":"Cristina se re\u00fane con diputados y senadores del oficialismo","author":"AF","date":"30\/08\/2022","format":false,"excerpt":"Cristina Fern\u00e1ndez de Kirchner encabeza un encuentro con los bloques del Frente de Todos de ambas c\u00e1maras del Congreso. La reuni\u00f3n se lleva a cabo desde pasadas las 17 en el Sal\u00f3n Azul del Senado. La vicepresidenta Cristina Fern\u00e1ndez de Kirchner mantiene esta tarde en la C\u00e1mara alta una reuni\u00f3n\u2026","rel":"","context":"En \u00abPol\u00edtica\u00bb","block_context":{"text":"Pol\u00edtica","link":"http:\/\/www.24baires.com\/?cat=51"},"img":{"alt_text":"","src":"https:\/\/i0.wp.com\/www.24baires.com\/wp-content\/uploads\/2021\/10\/cristina.jpg?resize=350%2C200","width":350,"height":200,"srcset":"https:\/\/i0.wp.com\/www.24baires.com\/wp-content\/uploads\/2021\/10\/cristina.jpg?resize=350%2C200 1x, https:\/\/i0.wp.com\/www.24baires.com\/wp-content\/uploads\/2021\/10\/cristina.jpg?resize=525%2C300 1.5x, https:\/\/i0.wp.com\/www.24baires.com\/wp-content\/uploads\/2021\/10\/cristina.jpg?resize=700%2C400 2x"},"classes":[]},{"id":112572,"url":"http:\/\/www.24baires.com\/?p=112572","url_meta":{"origin":58734,"position":4},"title":"Con Cristina y Saintout, Kicillof cerrar\u00e1 su campa\u00f1a este mi\u00e9rcoles en La Plata","author":"AF","date":"21\/10\/2019","format":false,"excerpt":"Este mi\u00e9rcoles, tras recorrer dos distritos vecinos, el candidato a gobernador del Frente de Todos llegar\u00e1 a la ciudad capital a cerrar su campa\u00f1a. Con la presencia de la ex presidenta Cristina Fern\u00e1ndez de Kirchner, el candidato a gobernador Axel Kicillof le dar\u00e1 un cierre a su campa\u00f1a, en la\u2026","rel":"","context":"En \u00abPol\u00edtica\u00bb","block_context":{"text":"Pol\u00edtica","link":"http:\/\/www.24baires.com\/?cat=51"},"img":{"alt_text":"","src":"https:\/\/i0.wp.com\/www.24baires.com\/wp-content\/uploads\/2019\/08\/kicillof-1.jpg?resize=350%2C200","width":350,"height":200,"srcset":"https:\/\/i0.wp.com\/www.24baires.com\/wp-content\/uploads\/2019\/08\/kicillof-1.jpg?resize=350%2C200 1x, https:\/\/i0.wp.com\/www.24baires.com\/wp-content\/uploads\/2019\/08\/kicillof-1.jpg?resize=525%2C300 1.5x"},"classes":[]},{"id":112689,"url":"http:\/\/www.24baires.com\/?p=112689","url_meta":{"origin":58734,"position":5},"title":"Vot\u00f3 Alberto y record\u00f3 a N\u00e9stor: \u201cestoy seguro que me est\u00e1 ayudando\u00bb","author":"GB","date":"27\/10\/2019","format":false,"excerpt":"El candidato a presidente del Frente de Todos emitir\u00e1 su voto en la mesa 68 de la Universidad Cat\u00f3lica Argentina (UCA), en Puerto Madero. En la previa, record\u00f3 a N\u00e9stor Kirchner al cumplirse nueve a\u00f1os de su fallecimiento. El candidato a presidente del Frente de Todos, Alberto Fern\u00e1ndez, emiti\u00f3 su\u2026","rel":"","context":"En \u00abELECCIONES 2019\u00bb","block_context":{"text":"ELECCIONES 2019","link":"http:\/\/www.24baires.com\/?cat=329"},"img":{"alt_text":"","src":"https:\/\/i0.wp.com\/www.24baires.com\/wp-content\/uploads\/2019\/10\/alberto.jpg?resize=350%2C200","width":350,"height":200,"srcset":"https:\/\/i0.wp.com\/www.24baires.com\/wp-content\/uploads\/2019\/10\/alberto.jpg?resize=350%2C200 1x, https:\/\/i0.wp.com\/www.24baires.com\/wp-content\/uploads\/2019\/10\/alberto.jpg?resize=525%2C300 1.5x"},"classes":[]}],"jetpack_sharing_enabled":true,"jetpack_likes_enabled":true,"jetpack_featured_media_url":"","_links":{"self":[{"href":"http:\/\/www.24baires.com\/index.php?rest_route=\/wp\/v2\/posts\/58734","targetHints":{"allow":["GET"]}}],"collection":[{"href":"http:\/\/www.24baires.com\/index.php?rest_route=\/wp\/v2\/posts"}],"about":[{"href":"http:\/\/www.24baires.com\/index.php?rest_route=\/wp\/v2\/types\/post"}],"author":[{"embeddable":true,"href":"http:\/\/www.24baires.com\/index.php?rest_route=\/wp\/v2\/users\/8"}],"replies":[{"embeddable":true,"href":"http:\/\/www.24baires.com\/index.php?rest_route=%2Fwp%2Fv2%2Fcomments&post=58734"}],"version-history":[{"count":1,"href":"http:\/\/www.24baires.com\/index.php?rest_route=\/wp\/v2\/posts\/58734\/revisions"}],"predecessor-version":[{"id":58735,"href":"http:\/\/www.24baires.com\/index.php?rest_route=\/wp\/v2\/posts\/58734\/revisions\/58735"}],"wp:attachment":[{"href":"http:\/\/www.24baires.com\/index.php?rest_route=%2Fwp%2Fv2%2Fmedia&parent=58734"}],"wp:term":[{"taxonomy":"category","embeddable":true,"href":"http:\/\/www.24baires.com\/index.php?rest_route=%2Fwp%2Fv2%2Fcategories&post=58734"},{"taxonomy":"post_tag","embeddable":true,"href":"http:\/\/www.24baires.com\/index.php?rest_route=%2Fwp%2Fv2%2Ftags&post=58734"}],"curies":[{"name":"wp","href":"https:\/\/api.w.org\/{rel}","templated":true}]}}