{"id":58722,"date":"2014-12-16T14:30:14","date_gmt":"2014-12-16T17:30:14","guid":{"rendered":"http:\/\/www.24baires.com\/?p=58722"},"modified":"2014-12-16T14:08:56","modified_gmt":"2014-12-16T17:08:56","slug":"oscar-parrilli-sera-nuevo-titular-de-la-side","status":"publish","type":"post","link":"http:\/\/www.24baires.com\/?p=58722","title":{"rendered":"Oscar Parrilli ser\u00e1 nuevo titular de la SIDE"},"content":{"rendered":"<p><img data-recalc-dims=\"1\" loading=\"lazy\" decoding=\"async\" class=\"aligncenter size-full wp-image-58723\" src=\"https:\/\/i0.wp.com\/www.24baires.com\/wp-content\/uploads\/2014\/12\/parrili-y-anibal.jpg?resize=560%2C313\" alt=\"parrili y anibal\" width=\"560\" height=\"313\" srcset=\"https:\/\/i0.wp.com\/www.24baires.com\/wp-content\/uploads\/2014\/12\/parrili-y-anibal.jpg?w=560 560w, https:\/\/i0.wp.com\/www.24baires.com\/wp-content\/uploads\/2014\/12\/parrili-y-anibal.jpg?resize=300%2C167 300w\" sizes=\"auto, (max-width: 560px) 100vw, 560px\" \/>El vocero presidencial, Alfredo Scocimarro, inform\u00f3 este martes desde Casa de Gobierno que el titular dela SIDE H\u00e9ctor Icazuriaga, y el sub secretario de Inteligencia, Jos\u00e9 Francisco Larcher, presentaron sus renuncias a la presidenta Cristina Kirchner quien resolvi\u00f3 aceptarlas.<!--more--><\/p>\n<p>La mandataria design\u00f3 al frente de la SIDE en lugar de Icazuriaga al actual secretario general de la Presidencia, Oscar Parrilli y a Juan Mart\u00edn Mena, quien hasta el momento se desempe\u00f1a como jefe de Gabinete del ministerio de Justicia, en el cargo que deja Larcher.<\/p>\n<p>Asimismo el senador An\u00edbal Fern\u00e1ndez pasar\u00e1 a ocupar la secretar\u00eda general de la Presidencia.<\/p>\n<p>&nbsp;<\/p>\n<p>&nbsp;<\/p>\n<p>&nbsp;<\/p>\n<p>&nbsp;<\/p>\n<p>&nbsp;<\/p>\n<p>&nbsp;<\/p>\n<p>&nbsp;<\/p>\n<p>&nbsp;<\/p>\n<p>&nbsp;<\/p>\n<p>&nbsp;<\/p>\n<p>&nbsp;<\/p>\n<p>&nbsp;<\/p>\n<p>&nbsp;<\/p>\n","protected":false},"excerpt":{"rendered":"<p>El vocero presidencial, Alfredo Scocimarro, inform\u00f3 este martes desde Casa de Gobierno que el titular dela SIDE H\u00e9ctor Icazuriaga, y el sub secretario de Inteligencia, Jos\u00e9 Francisco Larcher, presentaron sus renuncias a la presidenta Cristina Kirchner quien resolvi\u00f3 aceptarlas.<\/p>\n","protected":false},"author":8,"featured_media":0,"comment_status":"open","ping_status":"open","sticky":false,"template":"","format":"standard","meta":{"_jetpack_newsletter_access":"","_jetpack_dont_email_post_to_subs":false,"_jetpack_newsletter_tier_id":0,"_jetpack_memberships_contains_paywalled_content":false,"_jetpack_memberships_contains_paid_content":false,"footnotes":""},"categories":[51],"tags":[],"class_list":["post-58722","post","type-post","status-publish","format-standard","hentry","category-politica"],"jetpack_shortlink":"https:\/\/wp.me\/p2JWE0-fh8","jetpack-related-posts":[{"id":58754,"url":"http:\/\/www.24baires.com\/?p=58754","url_meta":{"origin":58722,"position":0},"title":"An\u00edbal Fern\u00e1ndez confirm\u00f3 que renunciar\u00e1 al Senado","author":"Grupo Sierra","date":"16\/12\/2014","format":false,"excerpt":"El legislador por la provincia de Buenos Aires por el Frente para la Victoria asumir\u00e1 el pr\u00f3ximo jueves como secretario General de la Presidencia. El senador por la provincia de Buenos Aires por el Frente para la Victoria, An\u00edbal Fern\u00e1ndez, confirm\u00f3 hoy que renunciar\u00e1 a su banca para asumir como\u2026","rel":"","context":"En \u00abPol\u00edtica\u00bb","block_context":{"text":"Pol\u00edtica","link":"http:\/\/www.24baires.com\/?cat=51"},"img":{"alt_text":"an\u00edbal fern\u00e1ndez","src":"https:\/\/i0.wp.com\/www.24baires.com\/wp-content\/uploads\/2014\/04\/an%C3%ADbal-fern%C3%A1ndez.jpg?resize=350%2C200","width":350,"height":200,"srcset":"https:\/\/i0.wp.com\/www.24baires.com\/wp-content\/uploads\/2014\/04\/an%C3%ADbal-fern%C3%A1ndez.jpg?resize=350%2C200 1x, https:\/\/i0.wp.com\/www.24baires.com\/wp-content\/uploads\/2014\/04\/an%C3%ADbal-fern%C3%A1ndez.jpg?resize=525%2C300 1.5x"},"classes":[]},{"id":58864,"url":"http:\/\/www.24baires.com\/?p=58864","url_meta":{"origin":58722,"position":1},"title":"An\u00edbal Fern\u00e1ndez ya es el nuevo Secretario General de la Presidencia","author":"Grupo Sierra","date":"18\/12\/2014","format":false,"excerpt":"La presidenta Cristina Fern\u00e1ndez de Kirchner lo puso en funciones en reemplazo de Oscar Parrilli. La presidenta Cristina Fern\u00e1ndez de Kirchner puso en funciones esta noche al nuevo secretario General de la Presidencia, An\u00edbal Fern\u00e1ndez, luego de encabezar la tradicional ceremonia de ascensos de oficiales superiores de las fuerzas de\u2026","rel":"","context":"En \u00abPol\u00edtica\u00bb","block_context":{"text":"Pol\u00edtica","link":"http:\/\/www.24baires.com\/?cat=51"},"img":{"alt_text":"fern\u00e1ndez an\u00edbal","src":"https:\/\/i0.wp.com\/www.24baires.com\/wp-content\/uploads\/2012\/11\/fern%C3%A1ndez-an%C3%ADbal.jpg?resize=350%2C200","width":350,"height":200,"srcset":"https:\/\/i0.wp.com\/www.24baires.com\/wp-content\/uploads\/2012\/11\/fern%C3%A1ndez-an%C3%ADbal.jpg?resize=350%2C200 1x, https:\/\/i0.wp.com\/www.24baires.com\/wp-content\/uploads\/2012\/11\/fern%C3%A1ndez-an%C3%ADbal.jpg?resize=525%2C300 1.5x"},"classes":[]},{"id":62339,"url":"http:\/\/www.24baires.com\/?p=62339","url_meta":{"origin":58722,"position":2},"title":"Impulsar\u00e1n la denuncia contra Stiusso","author":"Grupo Sierra","date":"26\/02\/2015","format":false,"excerpt":"La fiscal en lo Penal Econ\u00f3mico 6, Gabriela Ruiz Morales, impuls\u00f3 la investigaci\u00f3n contra el exdirector de Operaciones de la SIDE, a ra\u00edz de la denuncia realizada por el Poder Ejecutivo. En un dictamen entregado al juez del fuero Rafael Caputo, la fiscal imput\u00f3 adem\u00e1s a los exagentes Nicol\u00e1s Mercado\u2026","rel":"","context":"En \u00abJUDICIALES\u00bb","block_context":{"text":"JUDICIALES","link":"http:\/\/www.24baires.com\/?cat=68"},"img":{"alt_text":"stiusso","src":"https:\/\/i0.wp.com\/www.24baires.com\/wp-content\/uploads\/2015\/02\/stiusso.jpg?resize=350%2C200","width":350,"height":200,"srcset":"https:\/\/i0.wp.com\/www.24baires.com\/wp-content\/uploads\/2015\/02\/stiusso.jpg?resize=350%2C200 1x, https:\/\/i0.wp.com\/www.24baires.com\/wp-content\/uploads\/2015\/02\/stiusso.jpg?resize=525%2C300 1.5x"},"classes":[]},{"id":104581,"url":"http:\/\/www.24baires.com\/?p=104581","url_meta":{"origin":58722,"position":3},"title":"Parrilli: \u00abBonadio es un protegido de Pichetto\u00bb","author":"AF","date":"20\/09\/2018","format":false,"excerpt":"El ex secretario general de la Presidencia critic\u00f3 al juez federal que lleva adelante la causa de las fotocopias y ratific\u00f3 que es \u201cabsolutamente falso el relato de Centeno\". \"Ni la ex Presidenta ni yo recibimos dinero ilegal\u201d, dijo. El ex secretario general de la Presidencia, Oscar Parrilli, critic\u00f3 duramente\u2026","rel":"","context":"En \u00abPol\u00edtica\u00bb","block_context":{"text":"Pol\u00edtica","link":"http:\/\/www.24baires.com\/?cat=51"},"img":{"alt_text":"","src":"https:\/\/i0.wp.com\/www.24baires.com\/wp-content\/uploads\/2014\/04\/oscar-parrilli.jpg?resize=350%2C200","width":350,"height":200,"srcset":"https:\/\/i0.wp.com\/www.24baires.com\/wp-content\/uploads\/2014\/04\/oscar-parrilli.jpg?resize=350%2C200 1x, https:\/\/i0.wp.com\/www.24baires.com\/wp-content\/uploads\/2014\/04\/oscar-parrilli.jpg?resize=525%2C300 1.5x"},"classes":[]},{"id":62199,"url":"http:\/\/www.24baires.com\/?p=62199","url_meta":{"origin":58722,"position":4},"title":"Parrilli inform\u00f3 que se denunci\u00f3 a Stiuso por \u00abcontrabando\u00bb","author":"GB","date":"24\/02\/2015","format":false,"excerpt":"El titular de la Secretar\u00eda de Inteligencia, Oscar Parrilli, inform\u00f3 que se denunci\u00f3 por presunto contrabando y evasi\u00f3n fiscal al ex esp\u00eda Antonio \u201cJaime\u201d Stiuso y a otros dos funcionarios de Inteligencia, Alejandro Patricio y Nicol\u00e1s Gast\u00f3n Mercado. El titular de la Secretaria de Inteligencia, Oscar Parrilli, inform\u00f3 que el\u2026","rel":"","context":"En \u00abPol\u00edtica\u00bb","block_context":{"text":"Pol\u00edtica","link":"http:\/\/www.24baires.com\/?cat=51"},"img":{"alt_text":"oscar parrilli","src":"https:\/\/i0.wp.com\/www.24baires.com\/wp-content\/uploads\/2014\/04\/oscar-parrilli.jpg?resize=350%2C200","width":350,"height":200,"srcset":"https:\/\/i0.wp.com\/www.24baires.com\/wp-content\/uploads\/2014\/04\/oscar-parrilli.jpg?resize=350%2C200 1x, https:\/\/i0.wp.com\/www.24baires.com\/wp-content\/uploads\/2014\/04\/oscar-parrilli.jpg?resize=525%2C300 1.5x"},"classes":[]},{"id":63788,"url":"http:\/\/www.24baires.com\/?p=63788","url_meta":{"origin":58722,"position":5},"title":"Causa AMIA: el Gobierno anuncia que citaron al ex esp\u00eda de la SIDE","author":"GB","date":"01\/04\/2015","format":false,"excerpt":"En conferencia de prensa, el secretario de Inteligencia, Oscar Parrilli, inform\u00f3 la convocatoria al exesp\u00eda para que brinde informaci\u00f3n sobre cuestiones vinculadas a la investigaci\u00f3n de la causa Amia. El secretario de Inteligencia, Oscar Parrilli, detall\u00f3 que la convocatoria al ex esp\u00eda de la SIDE Antonio \"Jaime\" Stiuso se da\u2026","rel":"","context":"En \u00abPol\u00edtica\u00bb","block_context":{"text":"Pol\u00edtica","link":"http:\/\/www.24baires.com\/?cat=51"},"img":{"alt_text":"","src":"https:\/\/i0.wp.com\/www.24baires.com\/wp-content\/uploads\/2015\/04\/parrili.jpg?resize=350%2C200","width":350,"height":200,"srcset":"https:\/\/i0.wp.com\/www.24baires.com\/wp-content\/uploads\/2015\/04\/parrili.jpg?resize=350%2C200 1x, https:\/\/i0.wp.com\/www.24baires.com\/wp-content\/uploads\/2015\/04\/parrili.jpg?resize=525%2C300 1.5x"},"classes":[]}],"jetpack_sharing_enabled":true,"jetpack_likes_enabled":true,"jetpack_featured_media_url":"","_links":{"self":[{"href":"http:\/\/www.24baires.com\/index.php?rest_route=\/wp\/v2\/posts\/58722","targetHints":{"allow":["GET"]}}],"collection":[{"href":"http:\/\/www.24baires.com\/index.php?rest_route=\/wp\/v2\/posts"}],"about":[{"href":"http:\/\/www.24baires.com\/index.php?rest_route=\/wp\/v2\/types\/post"}],"author":[{"embeddable":true,"href":"http:\/\/www.24baires.com\/index.php?rest_route=\/wp\/v2\/users\/8"}],"replies":[{"embeddable":true,"href":"http:\/\/www.24baires.com\/index.php?rest_route=%2Fwp%2Fv2%2Fcomments&post=58722"}],"version-history":[{"count":1,"href":"http:\/\/www.24baires.com\/index.php?rest_route=\/wp\/v2\/posts\/58722\/revisions"}],"predecessor-version":[{"id":58724,"href":"http:\/\/www.24baires.com\/index.php?rest_route=\/wp\/v2\/posts\/58722\/revisions\/58724"}],"wp:attachment":[{"href":"http:\/\/www.24baires.com\/index.php?rest_route=%2Fwp%2Fv2%2Fmedia&parent=58722"}],"wp:term":[{"taxonomy":"category","embeddable":true,"href":"http:\/\/www.24baires.com\/index.php?rest_route=%2Fwp%2Fv2%2Fcategories&post=58722"},{"taxonomy":"post_tag","embeddable":true,"href":"http:\/\/www.24baires.com\/index.php?rest_route=%2Fwp%2Fv2%2Ftags&post=58722"}],"curies":[{"name":"wp","href":"https:\/\/api.w.org\/{rel}","templated":true}]}}