{"id":58709,"date":"2014-12-16T12:30:15","date_gmt":"2014-12-16T15:30:15","guid":{"rendered":"http:\/\/www.24baires.com\/?p=58709"},"modified":"2014-12-16T12:32:22","modified_gmt":"2014-12-16T15:32:22","slug":"timerman-el-mercosur-es-tal-vez-el-caso-mas-exitoso-de-relacionamiento-regional","status":"publish","type":"post","link":"http:\/\/www.24baires.com\/?p=58709","title":{"rendered":"Timerman: \u00abEl Mercosur es tal vez el caso m\u00e1s exitoso de relacionamiento regional\u00bb"},"content":{"rendered":"<p><img data-recalc-dims=\"1\" loading=\"lazy\" decoding=\"async\" class=\"aligncenter size-full wp-image-52714\" src=\"https:\/\/i0.wp.com\/www.24baires.com\/wp-content\/uploads\/2014\/08\/timerman.jpg?resize=560%2C333\" alt=\"timerman\" width=\"560\" height=\"333\" srcset=\"https:\/\/i0.wp.com\/www.24baires.com\/wp-content\/uploads\/2014\/08\/timerman.jpg?w=560 560w, https:\/\/i0.wp.com\/www.24baires.com\/wp-content\/uploads\/2014\/08\/timerman.jpg?resize=300%2C178 300w\" sizes=\"auto, (max-width: 560px) 100vw, 560px\" \/>El canciller H\u00e9ctor Timerman sostuvo hoy en Entre R\u00edos que \u201cquienes lo critican, critican en realidad la necesidad de que los pueblos se unan\u201d. \u201cEs motivo de orgullo para los pa\u00edses que lo integran\u201d, se\u00f1al\u00f3.<!--more--><\/p>\n<p>El canciller H\u00e9ctor Timerman sostuvo hoy en Entre R\u00edos que el bloque del Mercosur es tal vez el caso \u00abm\u00e1s exitoso de relacionamiento regional\u201d tras lo cual afirm\u00f3 que \u201cquienes lo critican, critican en realidad la necesidad de que los pueblos se unan\u201d.<\/p>\n<p>\u201cEl Mercosur es motivo de orgullo para los pa\u00edses que lo integran\u201d, sostuvo el canciller en el Colegio Centenario de Paran\u00e1 tras el desayuno de trabajo con sus pares de la regi\u00f3n, previo al comienzo del Consejo del Mercado Com\u00fan, del que participar\u00e1n tambi\u00e9n algunos ministros de econom\u00eda del bloque de pa\u00edses.<\/p>\n<p>El primer encuentro de la agenda oficial de la cumbre, que re\u00fane a diplom\u00e1ticos y funcionarios de los pa\u00edses miembros del Mercosur, se extender\u00e1 hasta las 13, y por la tarde se sumar\u00e1n los pa\u00edses asociados e invitados.<\/p>\n<p>\u201cHemos coordinado distintas normas de integraci\u00f3n normativa\u201d y de tipo \u201cpol\u00edtico y social de nuestros ciudadanos\u201d, inform\u00f3 el canciller sobre el primer encuentro del d\u00eda, y sostuvo que este trabajo ser\u00e1 elevado a la cumbre de presidentes que se desarrollar\u00e1 ma\u00f1ana.<\/p>\n<p>El canciller inform\u00f3 que durante el desayuno de trabajo se trataron cuestiones internas como \u201cel mecanismo de fortalecimiento productivo\u201d y tambi\u00e9n temas referidos a \u201cla vida diaria, como la libre circulaci\u00f3n y los mecanismos de implementaci\u00f3n circular\u201d.<\/p>\n<p>Al referirse a la \u201cimplementaci\u00f3n de un documento del Mercosur\u201d y a la patente regional que ya fue presentada, el canciller defini\u00f3: \u201cEstamos trabajando en la creaci\u00f3n de una ciudadan\u00eda mercosuriana\u201d.<\/p>\n<p>Durante la breve conferencia que brind\u00f3 esta ma\u00f1ana, el titular del ministerio de Relaciones Exteriores y Culto se refiri\u00f3 tambi\u00e9n a las conversaciones entre el Mercosur y la Uni\u00f3n Europea con la perspectiva de crear un acuerdo de libre comercio. \u201cArgentina inform\u00f3 que ya se han concluido los trabajos para la elaboraci\u00f3n de una oferta por parte del Mercosur\u201d.<\/p>\n<p>\u201cLa Uni\u00f3n Europea no ha concluido su trabajo, el Mercosur est\u00e1 a la espera de una respuesta\u201d, inform\u00f3 el canciller, y asegur\u00f3 que se dar\u00e1 comienzo a una negociaci\u00f3n que elabore la propuesta de ambos bloques.<\/p>\n<p>Acompa\u00f1aron al canciller en la cumbre los embajadores de Argentina en todos los pa\u00edses de la regi\u00f3n, adem\u00e1s del representante argentino en el Mercosur, Juan Manuel Abal Medina.<\/p>\n<p>A las 13 los cancilleres interrumpir\u00e1n la jornada para la realizaci\u00f3n del almuerzo de trabajo, y retomar\u00e1n las deliberaciones a partir de las 15.<\/p>\n","protected":false},"excerpt":{"rendered":"<p>El canciller H\u00e9ctor Timerman sostuvo hoy en Entre R\u00edos que \u201cquienes lo critican, critican en realidad la necesidad de que los pueblos se unan\u201d. \u201cEs motivo de orgullo para los pa\u00edses que lo integran\u201d, se\u00f1al\u00f3.<\/p>\n","protected":false},"author":4,"featured_media":0,"comment_status":"open","ping_status":"open","sticky":false,"template":"","format":"standard","meta":{"_jetpack_newsletter_access":"","_jetpack_dont_email_post_to_subs":false,"_jetpack_newsletter_tier_id":0,"_jetpack_memberships_contains_paywalled_content":false,"_jetpack_memberships_contains_paid_content":false,"footnotes":""},"categories":[51],"tags":[],"class_list":["post-58709","post","type-post","status-publish","format-standard","hentry","category-politica"],"jetpack_shortlink":"https:\/\/wp.me\/p2JWE0-fgV","jetpack-related-posts":[{"id":58756,"url":"http:\/\/www.24baires.com\/?p=58756","url_meta":{"origin":58709,"position":0},"title":"Cristina encabeza la Cumbre de jefes y jefas de Estado del Mercosur","author":"AF","date":"17\/12\/2014","format":false,"excerpt":"Ser\u00e1 en Entre R\u00edos, donde los mandatarios avanzar\u00e1n en el proceso de construcci\u00f3n de una \u201cciudadan\u00eda mercosuriana\u201d, definieron los cancilleres esta ma\u00f1ana en la reuni\u00f3n preparatoria. La mandataria arrib\u00f3 anoche, pasadas las 22.45, acompa\u00f1ada por el secretario de Comunicaci\u00f3n P\u00fablica, Alfredo Scoccimarro, y una comitiva integrada por el Jefe de\u2026","rel":"","context":"En \u00abInternacionales\u00bb","block_context":{"text":"Internacionales","link":"http:\/\/www.24baires.com\/?cat=73"},"img":{"alt_text":"cristina","src":"https:\/\/i0.wp.com\/www.24baires.com\/wp-content\/uploads\/2014\/10\/cristina5.jpg?resize=350%2C200","width":350,"height":200,"srcset":"https:\/\/i0.wp.com\/www.24baires.com\/wp-content\/uploads\/2014\/10\/cristina5.jpg?resize=350%2C200 1x, https:\/\/i0.wp.com\/www.24baires.com\/wp-content\/uploads\/2014\/10\/cristina5.jpg?resize=525%2C300 1.5x"},"classes":[]},{"id":114108,"url":"http:\/\/www.24baires.com\/?p=114108","url_meta":{"origin":58709,"position":1},"title":"Bolsonaro le propuso a Alberto Fern\u00e1ndez reunirse en marzo","author":"AF","date":"12\/02\/2020","format":false,"excerpt":"Ser\u00eda en el marco de la asunci\u00f3n de Luis Lacalle Pou como presidente de Uruguay. La propuesta se realiz\u00f3 durante la reuni\u00f3n que el mandatario brasile\u00f1o mantuvo con el canciller Felipe Sol\u00e1. El presidente de Brasil, Jair Bolsonaro, le propuso este mi\u00e9rcoles al canciller Felipe Sol\u00e1 reunirse el pr\u00f3ximo 1\u00ba\u2026","rel":"","context":"En \u00abLocales\u00bb","block_context":{"text":"Locales","link":"http:\/\/www.24baires.com\/?cat=38"},"img":{"alt_text":"","src":"https:\/\/i0.wp.com\/www.24baires.com\/wp-content\/uploads\/2018\/10\/bolsonaro-brasil.jpg?resize=350%2C200","width":350,"height":200,"srcset":"https:\/\/i0.wp.com\/www.24baires.com\/wp-content\/uploads\/2018\/10\/bolsonaro-brasil.jpg?resize=350%2C200 1x, https:\/\/i0.wp.com\/www.24baires.com\/wp-content\/uploads\/2018\/10\/bolsonaro-brasil.jpg?resize=525%2C300 1.5x"},"classes":[]},{"id":56884,"url":"http:\/\/www.24baires.com\/?p=56884","url_meta":{"origin":58709,"position":2},"title":"Timerman asegur\u00f3 que la causa Malvinas \u00abes una cuesti\u00f3n regional\u00bb","author":"GB","date":"10\/11\/2014","format":false,"excerpt":"El canciller asegur\u00f3 al participar en la sesi\u00f3n extraordinaria del Parlamento del Mercosur que \"cuando la corona brit\u00e1nica ocup\u00f3 las islas lo hizo para controlar el \u00fanico paso natural entre el Pac\u00edfico y el Atl\u00e1ntico\". \"Cuando la corona brit\u00e1nica ocup\u00f3 las Islas Malvinas a sabiendas de que no tenia t\u00edtulo\u2026","rel":"","context":"En \u00abPol\u00edtica\u00bb","block_context":{"text":"Pol\u00edtica","link":"http:\/\/www.24baires.com\/?cat=51"},"img":{"alt_text":"timerman","src":"https:\/\/i0.wp.com\/www.24baires.com\/wp-content\/uploads\/2014\/08\/timerman.jpg?resize=350%2C200","width":350,"height":200,"srcset":"https:\/\/i0.wp.com\/www.24baires.com\/wp-content\/uploads\/2014\/08\/timerman.jpg?resize=350%2C200 1x, https:\/\/i0.wp.com\/www.24baires.com\/wp-content\/uploads\/2014\/08\/timerman.jpg?resize=525%2C300 1.5x"},"classes":[]},{"id":102804,"url":"http:\/\/www.24baires.com\/?p=102804","url_meta":{"origin":58709,"position":3},"title":"Por los cambios de gabinete, Macri no asistir\u00e1 a la Cumbre del Mercosur en Paraguay","author":"Grupo Sierra","date":"17\/06\/2018","format":false,"excerpt":"El presidente argentino, Mauricio Macri, no asistir\u00e1 el lunes como estaba previsto a la cumbre del Mercosur, que sesionar\u00e1 en Asunci\u00f3n del Paraguay con una agenda pol\u00edtica y comercial, seg\u00fan inform\u00f3 la agencia estatal T\u00e9lam. Macri, que se enfrenta a una complicada situaci\u00f3n financiera con cambios de ministros en el\u2026","rel":"","context":"En \u00abPol\u00edtica\u00bb","block_context":{"text":"Pol\u00edtica","link":"http:\/\/www.24baires.com\/?cat=51"},"img":{"alt_text":"","src":"https:\/\/i0.wp.com\/www.24baires.com\/wp-content\/uploads\/2018\/01\/macri.jpg?resize=350%2C200","width":350,"height":200,"srcset":"https:\/\/i0.wp.com\/www.24baires.com\/wp-content\/uploads\/2018\/01\/macri.jpg?resize=350%2C200 1x, https:\/\/i0.wp.com\/www.24baires.com\/wp-content\/uploads\/2018\/01\/macri.jpg?resize=525%2C300 1.5x"},"classes":[]},{"id":50723,"url":"http:\/\/www.24baires.com\/?p=50723","url_meta":{"origin":58709,"position":4},"title":"Cristina pidi\u00f3 \u00abredoblar los esfuerzos para conseguir un orden global m\u00e1s equitativo\u00bb","author":"AF","date":"29\/07\/2014","format":false,"excerpt":"Fue al arribar anoche a la ciudad de Caracas para participar de la cumbre de Jefes de Estado del Mercosur que se desarrollar\u00e1 hoy. La Presidenta dijo que llega a esta reuni\u00f3n \"con muchos recuerdos y compromisos con la historia presente y con el futuro, en un mundo convulsionado donde\u2026","rel":"","context":"En \u00abPol\u00edtica\u00bb","block_context":{"text":"Pol\u00edtica","link":"http:\/\/www.24baires.com\/?cat=51"},"img":{"alt_text":"cristina brics","src":"https:\/\/i0.wp.com\/www.24baires.com\/wp-content\/uploads\/2014\/07\/cristina-brics.jpg?resize=350%2C200","width":350,"height":200,"srcset":"https:\/\/i0.wp.com\/www.24baires.com\/wp-content\/uploads\/2014\/07\/cristina-brics.jpg?resize=350%2C200 1x, https:\/\/i0.wp.com\/www.24baires.com\/wp-content\/uploads\/2014\/07\/cristina-brics.jpg?resize=525%2C300 1.5x"},"classes":[]},{"id":49122,"url":"http:\/\/www.24baires.com\/?p=49122","url_meta":{"origin":58709,"position":5},"title":"Fondos Buitre: Kicillof y Timerman expondr\u00e1n el jueves ante la OEA","author":"GB","date":"02\/07\/2014","format":false,"excerpt":"El canciller H\u00e9ctor Timerman y el ministro de Econom\u00eda, Axel Kicillof, participar\u00e1n ma\u00f1ana en Washington de un encuentro que se celebrar\u00e1 en la sede de la Organizaci\u00f3n de Estados Americanos (OEA), en el que expondr\u00e1n sobre el proceso de reestructuraci\u00f3n de deuda llevado adelante por Argentina, y el tema fondos\u2026","rel":"","context":"En \u00abEconom\u00eda\u00bb","block_context":{"text":"Econom\u00eda","link":"http:\/\/www.24baires.com\/?cat=45"},"img":{"alt_text":"kicillof2","src":"https:\/\/i0.wp.com\/www.24baires.com\/wp-content\/uploads\/2014\/01\/kicillof2.jpg?resize=350%2C200","width":350,"height":200,"srcset":"https:\/\/i0.wp.com\/www.24baires.com\/wp-content\/uploads\/2014\/01\/kicillof2.jpg?resize=350%2C200 1x, https:\/\/i0.wp.com\/www.24baires.com\/wp-content\/uploads\/2014\/01\/kicillof2.jpg?resize=525%2C300 1.5x"},"classes":[]}],"jetpack_sharing_enabled":true,"jetpack_likes_enabled":true,"jetpack_featured_media_url":"","_links":{"self":[{"href":"http:\/\/www.24baires.com\/index.php?rest_route=\/wp\/v2\/posts\/58709","targetHints":{"allow":["GET"]}}],"collection":[{"href":"http:\/\/www.24baires.com\/index.php?rest_route=\/wp\/v2\/posts"}],"about":[{"href":"http:\/\/www.24baires.com\/index.php?rest_route=\/wp\/v2\/types\/post"}],"author":[{"embeddable":true,"href":"http:\/\/www.24baires.com\/index.php?rest_route=\/wp\/v2\/users\/4"}],"replies":[{"embeddable":true,"href":"http:\/\/www.24baires.com\/index.php?rest_route=%2Fwp%2Fv2%2Fcomments&post=58709"}],"version-history":[{"count":1,"href":"http:\/\/www.24baires.com\/index.php?rest_route=\/wp\/v2\/posts\/58709\/revisions"}],"predecessor-version":[{"id":58710,"href":"http:\/\/www.24baires.com\/index.php?rest_route=\/wp\/v2\/posts\/58709\/revisions\/58710"}],"wp:attachment":[{"href":"http:\/\/www.24baires.com\/index.php?rest_route=%2Fwp%2Fv2%2Fmedia&parent=58709"}],"wp:term":[{"taxonomy":"category","embeddable":true,"href":"http:\/\/www.24baires.com\/index.php?rest_route=%2Fwp%2Fv2%2Fcategories&post=58709"},{"taxonomy":"post_tag","embeddable":true,"href":"http:\/\/www.24baires.com\/index.php?rest_route=%2Fwp%2Fv2%2Ftags&post=58709"}],"curies":[{"name":"wp","href":"https:\/\/api.w.org\/{rel}","templated":true}]}}