{"id":58702,"date":"2014-12-16T11:00:33","date_gmt":"2014-12-16T14:00:33","guid":{"rendered":"http:\/\/www.24baires.com\/?p=58702"},"modified":"2014-12-17T10:14:09","modified_gmt":"2014-12-17T13:14:09","slug":"scioli-consolida-su-campana-con-un-acto-en-el-luna-park","status":"publish","type":"post","link":"http:\/\/www.24baires.com\/?p=58702","title":{"rendered":"Scioli consolida su campa\u00f1a con un acto en el Luna Park"},"content":{"rendered":"<p><img data-recalc-dims=\"1\" loading=\"lazy\" decoding=\"async\" class=\"aligncenter size-full wp-image-52743\" src=\"https:\/\/i0.wp.com\/www.24baires.com\/wp-content\/uploads\/2014\/08\/scioli-saludo.jpg?resize=560%2C373\" alt=\"scioli saludo\" width=\"560\" height=\"373\" srcset=\"https:\/\/i0.wp.com\/www.24baires.com\/wp-content\/uploads\/2014\/08\/scioli-saludo.jpg?w=560 560w, https:\/\/i0.wp.com\/www.24baires.com\/wp-content\/uploads\/2014\/08\/scioli-saludo.jpg?resize=300%2C199 300w\" sizes=\"auto, (max-width: 560px) 100vw, 560px\" \/>El gobernador bonaerense, Daniel Scioli, encabezar\u00e1 este martes un multitudinario acto en el microestadio Luna Park de Capital Federal para entregar el microcr\u00e9dito 100 mil del Banco Provincia, en el marco de una serie de actos de gesti\u00f3n con los que inici\u00f3 su campa\u00f1a presidencial.<!--more--><\/p>\n<p>Al acto, convocado para las 16, concurrir\u00e1 todo el Gabinete provincial y las primeras y segundas l\u00edneas de los ministerios y organismos de la Provincia, en lo que se constituir\u00e1 como una demostraci\u00f3n de fuerzas similar a la organizada a fines de agosto en el Teatro Argentino de La Plata.<\/p>\n<p>Seg\u00fan se indic\u00f3, durante el mitin Scioli entregar\u00e1 el microcr\u00e9dito 100 mil del Banco Provincia y otorgar\u00e1 un reconocimiento a emprendedores que iniciaron sus actividades en el marco del programa.<\/p>\n<p>M\u00e1s tarde el gobernador tomar\u00e1 la palabra para trazar un balance de su gesti\u00f3n a modo de cierre de a\u00f1o, junto con un repaso de las acciones del a\u00f1o pr\u00f3ximo, lo que lo llevar\u00e1 a adelantar las principales l\u00edneas de su campa\u00f1a presidencial.<\/p>\n<p>El encuentro se suma a una serie de acciones de gesti\u00f3n planificadas por el sciolismo con el objetivo de instalar la candidatura presidencial del mandatario provincial. En esta l\u00ednea se inscriben el acto que encabez\u00f3 a fines de noviembre en la Escuela de Polic\u00eda Juan Vucetich, donde se recibieron 10 mil nuevos oficiales, o la inauguraci\u00f3n de un tramo de la autov\u00eda 6, donde se mostr\u00f3 junto al ministro del Interior, Florencio Randazzo.<\/p>\n<p>&nbsp;<\/p>\n<p>&nbsp;<\/p>\n<p>&nbsp;<\/p>\n<p>&nbsp;<\/p>\n<p>&nbsp;<\/p>\n<p>&nbsp;<\/p>\n<p>&nbsp;<\/p>\n<p>&nbsp;<\/p>\n<p>&nbsp;<\/p>\n<p>&nbsp;<\/p>\n<p>&nbsp;<\/p>\n<p>&nbsp;<\/p>\n<p>&nbsp;<\/p>\n<p>&nbsp;<\/p>\n<p>&nbsp;<\/p>\n<p>&nbsp;<\/p>\n","protected":false},"excerpt":{"rendered":"<p>El gobernador bonaerense, Daniel Scioli, encabezar\u00e1 este martes un multitudinario acto en el microestadio Luna Park de Capital Federal para entregar el microcr\u00e9dito 100 mil del Banco Provincia, en el marco de una serie de actos de gesti\u00f3n con los que inici\u00f3 su campa\u00f1a presidencial.<\/p>\n","protected":false},"author":4,"featured_media":0,"comment_status":"open","ping_status":"open","sticky":false,"template":"","format":"standard","meta":{"_jetpack_newsletter_access":"","_jetpack_dont_email_post_to_subs":false,"_jetpack_newsletter_tier_id":0,"_jetpack_memberships_contains_paywalled_content":false,"_jetpack_memberships_contains_paid_content":false,"footnotes":""},"categories":[51],"tags":[],"class_list":["post-58702","post","type-post","status-publish","format-standard","hentry","category-politica"],"jetpack_shortlink":"https:\/\/wp.me\/p2JWE0-fgO","jetpack-related-posts":[{"id":33774,"url":"http:\/\/www.24baires.com\/?p=33774","url_meta":{"origin":58702,"position":0},"title":"Scioli entreg\u00f3 el cr\u00e9dito 70 mil del Banco Provincia","author":"AF","date":"19\/10\/2013","format":false,"excerpt":"El gobernador Daniel Scioli destac\u00f3 este viernes que \u201cun microcr\u00e9dito es la mayor expresi\u00f3n del cr\u00e9dito volcado a la producci\u00f3n y al trabajo\u201d, al entregar el microcr\u00e9dito 70 mil del Banco Provincia, en el Sal\u00f3n Dorado de Casa de Gobierno. \u201cEste microcr\u00e9dito 70 mil no es uno m\u00e1s, sino que\u2026","rel":"","context":"En \u00abProvincia\u00bb","block_context":{"text":"Provincia","link":"http:\/\/www.24baires.com\/?cat=40"},"img":{"alt_text":"scioli brindando 3","src":"https:\/\/i0.wp.com\/www.24baires.com\/wp-content\/uploads\/2012\/12\/scioli-brindando-3-300x271.jpg?resize=350%2C200","width":350,"height":200},"classes":[]},{"id":9300,"url":"http:\/\/www.24baires.com\/?p=9300","url_meta":{"origin":58702,"position":1},"title":"El 15D de Scioli: poca pol\u00edtica, menos gente y algo de far\u00e1ndula","author":"Grupo Sierra","date":"15\/12\/2012","format":false,"excerpt":"El gobernador bonaerense Daniel Scioli agradeci\u00f3 tibiamente a la presidenta de la Naci\u00f3n Cristina Fern\u00e1ndez de Kirchner por \u201cel apoyo brindado a la provincia de Buenos Aires y al trabajo que realizamos juntos\u201d. Los blancos en las tribunas indicaban que el n\u00famero de asistentes era mucho menor al pronosticado.\u00a0 \u201cMe\u2026","rel":"","context":"En \u00abPol\u00edtica\u00bb","block_context":{"text":"Pol\u00edtica","link":"http:\/\/www.24baires.com\/?cat=51"},"img":{"alt_text":"","src":"https:\/\/i0.wp.com\/www.24baires.com\/wp-content\/uploads\/2012\/12\/scioli_estadio_151212_4_ef_46752.jpg?resize=350%2C200","width":350,"height":200,"srcset":"https:\/\/i0.wp.com\/www.24baires.com\/wp-content\/uploads\/2012\/12\/scioli_estadio_151212_4_ef_46752.jpg?resize=350%2C200 1x, https:\/\/i0.wp.com\/www.24baires.com\/wp-content\/uploads\/2012\/12\/scioli_estadio_151212_4_ef_46752.jpg?resize=525%2C300 1.5x"},"classes":[]},{"id":8720,"url":"http:\/\/www.24baires.com\/?p=8720","url_meta":{"origin":58702,"position":2},"title":"Scioli tendr\u00e1 su 15D en el Estadio \u00danico de La Plata","author":"Grupo Sierra","date":"11\/12\/2012","format":false,"excerpt":"El mandatario bonaerense cerrar\u00e1 el a\u00f1o el pr\u00f3ximo s\u00e1bado en el Estadio Ciudad de La Plata, con un acto \u201ccien por cien institucional\u201d. Calculan que 50 mil personas lo acompa\u00f1ar\u00e1n y no habr\u00eda referencias a una posible candidatura presidencial. El gobernador Daniel Scioli cerrar\u00e1 este s\u00e1bado su primer a\u00f1o del\u2026","rel":"","context":"En \u00abPol\u00edtica\u00bb","block_context":{"text":"Pol\u00edtica","link":"http:\/\/www.24baires.com\/?cat=51"},"img":{"alt_text":"","src":"https:\/\/i0.wp.com\/www.24baires.com\/wp-content\/uploads\/2012\/12\/scioli-15D.jpg?resize=350%2C200","width":350,"height":200,"srcset":"https:\/\/i0.wp.com\/www.24baires.com\/wp-content\/uploads\/2012\/12\/scioli-15D.jpg?resize=350%2C200 1x, https:\/\/i0.wp.com\/www.24baires.com\/wp-content\/uploads\/2012\/12\/scioli-15D.jpg?resize=525%2C300 1.5x"},"classes":[]},{"id":106709,"url":"http:\/\/www.24baires.com\/?p=106709","url_meta":{"origin":58702,"position":3},"title":"Vidal inaugur\u00f3 obras hidr\u00e1ulicas en La Plata","author":"GB","date":"06\/02\/2019","format":false,"excerpt":"En tono de campa\u00f1a y con fuertes cr\u00edticas a la gesti\u00f3n anterior, la gobernadora Mar\u00eda Eugenia Vidal inaugur\u00f3 hoy obras hidr\u00e1ulicas en la ciudad de La Plata, donde en 2013 una inundaci\u00f3n caus\u00f3 la muerte de 89 personas. Junto al intendente local Julio Garro, Vidal inaugur\u00f3 hoy el ensanche y\u2026","rel":"","context":"En \u00abProvincia\u00bb","block_context":{"text":"Provincia","link":"http:\/\/www.24baires.com\/?cat=40"},"img":{"alt_text":"","src":"https:\/\/i0.wp.com\/www.24baires.com\/wp-content\/uploads\/2019\/02\/vidal-en-la-plata-300x200.jpg?resize=350%2C200","width":350,"height":200},"classes":[]},{"id":101122,"url":"http:\/\/www.24baires.com\/?p=101122","url_meta":{"origin":58702,"position":4},"title":"Indagar\u00e1n a Scioli por irregularidades en la construcci\u00f3n de las UPA 24","author":"AF","date":"17\/03\/2018","format":false,"excerpt":"El ex gobernador Daniel Scioli y quien fuera su ministro de Salud, Alejandro Collia, fueron imputados y citados a prestar declaraci\u00f3n indagatoria en el marco de una causa que investiga presuntas irregularidades en la adjudicaci\u00f3n de ocho Unidades de Pronta Atenci\u00f3n (UPA 24) para las que se destinaron m\u00e1s de\u2026","rel":"","context":"En \u00abJUDICIALES\u00bb","block_context":{"text":"JUDICIALES","link":"http:\/\/www.24baires.com\/?cat=68"},"img":{"alt_text":"","src":"https:\/\/i0.wp.com\/www.24baires.com\/wp-content\/uploads\/2014\/05\/Daniel-Scioli.jpg?resize=350%2C200","width":350,"height":200,"srcset":"https:\/\/i0.wp.com\/www.24baires.com\/wp-content\/uploads\/2014\/05\/Daniel-Scioli.jpg?resize=350%2C200 1x, https:\/\/i0.wp.com\/www.24baires.com\/wp-content\/uploads\/2014\/05\/Daniel-Scioli.jpg?resize=525%2C300 1.5x"},"classes":[]},{"id":69614,"url":"http:\/\/www.24baires.com\/?p=69614","url_meta":{"origin":58702,"position":5},"title":"Scioli habl\u00f3 de crear un &#8216;Ministerio de Econom\u00eda Popular&#8217; si es Presidente","author":"Grupo Sierra","date":"27\/07\/2015","format":false,"excerpt":"El candidato a presidente del FpV lo asegur\u00f3 en un acto junto a organizaciones sociales, en el que recibi\u00f3 el apoyo del dirigente del Movimiento Evita, Emilio P\u00e9rsico, junto al primer candidato al Parlasur Jorge Taiana. \"Desde el ministerio de Desarrollo Social, tenemos que proyectar un Ministerio de la Econom\u00eda\u2026","rel":"","context":"En \u00abElecciones 2015\u00bb","block_context":{"text":"Elecciones 2015","link":"http:\/\/www.24baires.com\/?cat=74"},"img":{"alt_text":"","src":"","width":0,"height":0},"classes":[]}],"jetpack_sharing_enabled":true,"jetpack_likes_enabled":true,"jetpack_featured_media_url":"","_links":{"self":[{"href":"http:\/\/www.24baires.com\/index.php?rest_route=\/wp\/v2\/posts\/58702","targetHints":{"allow":["GET"]}}],"collection":[{"href":"http:\/\/www.24baires.com\/index.php?rest_route=\/wp\/v2\/posts"}],"about":[{"href":"http:\/\/www.24baires.com\/index.php?rest_route=\/wp\/v2\/types\/post"}],"author":[{"embeddable":true,"href":"http:\/\/www.24baires.com\/index.php?rest_route=\/wp\/v2\/users\/4"}],"replies":[{"embeddable":true,"href":"http:\/\/www.24baires.com\/index.php?rest_route=%2Fwp%2Fv2%2Fcomments&post=58702"}],"version-history":[{"count":1,"href":"http:\/\/www.24baires.com\/index.php?rest_route=\/wp\/v2\/posts\/58702\/revisions"}],"predecessor-version":[{"id":58703,"href":"http:\/\/www.24baires.com\/index.php?rest_route=\/wp\/v2\/posts\/58702\/revisions\/58703"}],"wp:attachment":[{"href":"http:\/\/www.24baires.com\/index.php?rest_route=%2Fwp%2Fv2%2Fmedia&parent=58702"}],"wp:term":[{"taxonomy":"category","embeddable":true,"href":"http:\/\/www.24baires.com\/index.php?rest_route=%2Fwp%2Fv2%2Fcategories&post=58702"},{"taxonomy":"post_tag","embeddable":true,"href":"http:\/\/www.24baires.com\/index.php?rest_route=%2Fwp%2Fv2%2Ftags&post=58702"}],"curies":[{"name":"wp","href":"https:\/\/api.w.org\/{rel}","templated":true}]}}