{"id":58698,"date":"2014-12-16T10:00:17","date_gmt":"2014-12-16T13:00:17","guid":{"rendered":"http:\/\/www.24baires.com\/?p=58698"},"modified":"2014-12-17T10:14:02","modified_gmt":"2014-12-17T13:14:02","slug":"capitanich-acuso-a-los-grupos-concentrados-de-pretender-violar-la-ley","status":"publish","type":"post","link":"http:\/\/www.24baires.com\/?p=58698","title":{"rendered":"Capitanich acus\u00f3 a los \u00abgrupos concentrados\u00bb de pretender violar la ley"},"content":{"rendered":"<p><img data-recalc-dims=\"1\" loading=\"lazy\" decoding=\"async\" class=\"aligncenter size-full wp-image-53422\" src=\"https:\/\/i0.wp.com\/www.24baires.com\/wp-content\/uploads\/2014\/09\/capitanich1.jpg?resize=560%2C420\" alt=\"capitanich\" width=\"560\" height=\"420\" srcset=\"https:\/\/i0.wp.com\/www.24baires.com\/wp-content\/uploads\/2014\/09\/capitanich1.jpg?w=560 560w, https:\/\/i0.wp.com\/www.24baires.com\/wp-content\/uploads\/2014\/09\/capitanich1.jpg?resize=300%2C225 300w\" sizes=\"auto, (max-width: 560px) 100vw, 560px\" \/>Esa fue la respuesta del jefe de Gabinete al ser consultado sobre la decisi\u00f3n de las automotrices de acudir a la Justicia en rechazo de las multas aplicadas por la Secretar\u00eda de Comercio por \u201cconcertaci\u00f3n de precios\u201d en perjuicio de consumidores.<!--more--><\/p>\n<p>El jefe de Gabinete, Jorge Capitanich, se\u00f1al\u00f3 hoy que \u201ccomo siempre los grupos econ\u00f3micos poderosos pretenden violar la ley o, cuando se la aplica con toda rigurosidad, pretenden impedir su aplicaci\u00f3n\u201d, en referencia a las multas aplicadas a ocho automotrices, a la vez que consider\u00f3 un \u201cerror pol\u00edtico\u201d de la Federaci\u00f3n Agraria Argentina (FAA), su decisi\u00f3n de \u201cunificar su posiciones respecto a los grandes productores\u201d.<\/p>\n<p>Capitanich, consultado en su habitual conferencia de prensa en Casa Rosada, reconoci\u00f3 que existen instancias administrativas y judiciales a las que recurrir\u00e1n las terminales, seg\u00fan anticiparon, pero insisti\u00f3 en que \u201cla aplicaci\u00f3n de las multas por parte de la Secretar\u00eda de Comercio se inscribe en una clara violaci\u00f3n de la ley\u201d.<\/p>\n<p>El gobierno nacional impuso ayer sanciones por un total de 1.060 millones de pesos a las filiales de las compa\u00f1\u00edas Toyota, Volkswagen, General Motors, Renault, Ford, Fiat, Peugeot Citro\u00ebn y Honda Motor, por cartelizarse en la fijaci\u00f3n de precios de sus productos en el \u00e1rea aduanera especial de Tierra del Fuego.<\/p>\n<p>Con respecto a las cr\u00edticas de la FAA a la pol\u00edtica agropecuaria del gobierno, el jefe de Gabinete record\u00f3 que el Poder Ejecutivo impuls\u00f3 oportunamente \u201cuna estrategia de diferenciaci\u00f3n en favor de los peque\u00f1os y medianos productores, a trav\u00e9s de un sistema de reintegros de car\u00e1cter diferencial\u201d.<\/p>\n<p>Ese proyecto de ley -record\u00f3 Capitanich- buscaba \u201cprivilegiar a los productores localizados en econom\u00edas regionales por las asimetr\u00edas con respecto al costo del flete, la productividad y el rendimiento de sus cultivos, pero ellos (los dirigentes de la Federaci\u00f3n Agraria) se opusieron a partir de un abroquelamiento con la Mesa de Enlace para defender la posici\u00f3n de los grandes productores\u201d.<\/p>\n<p>\u201cHay errores que tienen que ver con el dise\u00f1o de su reclamo gremial, porque han pretendido unificar su posiciones respecto a los grandes productores. Esto es un error pol\u00edtico de su dirigencia que no es imputable al gobierno\u201d, sostuvo el funcionario nacional.<\/p>\n<p>Destac\u00f3 en ese sentido el permanente impulso a \u201cmedidas de fortalecimiento de la agricultura familiar\u201d, como la ley que ayer se trat\u00f3 en el Congreso para favorecer a 250 mil peque\u00f1os productores, desde pescadores artesanales hasta frutihort\u00edcolas.<\/p>\n<p>En cuanto a la supuesta restricci\u00f3n crediticia del Banco de la Naci\u00f3n hacia el sector, Capitanich resalt\u00f3 que la entidad \u201cfinancia a productores que lo requieren, pero es natural que quien tiene la posibilidad de vender un bien para obtener la liquidez correspondiente lo haga\u201d.<\/p>\n<p>De este modo el funcionario se refiri\u00f3 a las pr\u00e1cticas de retenci\u00f3n de gran parte de la cosecha de granos, particularmente soja, por parte de los productores.<\/p>\n<p>\u201cEs muy sencillo, la asignaci\u00f3n del cr\u00e9dito debe llegar a la mayor cantidad de productores en virtud de sus necesidades, pero si alguien dispone de un bien a liquidar tiene financiamiento y no lo necesita\u201d, insisti\u00f3 Capitanich.<\/p>\n<p>Adem\u00e1s, concluy\u00f3 el jefe de Gabinete, el Banco de la Naci\u00f3n no es el \u00fanico, hay tambi\u00e9n en el mercado local otras 81 entidades financieras, y por lo tanto la pol\u00edtica de financiamiento no tiene \u201csesgo ideol\u00f3gico o pol\u00edtico, sino racionalidad\u201d.<\/p>\n","protected":false},"excerpt":{"rendered":"<p>Esa fue la respuesta del jefe de Gabinete al ser consultado sobre la decisi\u00f3n de las automotrices de acudir a la Justicia en rechazo de las multas aplicadas por la Secretar\u00eda de Comercio por \u201cconcertaci\u00f3n de precios\u201d en perjuicio de consumidores.<\/p>\n","protected":false},"author":4,"featured_media":0,"comment_status":"open","ping_status":"open","sticky":false,"template":"","format":"standard","meta":{"_jetpack_newsletter_access":"","_jetpack_dont_email_post_to_subs":false,"_jetpack_newsletter_tier_id":0,"_jetpack_memberships_contains_paywalled_content":false,"_jetpack_memberships_contains_paid_content":false,"footnotes":""},"categories":[51],"tags":[],"class_list":["post-58698","post","type-post","status-publish","format-standard","hentry","category-politica"],"jetpack_shortlink":"https:\/\/wp.me\/p2JWE0-fgK","jetpack-related-posts":[{"id":57927,"url":"http:\/\/www.24baires.com\/?p=57927","url_meta":{"origin":58698,"position":0},"title":"Capitanich acusa al G6 de ser el \u00abresponsable directo\u00bb de la inflaci\u00f3n","author":"AF","date":"01\/12\/2014","format":false,"excerpt":"El jefe de Gabinete se refiri\u00f3 al grupo que nuclea a las compa\u00f1\u00edas con mayor volumen de negocios del pa\u00eds y se\u00f1al\u00f3 que \u201cla conducta de muchos grupos empresarios en materia de formaci\u00f3n de precios es mafiosa\u201d.Capitanich consider\u00f3 adem\u00e1s una \u201cactitud vergonzosa\u201d la decisi\u00f3n anticipada por el Grupo de los\u2026","rel":"","context":"En \u00abEconom\u00eda\u00bb","block_context":{"text":"Econom\u00eda","link":"http:\/\/www.24baires.com\/?cat=45"},"img":{"alt_text":"capitanich","src":"https:\/\/i0.wp.com\/www.24baires.com\/wp-content\/uploads\/2014\/09\/capitanich1.jpg?resize=350%2C200","width":350,"height":200,"srcset":"https:\/\/i0.wp.com\/www.24baires.com\/wp-content\/uploads\/2014\/09\/capitanich1.jpg?resize=350%2C200 1x, https:\/\/i0.wp.com\/www.24baires.com\/wp-content\/uploads\/2014\/09\/capitanich1.jpg?resize=525%2C300 1.5x"},"classes":[]},{"id":42788,"url":"http:\/\/www.24baires.com\/?p=42788","url_meta":{"origin":58698,"position":1},"title":"Capitanich: \u00abMoyano hace paros para bancar a Massa\u00bb","author":"Grupo Sierra","date":"26\/03\/2014","format":false,"excerpt":"Capitanich sostuvo que \"hay actores sindicales que pretenden establecer una estrategia de oposici\u00f3n y est\u00e1n comprometidos con el Frente Renovador\". El jefe de Gabinete, Jorge Capitanich, asegur\u00f3 hoy que el paro que tiene previsto realizar Hugo Moyano junto a otros sindicalistas opositores \"es un paro pol\u00edtico en apoyo al candidato\u2026","rel":"","context":"En \u00abPol\u00edtica\u00bb","block_context":{"text":"Pol\u00edtica","link":"http:\/\/www.24baires.com\/?cat=51"},"img":{"alt_text":"Capitanich","src":"https:\/\/i0.wp.com\/www.24baires.com\/wp-content\/uploads\/2014\/01\/Capitanich.jpg?resize=350%2C200","width":350,"height":200,"srcset":"https:\/\/i0.wp.com\/www.24baires.com\/wp-content\/uploads\/2014\/01\/Capitanich.jpg?resize=350%2C200 1x, https:\/\/i0.wp.com\/www.24baires.com\/wp-content\/uploads\/2014\/01\/Capitanich.jpg?resize=525%2C300 1.5x"},"classes":[]},{"id":45161,"url":"http:\/\/www.24baires.com\/?p=45161","url_meta":{"origin":58698,"position":2},"title":"Capitanich: \u00abEstamos ante un r\u00e9cord de recaudaci\u00f3n impositiva\u00bb","author":"Grupo Sierra","date":"02\/05\/2014","format":false,"excerpt":"El jefe de Gabinete tambi\u00e9n se\u00f1al\u00f3 que la tendencia de precios es \"declinante\" y que la oposici\u00f3n \"no tiene autoridad moral\" para referirse a la inflaci\u00f3n. Luego de inaugurar obras de pavimentaci\u00f3n con el intendente capitalino, Fabi\u00e1n R\u00edos (FPV), que se realizaron con recursos nacionales, Capitanich dio una conferencia de\u2026","rel":"","context":"En \u00abEconom\u00eda\u00bb","block_context":{"text":"Econom\u00eda","link":"http:\/\/www.24baires.com\/?cat=45"},"img":{"alt_text":"capitanich","src":"https:\/\/i0.wp.com\/www.24baires.com\/wp-content\/uploads\/2014\/03\/capitanich.jpg?resize=350%2C200","width":350,"height":200,"srcset":"https:\/\/i0.wp.com\/www.24baires.com\/wp-content\/uploads\/2014\/03\/capitanich.jpg?resize=350%2C200 1x, https:\/\/i0.wp.com\/www.24baires.com\/wp-content\/uploads\/2014\/03\/capitanich.jpg?resize=525%2C300 1.5x"},"classes":[]},{"id":56187,"url":"http:\/\/www.24baires.com\/?p=56187","url_meta":{"origin":58698,"position":3},"title":"\u00abEl fallo de la Corte que favorece a La Naci\u00f3n tiene intencionalidad pol\u00edtica\u201d","author":"AF","date":"29\/10\/2014","format":false,"excerpt":"El jefe de Gabinete, Jorge Capitanich, consider\u00f3 hoy una \"afrenta al funcionamiento de las instituciones republicanas y democr\u00e1ticas\" de la Argentina la decisi\u00f3n del m\u00e1ximo tribunal que mantiene la vigencia de una cautelar que le otorga protecci\u00f3n judicial al diario e impide a la AFIP cobrarle una deuda. \"Es un\u2026","rel":"","context":"En \u00abPol\u00edtica\u00bb","block_context":{"text":"Pol\u00edtica","link":"http:\/\/www.24baires.com\/?cat=51"},"img":{"alt_text":"capitanich 4","src":"https:\/\/i0.wp.com\/www.24baires.com\/wp-content\/uploads\/2014\/09\/capitanich-4.jpg?resize=350%2C200","width":350,"height":200,"srcset":"https:\/\/i0.wp.com\/www.24baires.com\/wp-content\/uploads\/2014\/09\/capitanich-4.jpg?resize=350%2C200 1x, https:\/\/i0.wp.com\/www.24baires.com\/wp-content\/uploads\/2014\/09\/capitanich-4.jpg?resize=525%2C300 1.5x"},"classes":[]},{"id":52977,"url":"http:\/\/www.24baires.com\/?p=52977","url_meta":{"origin":58698,"position":4},"title":"\u00abLas leyes de consumo buscan incentivar la producci\u00f3n y el empleo\u00bb","author":"AF","date":"03\/09\/2014","format":false,"excerpt":"El jefe de Gabinete, Jorge Capitanich, afirm\u00f3 en ese sentido, que las leyes de defensa del consumidor que se tratar\u00e1n hoy en el Congreso, \u201chan recibido ataques desmedidos de grupos concentrados\u201d. El jefe de Gabinete, Jorge Capitanich, dijo hoy que el rechazo del Grupo de los Seis (G-6), que integran\u2026","rel":"","context":"En \u00abSociedad\u00bb","block_context":{"text":"Sociedad","link":"http:\/\/www.24baires.com\/?cat=1"},"img":{"alt_text":"Capitanich","src":"https:\/\/i0.wp.com\/www.24baires.com\/wp-content\/uploads\/2013\/12\/Capitanich.jpg?resize=350%2C200","width":350,"height":200,"srcset":"https:\/\/i0.wp.com\/www.24baires.com\/wp-content\/uploads\/2013\/12\/Capitanich.jpg?resize=350%2C200 1x, https:\/\/i0.wp.com\/www.24baires.com\/wp-content\/uploads\/2013\/12\/Capitanich.jpg?resize=525%2C300 1.5x"},"classes":[]},{"id":58810,"url":"http:\/\/www.24baires.com\/?p=58810","url_meta":{"origin":58698,"position":5},"title":"Capitanich: \u00abla Iglesia habla de corrupci\u00f3n privada en su mensaje navide\u00f1o\u00bb","author":"AF","date":"18\/12\/2014","format":false,"excerpt":"El jefe de Gabinete se refiri\u00f3 al mensaje de Navidad y consider\u00f3 que los medios de comunicaci\u00f3n \"pretenden instalar la responsabilidad en el gobierno y eludir su propia responsabilidad\" en esa materia. \"La preocupaci\u00f3n por la corrupci\u00f3n tiene que ver con la corrupci\u00f3n privada, pero siempre los medios de comunicaci\u00f3n\u2026","rel":"","context":"En \u00abPol\u00edtica\u00bb","block_context":{"text":"Pol\u00edtica","link":"http:\/\/www.24baires.com\/?cat=51"},"img":{"alt_text":"capitanich","src":"https:\/\/i0.wp.com\/www.24baires.com\/wp-content\/uploads\/2014\/09\/capitanich1.jpg?resize=350%2C200","width":350,"height":200,"srcset":"https:\/\/i0.wp.com\/www.24baires.com\/wp-content\/uploads\/2014\/09\/capitanich1.jpg?resize=350%2C200 1x, https:\/\/i0.wp.com\/www.24baires.com\/wp-content\/uploads\/2014\/09\/capitanich1.jpg?resize=525%2C300 1.5x"},"classes":[]}],"jetpack_sharing_enabled":true,"jetpack_likes_enabled":true,"jetpack_featured_media_url":"","_links":{"self":[{"href":"http:\/\/www.24baires.com\/index.php?rest_route=\/wp\/v2\/posts\/58698","targetHints":{"allow":["GET"]}}],"collection":[{"href":"http:\/\/www.24baires.com\/index.php?rest_route=\/wp\/v2\/posts"}],"about":[{"href":"http:\/\/www.24baires.com\/index.php?rest_route=\/wp\/v2\/types\/post"}],"author":[{"embeddable":true,"href":"http:\/\/www.24baires.com\/index.php?rest_route=\/wp\/v2\/users\/4"}],"replies":[{"embeddable":true,"href":"http:\/\/www.24baires.com\/index.php?rest_route=%2Fwp%2Fv2%2Fcomments&post=58698"}],"version-history":[{"count":1,"href":"http:\/\/www.24baires.com\/index.php?rest_route=\/wp\/v2\/posts\/58698\/revisions"}],"predecessor-version":[{"id":58699,"href":"http:\/\/www.24baires.com\/index.php?rest_route=\/wp\/v2\/posts\/58698\/revisions\/58699"}],"wp:attachment":[{"href":"http:\/\/www.24baires.com\/index.php?rest_route=%2Fwp%2Fv2%2Fmedia&parent=58698"}],"wp:term":[{"taxonomy":"category","embeddable":true,"href":"http:\/\/www.24baires.com\/index.php?rest_route=%2Fwp%2Fv2%2Fcategories&post=58698"},{"taxonomy":"post_tag","embeddable":true,"href":"http:\/\/www.24baires.com\/index.php?rest_route=%2Fwp%2Fv2%2Ftags&post=58698"}],"curies":[{"name":"wp","href":"https:\/\/api.w.org\/{rel}","templated":true}]}}