{"id":58692,"date":"2014-12-15T21:15:54","date_gmt":"2014-12-16T00:15:54","guid":{"rendered":"http:\/\/www.24baires.com\/?p=58692"},"modified":"2014-12-15T21:15:54","modified_gmt":"2014-12-16T00:15:54","slug":"la-mujer-de-massa-se-aleja-de-la-politica-y-se-va-al-bailando","status":"publish","type":"post","link":"http:\/\/www.24baires.com\/?p=58692","title":{"rendered":"La mujer de Massa se aleja de la pol\u00edtica y se va \u00bfal bailando?"},"content":{"rendered":"<p><img data-recalc-dims=\"1\" loading=\"lazy\" decoding=\"async\" class=\"aligncenter size-full wp-image-29707\" src=\"https:\/\/i0.wp.com\/www.24baires.com\/wp-content\/uploads\/2013\/08\/massa-y-malena.jpg?resize=560%2C307\" alt=\"massa y malena\" width=\"560\" height=\"307\" srcset=\"https:\/\/i0.wp.com\/www.24baires.com\/wp-content\/uploads\/2013\/08\/massa-y-malena.jpg?w=560 560w, https:\/\/i0.wp.com\/www.24baires.com\/wp-content\/uploads\/2013\/08\/massa-y-malena.jpg?resize=300%2C164 300w\" sizes=\"auto, (max-width: 560px) 100vw, 560px\" \/>El conductor televisivo Marcelo Tinelli invit\u00f3 a Malena Galmarini a sumarse al concurso de baile.<!--more--><\/p>\n<p>La participaci\u00f3n de Marcelo Tinelli en a\u00f1os electorales es algo archisabido. Pero nadie se imagin\u00f3 que se animase a proponerle a la esposa de uno de los precandidatos presidenciales a que se sume a su programa de televisi\u00f3n justo en un a\u00f1o electoral.<\/p>\n<p>\u00abConvoco oficialmente a @MalenaMassa al Bailando 2015. Qu\u00e9 opina @SergioMassa ??\u00bb, escribi\u00f3 el conductor de Showmatch. \u00bfAceptar\u00e1?\u00bb, propuso el conductor de ShowMatch.<\/p>\n<p>Los contactos de Tinelli tanto con Massa, como con Daniel Scoli y Mauricio Macri son p\u00fablicos, pues suelen ser promocionados por los propios candidatos en las redes sociales. Pero nadie imagina que sus parejas formen parte del programa en un a\u00f1o en que se pone en juego la primera magistratura.<\/p>\n<p>Sin embargo, hasta ahora no se conoce respuesta oficial por parte de Malena Galmarini.<\/p>\n<p>&nbsp;<\/p>\n<p>&nbsp;<\/p>\n<p>&nbsp;<\/p>\n","protected":false},"excerpt":{"rendered":"<p>El conductor televisivo Marcelo Tinelli invit\u00f3 a Malena Galmarini a sumarse al concurso de baile.<\/p>\n","protected":false},"author":11,"featured_media":0,"comment_status":"open","ping_status":"open","sticky":false,"template":"","format":"standard","meta":{"_jetpack_newsletter_access":"","_jetpack_dont_email_post_to_subs":false,"_jetpack_newsletter_tier_id":0,"_jetpack_memberships_contains_paywalled_content":false,"_jetpack_memberships_contains_paid_content":false,"footnotes":""},"categories":[51],"tags":[],"class_list":["post-58692","post","type-post","status-publish","format-standard","hentry","category-politica"],"jetpack_shortlink":"https:\/\/wp.me\/p2JWE0-fgE","jetpack-related-posts":[{"id":64966,"url":"http:\/\/www.24baires.com\/?p=64966","url_meta":{"origin":58692,"position":0},"title":"Tinelli ya tiene fecha para el regreso de Showmatch","author":"GB","date":"27\/04\/2015","format":false,"excerpt":"El conductor se prepara para volver a la pantalla chica con el certamen de baile m\u00e1s importante de la televisi\u00f3n argentina. En esta nota, ent\u00e9rate cu\u00e1ndo es el debut del Bailando 2015. Despu\u00e9s de tantas idas y vueltas, Marcelo Tinelli y la producci\u00f3n de Ideas del Sur se pusieron de\u2026","rel":"","context":"En \u00abEspectaculos\u00bb","block_context":{"text":"Espectaculos","link":"http:\/\/www.24baires.com\/?cat=41"},"img":{"alt_text":"","src":"https:\/\/i0.wp.com\/www.24baires.com\/wp-content\/uploads\/2015\/04\/marce.jpg?resize=350%2C200","width":350,"height":200,"srcset":"https:\/\/i0.wp.com\/www.24baires.com\/wp-content\/uploads\/2015\/04\/marce.jpg?resize=350%2C200 1x, https:\/\/i0.wp.com\/www.24baires.com\/wp-content\/uploads\/2015\/04\/marce.jpg?resize=525%2C300 1.5x"},"classes":[]},{"id":44093,"url":"http:\/\/www.24baires.com\/?p=44093","url_meta":{"origin":58692,"position":1},"title":"\u00a1Basta de intriga! Se revel\u00f3 la fecha de inicio de ShowMatch","author":"GB","date":"17\/04\/2014","format":false,"excerpt":"Pablo \"el Chato Prada\", productor del ciclo \"ShowMatch\", dio a conocer la fecha de debut del esperado reality. Luego de realizarse este lunes, la foto oficial del Bailando 2014, el certamen m\u00e1s esperado de la televisi\u00f3n argentina y que contar\u00e1 con varias figuras del espect\u00e1culo, Pablo \"el Chato\" Prada -productor\u2026","rel":"","context":"En \u00abEspectaculos\u00bb","block_context":{"text":"Espectaculos","link":"http:\/\/www.24baires.com\/?cat=41"},"img":{"alt_text":"","src":"https:\/\/i0.wp.com\/www.24baires.com\/wp-content\/uploads\/2014\/04\/Tinelli.jpg?resize=350%2C200","width":350,"height":200,"srcset":"https:\/\/i0.wp.com\/www.24baires.com\/wp-content\/uploads\/2014\/04\/Tinelli.jpg?resize=350%2C200 1x, https:\/\/i0.wp.com\/www.24baires.com\/wp-content\/uploads\/2014\/04\/Tinelli.jpg?resize=525%2C300 1.5x"},"classes":[]},{"id":55790,"url":"http:\/\/www.24baires.com\/?p=55790","url_meta":{"origin":58692,"position":2},"title":"Montoya y Tinelli, del odio al amor","author":"Grupo Sierra","date":"21\/10\/2014","format":false,"excerpt":"El presidente del Grupo Provincia olvid\u00f3 por unos instantes las agudas cr\u00edticas que le hizo a Mart\u00edn Insaurralde por aparecer en el ShowMatch del \"cuervo\" y ahora le toc\u00f3 el turno a \u00e9l mismo en mostrarse junto al conductor televisivo y sacar r\u00e9dito de su imagen. Aunque con la excusa\u2026","rel":"","context":"En \u00abPol\u00edtica\u00bb","block_context":{"text":"Pol\u00edtica","link":"http:\/\/www.24baires.com\/?cat=51"},"img":{"alt_text":"","src":"https:\/\/i0.wp.com\/www.24baires.com\/wp-content\/uploads\/2014\/10\/tinelli-montoya.jpg?resize=350%2C200","width":350,"height":200,"srcset":"https:\/\/i0.wp.com\/www.24baires.com\/wp-content\/uploads\/2014\/10\/tinelli-montoya.jpg?resize=350%2C200 1x, https:\/\/i0.wp.com\/www.24baires.com\/wp-content\/uploads\/2014\/10\/tinelli-montoya.jpg?resize=525%2C300 1.5x"},"classes":[]},{"id":85500,"url":"http:\/\/www.24baires.com\/?p=85500","url_meta":{"origin":58692,"position":3},"title":"Sanseacab\u00f3: Macri recibe a Tinelli este mi\u00e9rcoles en la Quinta de Olivos","author":"Grupo Sierra","date":"26\/07\/2016","format":false,"excerpt":"El Presidente Mauricio Macri recibir\u00e1 ma\u00f1ana en la quinta de Olivos al conductor televisivo Marcelo Tinelli, tras los cruces de los \u00faltimos d\u00edas por las imitaciones del mandatario en el programa Showmatch. Fuentes oficiales confirmaron a NA la reuni\u00f3n, que se realizar\u00e1 desde las 12.00 en la residencia de Olivos,\u2026","rel":"","context":"En \u00abMedios\u00bb","block_context":{"text":"Medios","link":"http:\/\/www.24baires.com\/?cat=54"},"img":{"alt_text":"","src":"https:\/\/i0.wp.com\/www.24baires.com\/wp-content\/uploads\/2016\/07\/tinelli-macri.jpg?resize=350%2C200","width":350,"height":200,"srcset":"https:\/\/i0.wp.com\/www.24baires.com\/wp-content\/uploads\/2016\/07\/tinelli-macri.jpg?resize=350%2C200 1x, https:\/\/i0.wp.com\/www.24baires.com\/wp-content\/uploads\/2016\/07\/tinelli-macri.jpg?resize=525%2C300 1.5x"},"classes":[]},{"id":60892,"url":"http:\/\/www.24baires.com\/?p=60892","url_meta":{"origin":58692,"position":4},"title":"Una vez m\u00e1s, vuelve ShowMatch","author":"GB","date":"28\/01\/2015","format":false,"excerpt":"La producci\u00f3n del programa que conduce Marcelo Tinelli ya piensa en las nuevas figuras que estar\u00e1n este a\u00f1o en el certamen m\u00e1s famoso del pa\u00eds. Todav\u00eda falta pero las negociaciones para definir a las figuras que ser\u00e1n parte del certamen de baile de \"ShowMatch\" que conduce Marcelo Tinelli ya comenzaron.\u2026","rel":"","context":"En \u00abEspectaculos\u00bb","block_context":{"text":"Espectaculos","link":"http:\/\/www.24baires.com\/?cat=41"},"img":{"alt_text":"","src":"https:\/\/i0.wp.com\/www.24baires.com\/wp-content\/uploads\/2015\/01\/shomatch.jpg?resize=350%2C200","width":350,"height":200,"srcset":"https:\/\/i0.wp.com\/www.24baires.com\/wp-content\/uploads\/2015\/01\/shomatch.jpg?resize=350%2C200 1x, https:\/\/i0.wp.com\/www.24baires.com\/wp-content\/uploads\/2015\/01\/shomatch.jpg?resize=525%2C300 1.5x"},"classes":[]},{"id":65045,"url":"http:\/\/www.24baires.com\/?p=65045","url_meta":{"origin":58692,"position":5},"title":"Marcelo Tinelli graba la apertura de Showmatch en Mar del Plata","author":"GB","date":"28\/04\/2015","format":false,"excerpt":"El conductor comparti\u00f3 fotos del rodaje de la apertura en su cuenta de Twitter y expres\u00f3 su cari\u00f1o por la ciudad. Marcelo Tinelli lleg\u00f3 esta ma\u00f1ana a Mar del Plata para grabar algunas escenas de la apertura de ShowMatch 2015. El conductor comparti\u00f3 fotos en su cuenta de Twitter donde\u2026","rel":"","context":"En \u00abEspectaculos\u00bb","block_context":{"text":"Espectaculos","link":"http:\/\/www.24baires.com\/?cat=41"},"img":{"alt_text":"","src":"https:\/\/i0.wp.com\/www.24baires.com\/wp-content\/uploads\/2015\/04\/tinelli-mdp.jpg?resize=350%2C200","width":350,"height":200,"srcset":"https:\/\/i0.wp.com\/www.24baires.com\/wp-content\/uploads\/2015\/04\/tinelli-mdp.jpg?resize=350%2C200 1x, https:\/\/i0.wp.com\/www.24baires.com\/wp-content\/uploads\/2015\/04\/tinelli-mdp.jpg?resize=525%2C300 1.5x"},"classes":[]}],"jetpack_sharing_enabled":true,"jetpack_likes_enabled":true,"jetpack_featured_media_url":"","_links":{"self":[{"href":"http:\/\/www.24baires.com\/index.php?rest_route=\/wp\/v2\/posts\/58692","targetHints":{"allow":["GET"]}}],"collection":[{"href":"http:\/\/www.24baires.com\/index.php?rest_route=\/wp\/v2\/posts"}],"about":[{"href":"http:\/\/www.24baires.com\/index.php?rest_route=\/wp\/v2\/types\/post"}],"author":[{"embeddable":true,"href":"http:\/\/www.24baires.com\/index.php?rest_route=\/wp\/v2\/users\/11"}],"replies":[{"embeddable":true,"href":"http:\/\/www.24baires.com\/index.php?rest_route=%2Fwp%2Fv2%2Fcomments&post=58692"}],"version-history":[{"count":1,"href":"http:\/\/www.24baires.com\/index.php?rest_route=\/wp\/v2\/posts\/58692\/revisions"}],"predecessor-version":[{"id":58693,"href":"http:\/\/www.24baires.com\/index.php?rest_route=\/wp\/v2\/posts\/58692\/revisions\/58693"}],"wp:attachment":[{"href":"http:\/\/www.24baires.com\/index.php?rest_route=%2Fwp%2Fv2%2Fmedia&parent=58692"}],"wp:term":[{"taxonomy":"category","embeddable":true,"href":"http:\/\/www.24baires.com\/index.php?rest_route=%2Fwp%2Fv2%2Fcategories&post=58692"},{"taxonomy":"post_tag","embeddable":true,"href":"http:\/\/www.24baires.com\/index.php?rest_route=%2Fwp%2Fv2%2Ftags&post=58692"}],"curies":[{"name":"wp","href":"https:\/\/api.w.org\/{rel}","templated":true}]}}