{"id":58688,"date":"2014-12-15T19:56:21","date_gmt":"2014-12-15T22:56:21","guid":{"rendered":"http:\/\/www.24baires.com\/?p=58688"},"modified":"2014-12-15T19:56:21","modified_gmt":"2014-12-15T22:56:21","slug":"bazze-denuncio-que-las-estadisticas-en-seguridad-de-scioli-son-falsas","status":"publish","type":"post","link":"http:\/\/www.24baires.com\/?p=58688","title":{"rendered":"Bazze denunci\u00f3 que las estad\u00edsticas en seguridad de Scioli \u00abson falsas\u00bb"},"content":{"rendered":"<p><img data-recalc-dims=\"1\" loading=\"lazy\" decoding=\"async\" class=\"aligncenter size-full wp-image-49022\" src=\"https:\/\/i0.wp.com\/www.24baires.com\/wp-content\/uploads\/2014\/06\/Miguel-Bazze.jpg?resize=560%2C314\" alt=\"Miguel Bazze\" width=\"560\" height=\"314\" srcset=\"https:\/\/i0.wp.com\/www.24baires.com\/wp-content\/uploads\/2014\/06\/Miguel-Bazze.jpg?w=560 560w, https:\/\/i0.wp.com\/www.24baires.com\/wp-content\/uploads\/2014\/06\/Miguel-Bazze.jpg?resize=300%2C168 300w\" sizes=\"auto, (max-width: 560px) 100vw, 560px\" \/>El diputado nacional por la UCR afirm\u00f3 que \u00abestamos en un proceso en que la inseguridad se va agravando d\u00eda a d\u00eda\u00bb <!--more--><\/p>\n<p>El diputado nacional Miguel Bazze (UCR &#8211; Buenos Aires) afirm\u00f3: \u201cEstamos en un proceso en que la inseguridad se va agravando d\u00eda a d\u00eda y en las \u00faltimas semanas esta situaci\u00f3n se ha tornado insoportable y compleja por la inusitada violencia con que act\u00faan los delincuentes ante la falta de reacci\u00f3n de la polic\u00eda y del gobierno que lo \u00fanico que hace es intentar mostrar estad\u00edsticas que deforman la realidad, que son mentirosas porque no registran un alt\u00edsimo porcentaje de delitos\u201d.<\/p>\n<p>\u201cLa lucha contra la inseguridad en manos de Scioli ha sido un rotundo fracaso y su falta de reacci\u00f3n empeora la situaci\u00f3n\u201d, indic\u00f3.<\/p>\n<p>Para Bazze, la inseguridad \u201cse ha agravado de manera exponencial en la provincia de Buenos Aires. Esperamos que el gobierno tome real conciencia de esa situaci\u00f3n. Son muchos los distritos del conurbano que se ven afectados por este incremento de hechos de inseguridad y pareciera ser que estos no estuvieran registrados en las estad\u00edsticas de Ministerio de Seguridad de la provincia de Buenos Aires\u201d.<\/p>\n<p>\u201cEn general las personas cuando son v\u00edctimas de un delito recurren a la polic\u00eda y en algunos casos, no en todos, a partir de la llamada al 911 se acerca un m\u00f3vil al lugar del hecho, se piden los datos de la v\u00edctima y salen a buscar a los autores del delito, lo que pasa es que eso despu\u00e9s no tiene ning\u00fan resultado. De hecho, a la persona que hizo la denuncia no se le comunica nada m\u00e1s y si no concurre al d\u00eda siguiente a la comisar\u00eda a formalizar la denuncia -porque necesita alguna constancia para pedir un nuevo documento o tarjeta de cr\u00e9dito- ese hecho delictivo no queda registrado en la estad\u00edsticas del Ministerio de Seguridad\u201d, se\u00f1al\u00f3 Bazze.<\/p>\n<p>Agreg\u00f3 que en esas estad\u00edsticas \u201cque se utilizan para decir que baj\u00f3 el delito\u201d, los llamados al 911 \u201cno se incorporan como hechos delictivos sino s\u00f3lo como llamadas\u201d.<\/p>\n<p>Remarc\u00f3: \u201cEsta es la raz\u00f3n por la que el gobierno de Scioli en la provincia de Buenos Aires no contabiliza la mayor\u00eda de los hechos de inseguridad que ocurren\u201d.<\/p>\n<p>\u201cEsperamos que el gobierno reaccione ante esta situaci\u00f3n y que no trate de disimular el problema importante que sufren todos los sectores de la sociedad bonaerense, es muy grave lo que sucede en municipios como La Plata, la Matanza, Lomas de Zamora, Quilmes y todo el Gran Buenos Aires\u201d, concluy\u00f3 Bazze.<\/p>\n<p>&nbsp;<\/p>\n<p>&nbsp;<\/p>\n<p>&nbsp;<\/p>\n","protected":false},"excerpt":{"rendered":"<p>El diputado nacional por la UCR afirm\u00f3 que \u00abestamos en un proceso en que la inseguridad se va agravando d\u00eda a d\u00eda\u00bb<\/p>\n","protected":false},"author":11,"featured_media":0,"comment_status":"open","ping_status":"open","sticky":false,"template":"","format":"standard","meta":{"_jetpack_newsletter_access":"","_jetpack_dont_email_post_to_subs":false,"_jetpack_newsletter_tier_id":0,"_jetpack_memberships_contains_paywalled_content":false,"_jetpack_memberships_contains_paid_content":false,"footnotes":""},"categories":[51],"tags":[],"class_list":["post-58688","post","type-post","status-publish","format-standard","hentry","category-politica"],"jetpack_shortlink":"https:\/\/wp.me\/p2JWE0-fgA","jetpack-related-posts":[{"id":15896,"url":"http:\/\/www.24baires.com\/?p=15896","url_meta":{"origin":58688,"position":0},"title":"Para Bazze la intervenci\u00f3n al Indec \u00abafect\u00f3 la econom\u00eda del pa\u00eds\u00bb","author":"Grupo Sierra","date":"17\/02\/2013","format":false,"excerpt":"El diputado nacional de la UCR, Miguel Bazze, particip\u00f3 junto a los ex trabajadores del Instituto Nacional de Estad\u00edsticas y Censos (Indec) de un abrazo simb\u00f3lico a la sede del organismo. Dijo que junto con otras medidas, esta injerencia del Gobierno \"gener\u00f3 un clima de incertidumbre por el cual la\u2026","rel":"","context":"En \u00abEconom\u00eda\u00bb","block_context":{"text":"Econom\u00eda","link":"http:\/\/www.24baires.com\/?cat=45"},"img":{"alt_text":"indec","src":"https:\/\/i0.wp.com\/www.24baires.com\/wp-content\/uploads\/2013\/02\/indec-300x225.jpg?resize=350%2C200","width":350,"height":200},"classes":[]},{"id":49021,"url":"http:\/\/www.24baires.com\/?p=49021","url_meta":{"origin":58688,"position":1},"title":"Miguel Bazze se suma desde UCR a la lucha por la Gobernaci\u00f3n","author":"Grupo Sierra","date":"30\/06\/2014","format":false,"excerpt":"El Radicalismo lanz\u00f3 oficialmente al diputado nacional como precandidato a gobernador de la provincia de Buenos Aires por el Frente Amplio UNEN. Con la presencia de uno de los principales referentes del radicalismo a nivel nacional, Ricardo Alfons\u00edn, legisladores provinciales, concejales locales y regionales, dirigentes de las distintas secciones platenses,\u2026","rel":"","context":"En \u00abElecciones 2015\u00bb","block_context":{"text":"Elecciones 2015","link":"http:\/\/www.24baires.com\/?cat=74"},"img":{"alt_text":"","src":"https:\/\/i0.wp.com\/www.24baires.com\/wp-content\/uploads\/2014\/06\/Miguel-Bazze.jpg?resize=350%2C200","width":350,"height":200,"srcset":"https:\/\/i0.wp.com\/www.24baires.com\/wp-content\/uploads\/2014\/06\/Miguel-Bazze.jpg?resize=350%2C200 1x, https:\/\/i0.wp.com\/www.24baires.com\/wp-content\/uploads\/2014\/06\/Miguel-Bazze.jpg?resize=525%2C300 1.5x"},"classes":[]},{"id":6989,"url":"http:\/\/www.24baires.com\/?p=6989","url_meta":{"origin":58688,"position":2},"title":"Contin\u00faa la pol\u00e9mica por la propuesta del &#8216;impuesto al combustible&#8217;","author":"AF","date":"27\/11\/2012","format":false,"excerpt":"El diputado nacional por la Uni\u00f3n C\u00edvica Radical, Miguel Bazze, afirm\u00f3 que \u201ces una locura que el gobierno de la provincia pretenda incorporar un impuesto al combustible que s\u00f3lo responde a la dur\u00edsima crisis financiera que padecen las provincias como consecuencia la actitud centralista del gobierno nacional que retiene fondos\u2026","rel":"","context":"En \u00abEconom\u00eda\u00bb","block_context":{"text":"Econom\u00eda","link":"http:\/\/www.24baires.com\/?cat=45"},"img":{"alt_text":"","src":"","width":0,"height":0},"classes":[]},{"id":23564,"url":"http:\/\/www.24baires.com\/?p=23564","url_meta":{"origin":58688,"position":3},"title":"Presentan proyecto para extender la jornada escolar en la Provincia","author":"AF","date":"15\/05\/2013","format":false,"excerpt":"El diputado nacional Miguel Bazze (UCR Buenos Aires) present\u00f3 un proyecto en el Congreso para que el Estado Nacional cumpla con la Jornada de Educaci\u00f3n Extendida en todo el pa\u00eds que beneficiar\u00eda a millones de chicos. Seg\u00fan el art\u00edculo primero de la propuesta de Bazze, quien integra la Comisi\u00f3n de\u2026","rel":"","context":"En \u00abProvincia\u00bb","block_context":{"text":"Provincia","link":"http:\/\/www.24baires.com\/?cat=40"},"img":{"alt_text":"","src":"","width":0,"height":0},"classes":[]},{"id":34223,"url":"http:\/\/www.24baires.com\/?p=34223","url_meta":{"origin":58688,"position":4},"title":"El Fpcys espera \u00absuperar el 11% obtenido en las PASO\u00bb","author":"GB","date":"27\/10\/2013","format":false,"excerpt":"El diputado por la UCR Miguel Bazze asegur\u00f3 que la lista del Frente Progresista C\u00edvico y Social, que encabeza Margarita Stolbizer, \"superar\u00e1\" en los comicios los votos que obtuvo en las primarias. \"Vamos a superar el resultado de las Paso\", asegur\u00f3 Bazze, quien ofici\u00f3 de vocero del Frente Progresista bonaerense,\u2026","rel":"","context":"En \u00abELECCIONES 2013\u00bb","block_context":{"text":"ELECCIONES 2013","link":"http:\/\/www.24baires.com\/?cat=72"},"img":{"alt_text":"","src":"","width":0,"height":0},"classes":[]},{"id":57817,"url":"http:\/\/www.24baires.com\/?p=57817","url_meta":{"origin":58688,"position":5},"title":"\u00abNing\u00fan candidato a Gobernador llega al 3% de los votos\u00bb","author":"Grupo Sierra","date":"27\/11\/2014","format":false,"excerpt":"As\u00ed lo indic\u00f3 el diputado nacional Ricardo Alfons\u00edn, quien cuestion\u00f3 hoy las encuestas de opini\u00f3n que circulan. Asegur\u00f3 que \u201cno hay un candidato para la provincia que rompa los relojes\u201d y que el FA Unen est\u00e1 \u201cexpectante\u201d, a tres puntos de Massa a nivel nacional. El titular del Comit\u00e9 Provincia\u2026","rel":"","context":"En \u00abElecciones 2015\u00bb","block_context":{"text":"Elecciones 2015","link":"http:\/\/www.24baires.com\/?cat=74"},"img":{"alt_text":"alfonsin","src":"https:\/\/i0.wp.com\/www.24baires.com\/wp-content\/uploads\/2013\/09\/alfonsin.jpg?resize=350%2C200","width":350,"height":200,"srcset":"https:\/\/i0.wp.com\/www.24baires.com\/wp-content\/uploads\/2013\/09\/alfonsin.jpg?resize=350%2C200 1x, https:\/\/i0.wp.com\/www.24baires.com\/wp-content\/uploads\/2013\/09\/alfonsin.jpg?resize=525%2C300 1.5x"},"classes":[]}],"jetpack_sharing_enabled":true,"jetpack_likes_enabled":true,"jetpack_featured_media_url":"","_links":{"self":[{"href":"http:\/\/www.24baires.com\/index.php?rest_route=\/wp\/v2\/posts\/58688","targetHints":{"allow":["GET"]}}],"collection":[{"href":"http:\/\/www.24baires.com\/index.php?rest_route=\/wp\/v2\/posts"}],"about":[{"href":"http:\/\/www.24baires.com\/index.php?rest_route=\/wp\/v2\/types\/post"}],"author":[{"embeddable":true,"href":"http:\/\/www.24baires.com\/index.php?rest_route=\/wp\/v2\/users\/11"}],"replies":[{"embeddable":true,"href":"http:\/\/www.24baires.com\/index.php?rest_route=%2Fwp%2Fv2%2Fcomments&post=58688"}],"version-history":[{"count":1,"href":"http:\/\/www.24baires.com\/index.php?rest_route=\/wp\/v2\/posts\/58688\/revisions"}],"predecessor-version":[{"id":58689,"href":"http:\/\/www.24baires.com\/index.php?rest_route=\/wp\/v2\/posts\/58688\/revisions\/58689"}],"wp:attachment":[{"href":"http:\/\/www.24baires.com\/index.php?rest_route=%2Fwp%2Fv2%2Fmedia&parent=58688"}],"wp:term":[{"taxonomy":"category","embeddable":true,"href":"http:\/\/www.24baires.com\/index.php?rest_route=%2Fwp%2Fv2%2Fcategories&post=58688"},{"taxonomy":"post_tag","embeddable":true,"href":"http:\/\/www.24baires.com\/index.php?rest_route=%2Fwp%2Fv2%2Ftags&post=58688"}],"curies":[{"name":"wp","href":"https:\/\/api.w.org\/{rel}","templated":true}]}}