{"id":58673,"date":"2014-12-15T17:04:37","date_gmt":"2014-12-15T20:04:37","guid":{"rendered":"http:\/\/www.24baires.com\/?p=58673"},"modified":"2014-12-15T17:04:37","modified_gmt":"2014-12-15T20:04:37","slug":"hotesur-critico-la-impericia-mediatica","status":"publish","type":"post","link":"http:\/\/www.24baires.com\/?p=58673","title":{"rendered":"Hotesur critic\u00f3 la \u00abimpericia medi\u00e1tica\u00bb"},"content":{"rendered":"<p>La empresa Hotesur S.A. aclar\u00f3 que el contador Hugo \u00c1lvarez no cumple tareas en esta entidad, tal como public\u00f3 en su edici\u00f3n de hoy el matutino Clar\u00edn, y sostuvo que se trata \u00abuna vez m\u00e1s de la impericia medi\u00e1tica\u00bb y que \u00abes m\u00e1s que notorio e inocultable la real malicia\u00bb de este grupo econ\u00f3mico.<!--more--><\/p>\n<p>\u00abHotesur S.A. informa que a ra\u00edz de la publicaci\u00f3n del d\u00eda de la fecha en el diario Clar\u00edn, en la que se afirma que el contador Hugo \u00c1lvarez es el contador de esta empresa: una vez m\u00e1s, debemos se\u00f1alar como falsa dicha informaci\u00f3n. Dicho profesional no es contador de Hotesur S.A.\u00bb, se\u00f1al\u00f3 la empresa en un comunicado.<\/p>\n<p>\u00abLamentablemente -agreg\u00f3- una vez m\u00e1s somos victimas de la impericia medi\u00e1tica, o de lo que en realidad s\u00f3lo es una campa\u00f1a permanente de ataques medi\u00e1ticos, cuyo \u00fanico fin es colocar en un manto de sospecha a una sociedad que paga sus impuestos y ejerce el comercio conforme la normativa vigente\u00bb.<\/p>\n<p>\u00abYa es m\u00e1s que notorio e inocultable la real malicia con que el grupo econ\u00f3mico Clar\u00edn instrumenta en forma sistem\u00e1tica. La mentira y la confusi\u00f3n como m\u00e9todo permanente\u00bb, concluy\u00f3 el comunicado de la empresa.<\/p>\n<p>&nbsp;<\/p>\n<p>&nbsp;<\/p>\n<p>&nbsp;<\/p>\n<p>&nbsp;<\/p>\n<p>&nbsp;<\/p>\n<p>&nbsp;<\/p>\n<p>&nbsp;<\/p>\n<p>&nbsp;<\/p>\n<p>&nbsp;<\/p>\n<p>&nbsp;<\/p>\n<p>&nbsp;<\/p>\n<p>&nbsp;<\/p>\n<p>&nbsp;<\/p>\n<p>&nbsp;<\/p>\n","protected":false},"excerpt":{"rendered":"<p>La empresa Hotesur S.A. aclar\u00f3 que el contador Hugo \u00c1lvarez no cumple tareas en esta entidad, tal como public\u00f3 en su edici\u00f3n de hoy el matutino Clar\u00edn, y sostuvo que se trata \u00abuna vez m\u00e1s de la impericia medi\u00e1tica\u00bb y que \u00abes m\u00e1s que notorio e inocultable la real malicia\u00bb de este grupo econ\u00f3mico.<\/p>\n","protected":false},"author":8,"featured_media":0,"comment_status":"open","ping_status":"open","sticky":false,"template":"","format":"standard","meta":{"_jetpack_newsletter_access":"","_jetpack_dont_email_post_to_subs":false,"_jetpack_newsletter_tier_id":0,"_jetpack_memberships_contains_paywalled_content":false,"_jetpack_memberships_contains_paid_content":false,"footnotes":""},"categories":[51],"tags":[],"class_list":["post-58673","post","type-post","status-publish","format-standard","hentry","category-politica"],"jetpack_shortlink":"https:\/\/wp.me\/p2JWE0-fgl","jetpack-related-posts":[{"id":58964,"url":"http:\/\/www.24baires.com\/?p=58964","url_meta":{"origin":58673,"position":0},"title":"Hotesur rechaz\u00f3 \u00abla mentira, la difamaci\u00f3n y la confusi\u00f3n como campa\u00f1a permanente\u00bb","author":"AF","date":"21\/12\/2014","format":false,"excerpt":"La empresa Hotesur calific\u00f3 como \"nunca vista en la historia de nuestro pa\u00eds\" a la campa\u00f1a de hostigamiento en contra de la presidenta Cristina Fern\u00e1ndez y sus hijos, esta vez impulsada por una nueva embestida del diario Clar\u00edn que pretende \"generar un manto de sospecha en los actos econ\u00f3micos y\u2026","rel":"","context":"En \u00abPol\u00edtica\u00bb","block_context":{"text":"Pol\u00edtica","link":"http:\/\/www.24baires.com\/?cat=51"},"img":{"alt_text":"","src":"","width":0,"height":0},"classes":[]},{"id":70016,"url":"http:\/\/www.24baires.com\/?p=70016","url_meta":{"origin":58673,"position":1},"title":"Wado De Pedro sobre Hotesur: \u201cLas declaraciones de Bonadio son tendenciosas\u201d","author":"AF","date":"04\/08\/2015","format":false,"excerpt":"El secretario General de la Presidencia calific\u00f3 como \u201cmalintencionadas y maliciosas las declaraciones period\u00edsticas formuladas hoy por el juez y advirti\u00f3 sobre \u201cel irregular allanamiento en R\u00edo Gallegos en la causa Hotesur\u201d. \u201cLas continuas presencias y manifestaciones medi\u00e1ticas\u201d del magistrado \u201cdemuestran que m\u00e1s que administrar justicia, como corresponde a todos\u2026","rel":"","context":"En \u00abJUDICIALES\u00bb","block_context":{"text":"JUDICIALES","link":"http:\/\/www.24baires.com\/?cat=68"},"img":{"alt_text":"WADO DE PEDRO","src":"https:\/\/i0.wp.com\/www.24baires.com\/wp-content\/uploads\/2015\/04\/WADO-DE-PEDRO.jpg?resize=350%2C200","width":350,"height":200,"srcset":"https:\/\/i0.wp.com\/www.24baires.com\/wp-content\/uploads\/2015\/04\/WADO-DE-PEDRO.jpg?resize=350%2C200 1x, https:\/\/i0.wp.com\/www.24baires.com\/wp-content\/uploads\/2015\/04\/WADO-DE-PEDRO.jpg?resize=525%2C300 1.5x"},"classes":[]},{"id":57603,"url":"http:\/\/www.24baires.com\/?p=57603","url_meta":{"origin":58673,"position":2},"title":"\u201cBonadio es un juez que elige las causas para extorsionar\u201d, asegur\u00f3 \u00c1lvarez","author":"AF","date":"24\/11\/2014","format":false,"excerpt":"El secretario de Justicia Juli\u00e1n \u00c1lvarez, ratific\u00f3 las denuncias contra el magistrado y repas\u00f3 las principales acusaciones que pesan sobre el juez, quien el jueves pasado orden\u00f3 un allanamiento a oficinas de la sociedad Hotesur, empresa vinculada a la familia de la Presidenta. \u201cLas causas contra Bonad\u00edo son muy graves.\u2026","rel":"","context":"En \u00abJUDICIALES\u00bb","block_context":{"text":"JUDICIALES","link":"http:\/\/www.24baires.com\/?cat=68"},"img":{"alt_text":"Julian Alvarez","src":"https:\/\/i0.wp.com\/www.24baires.com\/wp-content\/uploads\/2014\/02\/Julian-Alvarez.jpg?resize=350%2C200","width":350,"height":200,"srcset":"https:\/\/i0.wp.com\/www.24baires.com\/wp-content\/uploads\/2014\/02\/Julian-Alvarez.jpg?resize=350%2C200 1x, https:\/\/i0.wp.com\/www.24baires.com\/wp-content\/uploads\/2014\/02\/Julian-Alvarez.jpg?resize=525%2C300 1.5x"},"classes":[]},{"id":57631,"url":"http:\/\/www.24baires.com\/?p=57631","url_meta":{"origin":58673,"position":3},"title":"Capitanich: \u00abEl accionar de Bonadio es parte de una estrategia de golpismo activo\u00bb","author":"AF","date":"25\/11\/2014","format":false,"excerpt":"El jefe de Gabinete, Jorge Capitanich, ratific\u00f3 que el accionar del magistrado en la causa que investiga a la empresa Hotesur, de la que la presidenta Cristina Fern\u00e1ndez de Kirchner es accionista, es \"una estrategia de golpismo activo\" para \"hostigar\" al Gobierno nacional. El jefe de Gabinete, Jorge Capitanich, sostuvo\u2026","rel":"","context":"En \u00abPol\u00edtica\u00bb","block_context":{"text":"Pol\u00edtica","link":"http:\/\/www.24baires.com\/?cat=51"},"img":{"alt_text":"capitanich","src":"https:\/\/i0.wp.com\/www.24baires.com\/wp-content\/uploads\/2014\/09\/capitanich1.jpg?resize=350%2C200","width":350,"height":200,"srcset":"https:\/\/i0.wp.com\/www.24baires.com\/wp-content\/uploads\/2014\/09\/capitanich1.jpg?resize=350%2C200 1x, https:\/\/i0.wp.com\/www.24baires.com\/wp-content\/uploads\/2014\/09\/capitanich1.jpg?resize=525%2C300 1.5x"},"classes":[]},{"id":98762,"url":"http:\/\/www.24baires.com\/?p=98762","url_meta":{"origin":58673,"position":4},"title":"Florencia Kirchner pidi\u00f3 su sobreseimiento en la causa Hotesur","author":"AF","date":"15\/11\/2017","format":false,"excerpt":"La hija de la ex presidenta present\u00f3 un escrito ante el juez federal Juli\u00e1n Ercolini y se neg\u00f3 a contestar preguntas. En el texto, denunci\u00f3 una \"persecuci\u00f3n pol\u00edtica, medi\u00e1tica y judicial\" hacia su familia. Florencia Kirchner, hija de la ex presidente Cristina Kirchner, neg\u00f3 cualquier actuaci\u00f3n en la empresa \"Hotesur\"\u2026","rel":"","context":"En \u00abJUDICIALES\u00bb","block_context":{"text":"JUDICIALES","link":"http:\/\/www.24baires.com\/?cat=68"},"img":{"alt_text":"","src":"https:\/\/i0.wp.com\/www.24baires.com\/wp-content\/uploads\/2016\/07\/florencia.jpg?resize=350%2C200","width":350,"height":200,"srcset":"https:\/\/i0.wp.com\/www.24baires.com\/wp-content\/uploads\/2016\/07\/florencia.jpg?resize=350%2C200 1x, https:\/\/i0.wp.com\/www.24baires.com\/wp-content\/uploads\/2016\/07\/florencia.jpg?resize=525%2C300 1.5x"},"classes":[]},{"id":57863,"url":"http:\/\/www.24baires.com\/?p=57863","url_meta":{"origin":58673,"position":5},"title":"El Consejo de la Magistratura, detr\u00e1s de Bonadio","author":"Grupo Sierra","date":"28\/11\/2014","format":false,"excerpt":"El diputado nacional por el Frente para la Victoria, H\u00e9ctor Recalde, adelant\u00f3 que el Consejo de la Magistratura analizar\u00e1 las denuncias contra el juez federal la semana que viene. El diputado del Frente para la Victoria, H\u00e9ctor Recalde, habl\u00f3 acerca de la situaci\u00f3n del juez, Claudio Bonadio, y manifest\u00f3 que\u2026","rel":"","context":"En \u00abJUDICIALES\u00bb","block_context":{"text":"JUDICIALES","link":"http:\/\/www.24baires.com\/?cat=68"},"img":{"alt_text":"bonadio","src":"https:\/\/i0.wp.com\/www.24baires.com\/wp-content\/uploads\/2014\/11\/bonadio.jpeg?resize=350%2C200","width":350,"height":200,"srcset":"https:\/\/i0.wp.com\/www.24baires.com\/wp-content\/uploads\/2014\/11\/bonadio.jpeg?resize=350%2C200 1x, https:\/\/i0.wp.com\/www.24baires.com\/wp-content\/uploads\/2014\/11\/bonadio.jpeg?resize=525%2C300 1.5x"},"classes":[]}],"jetpack_sharing_enabled":true,"jetpack_likes_enabled":true,"jetpack_featured_media_url":"","_links":{"self":[{"href":"http:\/\/www.24baires.com\/index.php?rest_route=\/wp\/v2\/posts\/58673","targetHints":{"allow":["GET"]}}],"collection":[{"href":"http:\/\/www.24baires.com\/index.php?rest_route=\/wp\/v2\/posts"}],"about":[{"href":"http:\/\/www.24baires.com\/index.php?rest_route=\/wp\/v2\/types\/post"}],"author":[{"embeddable":true,"href":"http:\/\/www.24baires.com\/index.php?rest_route=\/wp\/v2\/users\/8"}],"replies":[{"embeddable":true,"href":"http:\/\/www.24baires.com\/index.php?rest_route=%2Fwp%2Fv2%2Fcomments&post=58673"}],"version-history":[{"count":1,"href":"http:\/\/www.24baires.com\/index.php?rest_route=\/wp\/v2\/posts\/58673\/revisions"}],"predecessor-version":[{"id":58674,"href":"http:\/\/www.24baires.com\/index.php?rest_route=\/wp\/v2\/posts\/58673\/revisions\/58674"}],"wp:attachment":[{"href":"http:\/\/www.24baires.com\/index.php?rest_route=%2Fwp%2Fv2%2Fmedia&parent=58673"}],"wp:term":[{"taxonomy":"category","embeddable":true,"href":"http:\/\/www.24baires.com\/index.php?rest_route=%2Fwp%2Fv2%2Fcategories&post=58673"},{"taxonomy":"post_tag","embeddable":true,"href":"http:\/\/www.24baires.com\/index.php?rest_route=%2Fwp%2Fv2%2Ftags&post=58673"}],"curies":[{"name":"wp","href":"https:\/\/api.w.org\/{rel}","templated":true}]}}