{"id":58665,"date":"2014-12-15T15:30:55","date_gmt":"2014-12-15T18:30:55","guid":{"rendered":"http:\/\/www.24baires.com\/?p=58665"},"modified":"2014-12-15T15:48:36","modified_gmt":"2014-12-15T18:48:36","slug":"provincia-anticipo-un-aumento-a-docentes-en-enero","status":"publish","type":"post","link":"http:\/\/www.24baires.com\/?p=58665","title":{"rendered":"Provincia anticip\u00f3 un aumento a docentes en enero"},"content":{"rendered":"<p><img data-recalc-dims=\"1\" loading=\"lazy\" decoding=\"async\" class=\"aligncenter size-full wp-image-58666\" src=\"https:\/\/i0.wp.com\/www.24baires.com\/wp-content\/uploads\/2014\/12\/paritarias1.jpg?resize=560%2C371\" alt=\"paritarias1\" width=\"560\" height=\"371\" srcset=\"https:\/\/i0.wp.com\/www.24baires.com\/wp-content\/uploads\/2014\/12\/paritarias1.jpg?w=560 560w, https:\/\/i0.wp.com\/www.24baires.com\/wp-content\/uploads\/2014\/12\/paritarias1.jpg?resize=300%2C198 300w\" sizes=\"auto, (max-width: 560px) 100vw, 560px\" \/>La ministra de Econom\u00eda bonaerense, Silvina Batakis, destac\u00f3 que resolvieron anticipar las paritarias y analizan la posibilidad de brindar un \u00abescal\u00f3n\u00bb salarial en enero y febrero pr\u00f3ximo, pero reclam\u00f3 a los gremios que \u00abgaranticen la paz social\u00bb.<!--more--><\/p>\n<p>\u00abLa paritaria la discutimos en forma anual y en eso tenemos que madurar pol\u00edticamente. Debemos respetar los acuerdos, no habr\u00e1 bono de fin a\u00f1o pero hemos decidido anticipar las paritarias, aunque con paz social\u00bb, expres\u00f3 la funcionaria en declaraciones a Radio Provincia.<\/p>\n<p>Batakis afirm\u00f3 que \u00abno queremos los 16 d\u00edas de paro, los chicos no pueden ser rehenes en la negociaci\u00f3n salarial entre los docentes y nosotros y por eso planteamos hacerlas antes\u00bb.<\/p>\n<p>\u00abEvaluamos alternativas pero podemos pensar en alg\u00fan anticipo del aumento, tener la posibilidad de alg\u00fan escal\u00f3n en enero y febrero siempre y cuando se pueda garantizar la paz social\u00bb, finaliz\u00f3.0<\/p>\n<p>&nbsp;<\/p>\n<p>&nbsp;<\/p>\n<p>&nbsp;<\/p>\n<p>&nbsp;<\/p>\n<p>&nbsp;<\/p>\n<p>&nbsp;<\/p>\n<p>&nbsp;<\/p>\n<p>&nbsp;<\/p>\n<p>&nbsp;<\/p>\n","protected":false},"excerpt":{"rendered":"<p>La ministra de Econom\u00eda bonaerense, Silvina Batakis, destac\u00f3 que resolvieron anticipar las paritarias y analizan la posibilidad de brindar un \u00abescal\u00f3n\u00bb salarial en enero y febrero pr\u00f3ximo, pero reclam\u00f3 a los gremios que \u00abgaranticen la paz social\u00bb.<\/p>\n","protected":false},"author":8,"featured_media":0,"comment_status":"open","ping_status":"open","sticky":false,"template":"","format":"standard","meta":{"_jetpack_newsletter_access":"","_jetpack_dont_email_post_to_subs":false,"_jetpack_newsletter_tier_id":0,"_jetpack_memberships_contains_paywalled_content":false,"_jetpack_memberships_contains_paid_content":false,"footnotes":""},"categories":[51],"tags":[],"class_list":["post-58665","post","type-post","status-publish","format-standard","hentry","category-politica"],"jetpack_shortlink":"https:\/\/wp.me\/p2JWE0-fgd","jetpack-related-posts":[{"id":57121,"url":"http:\/\/www.24baires.com\/?p=57121","url_meta":{"origin":58665,"position":0},"title":"Provincia define la fecha para la apertura de la paritaria docente","author":"AF","date":"14\/11\/2014","format":false,"excerpt":"Se definir\u00e1 en las pr\u00f3ximas horas la fecha de convocatoria para empezar a debatir con los gremios docentes un incremento salarial para el a\u00f1o pr\u00f3ximo, tras la sanci\u00f3n del Presupuesto provincial 2015, informaron fuentes del Ejecutivo. El inicio de la discusi\u00f3n paritaria estar\u00e1 centrada en la posibilidad de que la\u2026","rel":"","context":"En \u00abSociedad\u00bb","block_context":{"text":"Sociedad","link":"http:\/\/www.24baires.com\/?cat=1"},"img":{"alt_text":"escuela03","src":"https:\/\/i0.wp.com\/www.24baires.com\/wp-content\/uploads\/2014\/05\/escuela03.jpg?resize=350%2C200","width":350,"height":200,"srcset":"https:\/\/i0.wp.com\/www.24baires.com\/wp-content\/uploads\/2014\/05\/escuela03.jpg?resize=350%2C200 1x, https:\/\/i0.wp.com\/www.24baires.com\/wp-content\/uploads\/2014\/05\/escuela03.jpg?resize=525%2C300 1.5x"},"classes":[]},{"id":58331,"url":"http:\/\/www.24baires.com\/?p=58331","url_meta":{"origin":58665,"position":1},"title":"La Provincia abre la paritaria salarial con docentes","author":"AF","date":"09\/12\/2014","format":false,"excerpt":"El gobierno bonaerense y los gremios docentes iniciar\u00e1n hoy la paritaria 2015 en la cual los sindicatos adelantaron su expectativa de \"ir a fondo con un planteo salarial que contemple la recuperaci\u00f3n del poder adquisitivo del haber \", mientras el gobierno provincial pretende, con la convocatoria este mes, cerrar acuerdos\u2026","rel":"","context":"En \u00abProvincia\u00bb","block_context":{"text":"Provincia","link":"http:\/\/www.24baires.com\/?cat=40"},"img":{"alt_text":"marcha docente","src":"https:\/\/i0.wp.com\/www.24baires.com\/wp-content\/uploads\/2013\/09\/marcha-docente.jpg?resize=350%2C200","width":350,"height":200,"srcset":"https:\/\/i0.wp.com\/www.24baires.com\/wp-content\/uploads\/2013\/09\/marcha-docente.jpg?resize=350%2C200 1x, https:\/\/i0.wp.com\/www.24baires.com\/wp-content\/uploads\/2013\/09\/marcha-docente.jpg?resize=525%2C300 1.5x"},"classes":[]},{"id":59592,"url":"http:\/\/www.24baires.com\/?p=59592","url_meta":{"origin":58665,"position":2},"title":"Docentes bonaerenses aceptaron la propuesta salarial del gobierno","author":"GB","date":"05\/01\/2015","format":false,"excerpt":"Los gremios docentes bonaerenses aceptaron la propuesta salarial realizada hoy por el gobierno de la provincia de Buenos Aires, que implica un 8% de aumento para este primer tramo que incluye los meses de enero y febrero de 2015, se inform\u00f3 oficialmente. En la reuni\u00f3n qued\u00f3 establecido para el pr\u00f3ximo\u2026","rel":"","context":"En \u00abSociedad\u00bb","block_context":{"text":"Sociedad","link":"http:\/\/www.24baires.com\/?cat=1"},"img":{"alt_text":"docentes ultima","src":"https:\/\/i0.wp.com\/www.24baires.com\/wp-content\/uploads\/2013\/06\/docentes-ultima-300x200.jpg?resize=350%2C200","width":350,"height":200},"classes":[]},{"id":59799,"url":"http:\/\/www.24baires.com\/?p=59799","url_meta":{"origin":58665,"position":3},"title":"Provincia negocia con los Judiciales","author":"GB","date":"09\/01\/2015","format":false,"excerpt":"Luego del acuerdo para enero y febrero que alcanzaron docentes y estatales, los judiciales enrolados en la AJB se reunir\u00e1n este viernes con el Gobierno en el marco de las paritarias salariales. Seg\u00fan dijo el titular de la AJB, Hugo Blasco, concurrir\u00e1n el viernes \u201cpara escuchar\u201d al Gobierno, y asegur\u00f3\u2026","rel":"","context":"En \u00abPol\u00edtica\u00bb","block_context":{"text":"Pol\u00edtica","link":"http:\/\/www.24baires.com\/?cat=51"},"img":{"alt_text":"ajb","src":"https:\/\/i0.wp.com\/www.24baires.com\/wp-content\/uploads\/2014\/12\/ajb.jpg?resize=350%2C200","width":350,"height":200,"srcset":"https:\/\/i0.wp.com\/www.24baires.com\/wp-content\/uploads\/2014\/12\/ajb.jpg?resize=350%2C200 1x, https:\/\/i0.wp.com\/www.24baires.com\/wp-content\/uploads\/2014\/12\/ajb.jpg?resize=525%2C300 1.5x"},"classes":[]},{"id":102165,"url":"http:\/\/www.24baires.com\/?p=102165","url_meta":{"origin":58665,"position":4},"title":"La gobernadora anunci\u00f3 un aumento a docentes de 2% a cuenta y mil pesos por presentismo","author":"GB","date":"16\/05\/2018","format":false,"excerpt":"La mandataria de la provincia de Buenos Aires anticip\u00f3 que desde el mes pr\u00f3ximo se le depositar\u00e1 a los trabajadores de la educaci\u00f3n un incremento en el marco de que todav\u00eda no han logrado cerrar la paritaria. La gobernadora, Mar\u00eda Eugenia Vidal, anunci\u00f3 que el mes pr\u00f3ximo se les depositar\u00e1\u2026","rel":"","context":"En \u00abProvincia\u00bb","block_context":{"text":"Provincia","link":"http:\/\/www.24baires.com\/?cat=40"},"img":{"alt_text":"","src":"https:\/\/i0.wp.com\/www.24baires.com\/wp-content\/uploads\/2017\/05\/vidal-1.jpg?resize=350%2C200","width":350,"height":200,"srcset":"https:\/\/i0.wp.com\/www.24baires.com\/wp-content\/uploads\/2017\/05\/vidal-1.jpg?resize=350%2C200 1x, https:\/\/i0.wp.com\/www.24baires.com\/wp-content\/uploads\/2017\/05\/vidal-1.jpg?resize=525%2C300 1.5x"},"classes":[]},{"id":12773,"url":"http:\/\/www.24baires.com\/?p=12773","url_meta":{"origin":58665,"position":5},"title":"Los gremios quieren que los aumentos rijan desde enero y el Gobierno desde marzo","author":"AF","date":"19\/01\/2013","format":false,"excerpt":"Ninguna de las partes mostr\u00f3 todav\u00eda abiertamente las cartas. Pero han dejado trascender los trazos gruesos de sus objetivos en cuanto a la magnitud del aumento, pretensiones que ya anticipan una dura negociaci\u00f3n. Y ahora se sum\u00f3 otra \u201cdiferencia\u201d que profundizar\u00e1 la discusi\u00f3n en las paritarias de los docentes y\u2026","rel":"","context":"En \u00abSociedad\u00bb","block_context":{"text":"Sociedad","link":"http:\/\/www.24baires.com\/?cat=1"},"img":{"alt_text":"","src":"","width":0,"height":0},"classes":[]}],"jetpack_sharing_enabled":true,"jetpack_likes_enabled":true,"jetpack_featured_media_url":"","_links":{"self":[{"href":"http:\/\/www.24baires.com\/index.php?rest_route=\/wp\/v2\/posts\/58665","targetHints":{"allow":["GET"]}}],"collection":[{"href":"http:\/\/www.24baires.com\/index.php?rest_route=\/wp\/v2\/posts"}],"about":[{"href":"http:\/\/www.24baires.com\/index.php?rest_route=\/wp\/v2\/types\/post"}],"author":[{"embeddable":true,"href":"http:\/\/www.24baires.com\/index.php?rest_route=\/wp\/v2\/users\/8"}],"replies":[{"embeddable":true,"href":"http:\/\/www.24baires.com\/index.php?rest_route=%2Fwp%2Fv2%2Fcomments&post=58665"}],"version-history":[{"count":1,"href":"http:\/\/www.24baires.com\/index.php?rest_route=\/wp\/v2\/posts\/58665\/revisions"}],"predecessor-version":[{"id":58667,"href":"http:\/\/www.24baires.com\/index.php?rest_route=\/wp\/v2\/posts\/58665\/revisions\/58667"}],"wp:attachment":[{"href":"http:\/\/www.24baires.com\/index.php?rest_route=%2Fwp%2Fv2%2Fmedia&parent=58665"}],"wp:term":[{"taxonomy":"category","embeddable":true,"href":"http:\/\/www.24baires.com\/index.php?rest_route=%2Fwp%2Fv2%2Fcategories&post=58665"},{"taxonomy":"post_tag","embeddable":true,"href":"http:\/\/www.24baires.com\/index.php?rest_route=%2Fwp%2Fv2%2Ftags&post=58665"}],"curies":[{"name":"wp","href":"https:\/\/api.w.org\/{rel}","templated":true}]}}