{"id":58650,"date":"2014-12-15T13:00:30","date_gmt":"2014-12-15T16:00:30","guid":{"rendered":"http:\/\/www.24baires.com\/?p=58650"},"modified":"2014-12-15T12:50:03","modified_gmt":"2014-12-15T15:50:03","slug":"urribarri-massa-no-conoce-la-historia-y-no-tiene-valores","status":"publish","type":"post","link":"http:\/\/www.24baires.com\/?p=58650","title":{"rendered":"Urribarri: \u00abMassa no conoce la historia y no tiene valores\u00bb"},"content":{"rendered":"<p><img data-recalc-dims=\"1\" loading=\"lazy\" decoding=\"async\" class=\"aligncenter size-full wp-image-56244\" src=\"https:\/\/i0.wp.com\/www.24baires.com\/wp-content\/uploads\/2014\/10\/urribarri-massa.jpg?resize=560%2C420\" alt=\"urribarri massa\" width=\"560\" height=\"420\" srcset=\"https:\/\/i0.wp.com\/www.24baires.com\/wp-content\/uploads\/2014\/10\/urribarri-massa.jpg?w=560 560w, https:\/\/i0.wp.com\/www.24baires.com\/wp-content\/uploads\/2014\/10\/urribarri-massa.jpg?resize=300%2C225 300w\" sizes=\"auto, (max-width: 560px) 100vw, 560px\" \/>El gobernador de Entre R\u00edos, Sergio Urribarri, acus\u00f3 al diputado nacional Sergio Massa, de carecer de \u00abvalores\u00bb y consider\u00f3 que las declaraciones relacionadas con los derechos humanos son producto del \u00abdesmoronamiento de su candidatura\u00bb.<!--more--><\/p>\n<p>\u00abMassa est\u00e1 percibiendo c\u00f3mo se desmorona su candidatura y sus posibilidades en estas \u00faltimas semanas. Argentina ha crecido porque ha tenido la memoria, verdad y justicia como valores permanentes\u00bb, manifest\u00f3 Urribarri.<\/p>\n<p>\u00abEste chico Massa no conoce la historia y no tiene valores que lo identifiquen como los que nosotros defendemos, los derechos humanos son imprescindibles para construir una sociedad cada vez mas justa\u00bb, a\u00f1adi\u00f3.<\/p>\n<p>&nbsp;<\/p>\n<p>&nbsp;<\/p>\n<p>&nbsp;<\/p>\n<p>&nbsp;<\/p>\n<p>&nbsp;<\/p>\n<p>&nbsp;<\/p>\n<p>&nbsp;<\/p>\n<p>&nbsp;<\/p>\n<p>&nbsp;<\/p>\n<p>&nbsp;<\/p>\n<p>&nbsp;<\/p>\n<p>&nbsp;<\/p>\n<p>&nbsp;<\/p>\n<p>&nbsp;<\/p>\n<p>&nbsp;<\/p>\n<p>&nbsp;<\/p>\n<p>&nbsp;<\/p>\n","protected":false},"excerpt":{"rendered":"<p>El gobernador de Entre R\u00edos, Sergio Urribarri, acus\u00f3 al diputado nacional Sergio Massa, de carecer de \u00abvalores\u00bb y consider\u00f3 que las declaraciones relacionadas con los derechos humanos son producto del \u00abdesmoronamiento de su candidatura\u00bb.<\/p>\n","protected":false},"author":4,"featured_media":0,"comment_status":"open","ping_status":"open","sticky":false,"template":"","format":"standard","meta":{"_jetpack_newsletter_access":"","_jetpack_dont_email_post_to_subs":false,"_jetpack_newsletter_tier_id":0,"_jetpack_memberships_contains_paywalled_content":false,"_jetpack_memberships_contains_paid_content":false,"footnotes":""},"categories":[51],"tags":[],"class_list":["post-58650","post","type-post","status-publish","format-standard","hentry","category-politica"],"jetpack_shortlink":"https:\/\/wp.me\/p2JWE0-ffY","jetpack-related-posts":[{"id":56243,"url":"http:\/\/www.24baires.com\/?p=56243","url_meta":{"origin":58650,"position":0},"title":"Para Urribarri, \u00abMassa est\u00e1 nervioso por YPF\u00bb","author":"Grupo Sierra","date":"29\/10\/2014","format":false,"excerpt":"El gobernador de Entre R\u00edos cuestion\u00f3 al l\u00edder del Frente Renovador quien dijo que, de resultar electo presidente, cambiar\u00e1 al CEO de YPF. El gobernador de Entre R\u00edos, Sergio Urribarri, cuestion\u00f3 las declaraciones del l\u00edder del Frente Renovador, Sergio Massa, quien hab\u00eda anticipado que, de resultar electo presidente, designar\u00e1 a\u2026","rel":"","context":"En \u00abPol\u00edtica\u00bb","block_context":{"text":"Pol\u00edtica","link":"http:\/\/www.24baires.com\/?cat=51"},"img":{"alt_text":"","src":"https:\/\/i0.wp.com\/www.24baires.com\/wp-content\/uploads\/2014\/10\/urribarri-massa.jpg?resize=350%2C200","width":350,"height":200,"srcset":"https:\/\/i0.wp.com\/www.24baires.com\/wp-content\/uploads\/2014\/10\/urribarri-massa.jpg?resize=350%2C200 1x, https:\/\/i0.wp.com\/www.24baires.com\/wp-content\/uploads\/2014\/10\/urribarri-massa.jpg?resize=525%2C300 1.5x"},"classes":[]},{"id":55643,"url":"http:\/\/www.24baires.com\/?p=55643","url_meta":{"origin":58650,"position":1},"title":"\u00abLa oposici\u00f3n es un frente derogador encabezado por Massa y Sanz\u00bb","author":"AF","date":"19\/10\/2014","format":false,"excerpt":"El gobernador de Entre R\u00edos, Sergio Urribarri, asegur\u00f3 sentir \u201cpena\u201d por la iniciativa de los partidos opositores que plantearon que, en caso de ganar las elecciones de 2015, derogar\u00e1n las leyes aprobadas por el Congreso desde 2003, al mismo tiempo que los calific\u00f3 como \u201cun frente derogador\u201d encabezado por Sergio\u2026","rel":"","context":"En \u00abPol\u00edtica\u00bb","block_context":{"text":"Pol\u00edtica","link":"http:\/\/www.24baires.com\/?cat=51"},"img":{"alt_text":"urribarri","src":"https:\/\/i0.wp.com\/www.24baires.com\/wp-content\/uploads\/2014\/07\/urribarri.jpg?resize=350%2C200","width":350,"height":200,"srcset":"https:\/\/i0.wp.com\/www.24baires.com\/wp-content\/uploads\/2014\/07\/urribarri.jpg?resize=350%2C200 1x, https:\/\/i0.wp.com\/www.24baires.com\/wp-content\/uploads\/2014\/07\/urribarri.jpg?resize=525%2C300 1.5x"},"classes":[]},{"id":43558,"url":"http:\/\/www.24baires.com\/?p=43558","url_meta":{"origin":58650,"position":2},"title":"\u00abLos que acompa\u00f1an a Massa son la sinf\u00f3nica del fracaso\u00bb","author":"GB","date":"09\/04\/2014","format":false,"excerpt":"El gobernador de Entre R\u00edos afirm\u00f3 que los que acompa\u00f1an al l\u00edder del Frente Renovador, Sergio Massa, \"son la sinf\u00f3nica del fracaso\" y advirti\u00f3 que si el ex intendente de Tigre y actual diputado nacional llega a la Presidencia de la Naci\u00f3n, \"la Asignaci\u00f3n Universal por Hijo y el PROCREAR\u2026","rel":"","context":"En \u00abPol\u00edtica\u00bb","block_context":{"text":"Pol\u00edtica","link":"http:\/\/www.24baires.com\/?cat=51"},"img":{"alt_text":"urribarri_afeitado","src":"https:\/\/i0.wp.com\/www.24baires.com\/wp-content\/uploads\/2013\/11\/urribarri_afeitado-300x200.jpg?resize=350%2C200","width":350,"height":200},"classes":[]},{"id":50845,"url":"http:\/\/www.24baires.com\/?p=50845","url_meta":{"origin":58650,"position":3},"title":"Urribarri cuestion\u00f3 duramente a Massa por YPF","author":"Grupo Sierra","date":"30\/07\/2014","format":false,"excerpt":"El gobernador de Entre R\u00edos sali\u00f3 al cruce del diputado, quien cuestion\u00f3 a Miguel Galuccio al sugerir su despido en caso de acceder a la presidencia de pa\u00eds. \u201cSinceramente no creo que en el improbable caso de que Massa fuera presidente, un ejecutivo y un patriota como Miguel Galuccio quiera\u2026","rel":"","context":"En \u00abPol\u00edtica\u00bb","block_context":{"text":"Pol\u00edtica","link":"http:\/\/www.24baires.com\/?cat=51"},"img":{"alt_text":"","src":"https:\/\/i0.wp.com\/www.24baires.com\/wp-content\/uploads\/2014\/07\/urribarri.jpg?resize=350%2C200","width":350,"height":200,"srcset":"https:\/\/i0.wp.com\/www.24baires.com\/wp-content\/uploads\/2014\/07\/urribarri.jpg?resize=350%2C200 1x, https:\/\/i0.wp.com\/www.24baires.com\/wp-content\/uploads\/2014\/07\/urribarri.jpg?resize=525%2C300 1.5x"},"classes":[]},{"id":63467,"url":"http:\/\/www.24baires.com\/?p=63467","url_meta":{"origin":58650,"position":4},"title":"Frente para la Victoria es la fuerza con m\u00e1s intenci\u00f3n de voto","author":"GB","date":"22\/03\/2015","format":false,"excerpt":"Una encuesta elaborada por la consultora Poliarqu\u00eda arroja que el Frente para la Victoria es la fuerza nacional con mayor intenci\u00f3n de voto tanto en las PASO como en las elecciones generales de octubre. La consultora Poliarqu\u00eda difundi\u00f3 una muestra nacional sobre preferencias electorales de cara a las primarias abiertas\u2026","rel":"","context":"En \u00abPol\u00edtica\u00bb","block_context":{"text":"Pol\u00edtica","link":"http:\/\/www.24baires.com\/?cat=51"},"img":{"alt_text":"URNAS VOTOS","src":"https:\/\/i0.wp.com\/www.24baires.com\/wp-content\/uploads\/2013\/06\/URNAS-VOTOS.jpg?resize=350%2C200","width":350,"height":200,"srcset":"https:\/\/i0.wp.com\/www.24baires.com\/wp-content\/uploads\/2013\/06\/URNAS-VOTOS.jpg?resize=350%2C200 1x, https:\/\/i0.wp.com\/www.24baires.com\/wp-content\/uploads\/2013\/06\/URNAS-VOTOS.jpg?resize=525%2C300 1.5x"},"classes":[]},{"id":74497,"url":"http:\/\/www.24baires.com\/?p=74497","url_meta":{"origin":58650,"position":5},"title":"El massismo de Chaco tambi\u00e9n oficializ\u00f3 su respaldo a la candidatura de Scioli","author":"GB","date":"02\/11\/2015","format":false,"excerpt":"Tras el apoyo a la f\u00f3rmula del FPV del ex candidato massista a gobernador de Entre R\u00edos, los referentes de ese espacio en Chaco se pronunciaron en el mismo sentido y cuestionaron a Macri por representar \"el centralismo porte\u00f1o\". Dirigentes del massismo en Chaco manifestaron este lunes, de cara al\u2026","rel":"","context":"En \u00abElecciones 2015\u00bb","block_context":{"text":"Elecciones 2015","link":"http:\/\/www.24baires.com\/?cat=74"},"img":{"alt_text":"scioli-massa1","src":"https:\/\/i0.wp.com\/www.24baires.com\/wp-content\/uploads\/2013\/08\/scioli-massa1.jpg?resize=350%2C200","width":350,"height":200,"srcset":"https:\/\/i0.wp.com\/www.24baires.com\/wp-content\/uploads\/2013\/08\/scioli-massa1.jpg?resize=350%2C200 1x, https:\/\/i0.wp.com\/www.24baires.com\/wp-content\/uploads\/2013\/08\/scioli-massa1.jpg?resize=525%2C300 1.5x"},"classes":[]}],"jetpack_sharing_enabled":true,"jetpack_likes_enabled":true,"jetpack_featured_media_url":"","_links":{"self":[{"href":"http:\/\/www.24baires.com\/index.php?rest_route=\/wp\/v2\/posts\/58650","targetHints":{"allow":["GET"]}}],"collection":[{"href":"http:\/\/www.24baires.com\/index.php?rest_route=\/wp\/v2\/posts"}],"about":[{"href":"http:\/\/www.24baires.com\/index.php?rest_route=\/wp\/v2\/types\/post"}],"author":[{"embeddable":true,"href":"http:\/\/www.24baires.com\/index.php?rest_route=\/wp\/v2\/users\/4"}],"replies":[{"embeddable":true,"href":"http:\/\/www.24baires.com\/index.php?rest_route=%2Fwp%2Fv2%2Fcomments&post=58650"}],"version-history":[{"count":1,"href":"http:\/\/www.24baires.com\/index.php?rest_route=\/wp\/v2\/posts\/58650\/revisions"}],"predecessor-version":[{"id":58652,"href":"http:\/\/www.24baires.com\/index.php?rest_route=\/wp\/v2\/posts\/58650\/revisions\/58652"}],"wp:attachment":[{"href":"http:\/\/www.24baires.com\/index.php?rest_route=%2Fwp%2Fv2%2Fmedia&parent=58650"}],"wp:term":[{"taxonomy":"category","embeddable":true,"href":"http:\/\/www.24baires.com\/index.php?rest_route=%2Fwp%2Fv2%2Fcategories&post=58650"},{"taxonomy":"post_tag","embeddable":true,"href":"http:\/\/www.24baires.com\/index.php?rest_route=%2Fwp%2Fv2%2Ftags&post=58650"}],"curies":[{"name":"wp","href":"https:\/\/api.w.org\/{rel}","templated":true}]}}