{"id":58628,"date":"2014-12-14T20:09:14","date_gmt":"2014-12-14T23:09:14","guid":{"rendered":"http:\/\/www.24baires.com\/?p=58628"},"modified":"2014-12-15T10:11:08","modified_gmt":"2014-12-15T13:11:08","slug":"rossi-embistio-contra-massa-y-macri-quieren-ver-a-los-genocidas-en-libertad","status":"publish","type":"post","link":"http:\/\/www.24baires.com\/?p=58628","title":{"rendered":"Rossi embisti\u00f3 contra Massa y Macri: \u00abQuieren ver a los genocidas en libertad\u00bb"},"content":{"rendered":"<p><img data-recalc-dims=\"1\" loading=\"lazy\" decoding=\"async\" class=\"aligncenter size-full wp-image-58629\" src=\"https:\/\/i0.wp.com\/www.24baires.com\/wp-content\/uploads\/2014\/12\/rossi_6.jpg?resize=560%2C314\" alt=\"rossi_6\" width=\"560\" height=\"314\" srcset=\"https:\/\/i0.wp.com\/www.24baires.com\/wp-content\/uploads\/2014\/12\/rossi_6.jpg?w=560 560w, https:\/\/i0.wp.com\/www.24baires.com\/wp-content\/uploads\/2014\/12\/rossi_6.jpg?resize=300%2C168 300w\" sizes=\"auto, (max-width: 560px) 100vw, 560px\" \/>\u201cNo es casual que en la misma semana Macri hable de curro y Massa exprese que quiere cerrar la cuesti\u00f3n de los DD.HH.\u00bb, advirti\u00f3. <!--more--><\/p>\n<p>Rossi asegur\u00f3 hoy que con sus declaraciones sobre la pol\u00edtica oficial de derechos humanos, \u00abSergio Massa y Mauricio Macri quieren suspender los juicios de lesa humanidad y ver a los genocidas en libertad\u00bb.<\/p>\n<p>El ministro y precandidato presidencial por el Frente para la Victoria, se\u00f1al\u00f3 que ambos dirigentes \u00abbuscan volver a los 90, con genocidas en libertad, dejando sin respuestas a las v\u00edctimas de delitos de lesa humanidad y sus familias\u00bb.<\/p>\n<p>\u00abQueda claro que Massa y Macri son la peor derecha, aunque quieran parecer modernos y juveniles. Son lobos disfrazados de corderos, los argentinos tienen que tenerlo claro\u00bb, finaliz\u00f3 Rossi.<\/p>\n<p>La presidenta Cristina Fern\u00e1ndez de Kirchner tambi\u00e9n sali\u00f3 al cruce de las declaraciones sobre los DD.HH, el mi\u00e9rcoles ,y asegur\u00f3 que son un \u00ablogro\u00bb.<\/p>\n<p>&nbsp;<\/p>\n<p>&nbsp;<\/p>\n<p>&nbsp;<\/p>\n<p>&nbsp;<\/p>\n","protected":false},"excerpt":{"rendered":"<p>\u201cNo es casual que en la misma semana Macri hable de curro y Massa exprese que quiere cerrar la cuesti\u00f3n de los DD.HH.\u00bb, advirti\u00f3.<\/p>\n","protected":false},"author":11,"featured_media":0,"comment_status":"open","ping_status":"open","sticky":false,"template":"","format":"standard","meta":{"_jetpack_newsletter_access":"","_jetpack_dont_email_post_to_subs":false,"_jetpack_newsletter_tier_id":0,"_jetpack_memberships_contains_paywalled_content":false,"_jetpack_memberships_contains_paid_content":false,"footnotes":""},"categories":[51],"tags":[],"class_list":["post-58628","post","type-post","status-publish","format-standard","hentry","category-politica"],"jetpack_shortlink":"https:\/\/wp.me\/p2JWE0-ffC","jetpack-related-posts":[{"id":58634,"url":"http:\/\/www.24baires.com\/?p=58634","url_meta":{"origin":58628,"position":0},"title":"Fresneda retruc\u00f3: \u00abLa memoria no se cierra hasta que no encontremos al \u00faltimo nieto\u00bb","author":"Grupo Sierra","date":"14\/12\/2014","format":false,"excerpt":"El secretario de Derechos Humanos de la Naci\u00f3n calific\u00f3 como graves las declaraciones de Sergio Massa y Mauricio Macri sobre la pol\u00edtica oficial de derechos humanos. En ese sentido, tambi\u00e9n se pronunciaron los ministros Agust\u00edn Rossi y Florencio Randazzo, quienes pidieron una continuidad de los juicios de lesa humanidad. Las\u2026","rel":"","context":"En \u00abSociedad\u00bb","block_context":{"text":"Sociedad","link":"http:\/\/www.24baires.com\/?cat=1"},"img":{"alt_text":"fresneda","src":"https:\/\/i0.wp.com\/www.24baires.com\/wp-content\/uploads\/2014\/10\/fresneda.jpg?resize=350%2C200","width":350,"height":200,"srcset":"https:\/\/i0.wp.com\/www.24baires.com\/wp-content\/uploads\/2014\/10\/fresneda.jpg?resize=350%2C200 1x, https:\/\/i0.wp.com\/www.24baires.com\/wp-content\/uploads\/2014\/10\/fresneda.jpg?resize=525%2C300 1.5x"},"classes":[]},{"id":73106,"url":"http:\/\/www.24baires.com\/?p=73106","url_meta":{"origin":58628,"position":1},"title":"Rossi asegura que Macri \u00abquiere terminar\u00bb con pol\u00edticas de DDHH","author":"AF","date":"05\/10\/2015","format":false,"excerpt":"El ministro de Defensa asegur\u00f3 que el PRO es un partido \"con funcionarios y candidatos que fueron miembros de la dictadura\". Sobre Massa, se\u00f1al\u00f3 que \"atrasa en sus propuestas\" de utilizar a las fuerzas armadas en la lucha contra el narcotr\u00e1fico. \"Macri dijo que va a terminar con el curro\u2026","rel":"","context":"En \u00abPol\u00edtica\u00bb","block_context":{"text":"Pol\u00edtica","link":"http:\/\/www.24baires.com\/?cat=51"},"img":{"alt_text":"rossi","src":"https:\/\/i0.wp.com\/www.24baires.com\/wp-content\/uploads\/2015\/02\/rossi1.jpg?resize=350%2C200","width":350,"height":200,"srcset":"https:\/\/i0.wp.com\/www.24baires.com\/wp-content\/uploads\/2015\/02\/rossi1.jpg?resize=350%2C200 1x, https:\/\/i0.wp.com\/www.24baires.com\/wp-content\/uploads\/2015\/02\/rossi1.jpg?resize=525%2C300 1.5x"},"classes":[]},{"id":59344,"url":"http:\/\/www.24baires.com\/?p=59344","url_meta":{"origin":58628,"position":2},"title":"El Concejo Deliberante de Ensenada declar\u00f3 \u00abpersona no grata\u00bb a Sergio Massa","author":"AF","date":"30\/12\/2014","format":false,"excerpt":"El Concejo Deliberante de Ensenada declar\u00f3 \"persona no grata en el \u00e1mbito de la ciudad\" al l\u00edder del Frente Renovador, el diputado Sergio Massa, a ra\u00edz de sus expresiones sobre la pol\u00edtica nacional en materia de derechos humanos. La resoluci\u00f3n, presentada por el bloque del Frente para la Victoria y\u2026","rel":"","context":"En \u00abLocales\u00bb","block_context":{"text":"Locales","link":"http:\/\/www.24baires.com\/?cat=38"},"img":{"alt_text":"massa","src":"https:\/\/i0.wp.com\/www.24baires.com\/wp-content\/uploads\/2013\/08\/massa.png?resize=350%2C200","width":350,"height":200,"srcset":"https:\/\/i0.wp.com\/www.24baires.com\/wp-content\/uploads\/2013\/08\/massa.png?resize=350%2C200 1x, https:\/\/i0.wp.com\/www.24baires.com\/wp-content\/uploads\/2013\/08\/massa.png?resize=525%2C300 1.5x"},"classes":[]},{"id":121572,"url":"http:\/\/www.24baires.com\/?p=121572","url_meta":{"origin":58628,"position":3},"title":"Arrieta difundi\u00f3 un proyecto de sus pares para liberar represores","author":"GB","date":"26\/08\/2024","format":false,"excerpt":"\"Intento de impunidad de los responsables de cr\u00edmenes de lesa humanidad. No es la agenda del Presidente. Tengo absoluta claridad que estos proyectos nada tienen que ver con los ideales de la libertad. No voy a permitir que se manipulen leyes a espaldas de Milei\", sentenci\u00f3 la legisladora, enemistada con\u2026","rel":"","context":"En \u00abMemoria\u00bb","block_context":{"text":"Memoria","link":"http:\/\/www.24baires.com\/?cat=50"},"img":{"alt_text":"","src":"https:\/\/i0.wp.com\/www.24baires.com\/wp-content\/uploads\/2024\/08\/arrieta.jpg.webp?resize=350%2C200","width":350,"height":200,"srcset":"https:\/\/i0.wp.com\/www.24baires.com\/wp-content\/uploads\/2024\/08\/arrieta.jpg.webp?resize=350%2C200 1x, https:\/\/i0.wp.com\/www.24baires.com\/wp-content\/uploads\/2024\/08\/arrieta.jpg.webp?resize=525%2C300 1.5x, https:\/\/i0.wp.com\/www.24baires.com\/wp-content\/uploads\/2024\/08\/arrieta.jpg.webp?resize=700%2C400 2x"},"classes":[]},{"id":101111,"url":"http:\/\/www.24baires.com\/?p=101111","url_meta":{"origin":58628,"position":4},"title":"El genocida Etchecolatz volver\u00e1 a la c\u00e1rcel com\u00fan","author":"AF","date":"16\/03\/2018","format":false,"excerpt":"El represor est\u00e1 viviendo en Mar del Plata, donde fue repudiado en repetidas oportunidades. Podr\u00e1 apelar, pero volver\u00eda a la c\u00e1rcel tras esta decisi\u00f3n judicial. La Justicia le revoc\u00f3 la prisi\u00f3n domiciliaria al represor genocida condenado por m\u00faltiples causas de delitos de lesa humanidad Miguel Etchecolatz, quien reside en la\u2026","rel":"","context":"En \u00abSociedad\u00bb","block_context":{"text":"Sociedad","link":"http:\/\/www.24baires.com\/?cat=1"},"img":{"alt_text":"","src":"https:\/\/i0.wp.com\/www.24baires.com\/wp-content\/uploads\/2016\/08\/etchecolaz.jpg?resize=350%2C200","width":350,"height":200,"srcset":"https:\/\/i0.wp.com\/www.24baires.com\/wp-content\/uploads\/2016\/08\/etchecolaz.jpg?resize=350%2C200 1x, https:\/\/i0.wp.com\/www.24baires.com\/wp-content\/uploads\/2016\/08\/etchecolaz.jpg?resize=525%2C300 1.5x"},"classes":[]},{"id":100913,"url":"http:\/\/www.24baires.com\/?p=100913","url_meta":{"origin":58628,"position":5},"title":"Muri\u00f3 el genocida Reynaldo Bignone","author":"AF","date":"07\/03\/2018","format":false,"excerpt":"Ten\u00eda 90 a\u00f1os y muri\u00f3 en el Hospital Militar Central. Hab\u00eda recibido cinco condenas a perpetua por delitos de lesa humanidad. El genocida Reynaldo Benito Bignone, \u00faltimo presidente de facto de la historia argentina falleci\u00f3 esta ma\u00f1ana a los 90 a\u00f1os en el Hospital Central en prisi\u00f3n, condenado por delitos\u2026","rel":"","context":"En \u00abSociedad\u00bb","block_context":{"text":"Sociedad","link":"http:\/\/www.24baires.com\/?cat=1"},"img":{"alt_text":"","src":"https:\/\/i0.wp.com\/www.24baires.com\/wp-content\/uploads\/2014\/06\/Bignone.jpg?resize=350%2C200","width":350,"height":200,"srcset":"https:\/\/i0.wp.com\/www.24baires.com\/wp-content\/uploads\/2014\/06\/Bignone.jpg?resize=350%2C200 1x, https:\/\/i0.wp.com\/www.24baires.com\/wp-content\/uploads\/2014\/06\/Bignone.jpg?resize=525%2C300 1.5x"},"classes":[]}],"jetpack_sharing_enabled":true,"jetpack_likes_enabled":true,"jetpack_featured_media_url":"","_links":{"self":[{"href":"http:\/\/www.24baires.com\/index.php?rest_route=\/wp\/v2\/posts\/58628","targetHints":{"allow":["GET"]}}],"collection":[{"href":"http:\/\/www.24baires.com\/index.php?rest_route=\/wp\/v2\/posts"}],"about":[{"href":"http:\/\/www.24baires.com\/index.php?rest_route=\/wp\/v2\/types\/post"}],"author":[{"embeddable":true,"href":"http:\/\/www.24baires.com\/index.php?rest_route=\/wp\/v2\/users\/11"}],"replies":[{"embeddable":true,"href":"http:\/\/www.24baires.com\/index.php?rest_route=%2Fwp%2Fv2%2Fcomments&post=58628"}],"version-history":[{"count":1,"href":"http:\/\/www.24baires.com\/index.php?rest_route=\/wp\/v2\/posts\/58628\/revisions"}],"predecessor-version":[{"id":58630,"href":"http:\/\/www.24baires.com\/index.php?rest_route=\/wp\/v2\/posts\/58628\/revisions\/58630"}],"wp:attachment":[{"href":"http:\/\/www.24baires.com\/index.php?rest_route=%2Fwp%2Fv2%2Fmedia&parent=58628"}],"wp:term":[{"taxonomy":"category","embeddable":true,"href":"http:\/\/www.24baires.com\/index.php?rest_route=%2Fwp%2Fv2%2Fcategories&post=58628"},{"taxonomy":"post_tag","embeddable":true,"href":"http:\/\/www.24baires.com\/index.php?rest_route=%2Fwp%2Fv2%2Ftags&post=58628"}],"curies":[{"name":"wp","href":"https:\/\/api.w.org\/{rel}","templated":true}]}}