{"id":58606,"date":"2014-12-14T11:30:42","date_gmt":"2014-12-14T14:30:42","guid":{"rendered":"http:\/\/www.24baires.com\/?p=58606"},"modified":"2014-12-14T10:57:57","modified_gmt":"2014-12-14T13:57:57","slug":"moyano-y-massa-mas-unidos-que-nunca","status":"publish","type":"post","link":"http:\/\/www.24baires.com\/?p=58606","title":{"rendered":"Moyano y Massa, m\u00e1s unidos que nunca"},"content":{"rendered":"<p><img data-recalc-dims=\"1\" loading=\"lazy\" decoding=\"async\" class=\"aligncenter size-full wp-image-58607\" src=\"https:\/\/i0.wp.com\/www.24baires.com\/wp-content\/uploads\/2014\/12\/moyano-massa.jpg?resize=560%2C419\" alt=\"moyano massa\" width=\"560\" height=\"419\" srcset=\"https:\/\/i0.wp.com\/www.24baires.com\/wp-content\/uploads\/2014\/12\/moyano-massa.jpg?w=560 560w, https:\/\/i0.wp.com\/www.24baires.com\/wp-content\/uploads\/2014\/12\/moyano-massa.jpg?resize=300%2C224 300w\" sizes=\"auto, (max-width: 560px) 100vw, 560px\" \/>El dirigente del sindicato de camioneros, Hugo Moyano, particip\u00f3 del festejo de fin de a\u00f1o del Sindicato de Trabajadores de Peajes, que conduce su hijo Facundo, donde confluy\u00f3 con Sergio Massa, a quien describi\u00f3 como \u201cuna promesa pol\u00edtica\u201d.<!--more--><\/p>\n<p>El l\u00edder de los camioneros y el dirigente del Frente Renovador se mostraron juntos durante el cierre del festejo de fin de a\u00f1o del gremio de los trabajadores de peajes, que conduce el diputado nacional Facundo Moyano, donde ambos fueron invitados especiales.<\/p>\n<p>En ese marco, Massa fue invitado por Moyano hijo al escenario, y desde all\u00ed, reivindic\u00f3 \u201cel derecho de los laburantes a divertirse\u201d, al mismo tiempo que asumi\u00f3 \u201cun compromiso de fuego\u201d para, en caso de resultar presidente en 2015, \u201cvamos a eliminar el impuesto a los trabajadores y gravar la renta financiera\u201d.<\/p>\n<p>\u201cEl a\u00f1o que vienen vamos a estar ac\u00e1, en la fiesta de los trabajadores de peajes donde vamos a anunciar que los trabajadores no pagan m\u00e1s el impuesto a la ganancias, porque no puede ser que mientras los trabajadores pagan el impuesto, a los bancos y a los que operan en la bolsa no les cobran\u201d, asegur\u00f3 el diputado nacional.<\/p>\n<p>En su improvisado rol de presentador, fue el propio Massa qui\u00e9n invit\u00f3 a Hugo Moyano a saludar a los trabajadores y lo present\u00f3 como \u201cun amigo, con quien dicen que tengo mala relaci\u00f3n, miren si tendr\u00e9 mala relaci\u00f3n que lo mejor que puede poner un padre es un hijo a trabajar en un espacio\u201d.<\/p>\n<p>Una vez en el escenario, el dirigente de camioneros agradeci\u00f3 la invitaci\u00f3n y festej\u00f3 su encuentro con las \u201cj\u00f3venes promesas pol\u00edticas y gremiales\u201d.<\/p>\n","protected":false},"excerpt":{"rendered":"<p>El dirigente del sindicato de camioneros, Hugo Moyano, particip\u00f3 del festejo de fin de a\u00f1o del Sindicato de Trabajadores de Peajes, que conduce su hijo Facundo, donde confluy\u00f3 con Sergio Massa, a quien describi\u00f3 como \u201cuna promesa pol\u00edtica\u201d.<\/p>\n","protected":false},"author":4,"featured_media":0,"comment_status":"open","ping_status":"open","sticky":false,"template":"","format":"standard","meta":{"_jetpack_newsletter_access":"","_jetpack_dont_email_post_to_subs":false,"_jetpack_newsletter_tier_id":0,"_jetpack_memberships_contains_paywalled_content":false,"_jetpack_memberships_contains_paid_content":false,"footnotes":""},"categories":[51],"tags":[],"class_list":["post-58606","post","type-post","status-publish","format-standard","hentry","category-politica"],"jetpack_shortlink":"https:\/\/wp.me\/p2JWE0-ffg","jetpack-related-posts":[{"id":10199,"url":"http:\/\/www.24baires.com\/?p=10199","url_meta":{"origin":58606,"position":0},"title":"Eseverri con Massa y Facundo Moyano, otra se\u00f1al","author":"Grupo Sierra","date":"22\/12\/2012","format":false,"excerpt":"El intendente de Olavarr\u00eda, Jos\u00e9 Eseverri,\u00a0se mostr\u00f3 junto a su par de Tigre y el diputado nacional Facundo Moyano en la cena de fin de a\u00f1o del sindicato de los trabajadores de peajes, que lidera el hijo del titular de la CGT. No es menos que un fuerte s\u00edntoma pol\u00edtico\u2026","rel":"","context":"En \u00abPol\u00edtica\u00bb","block_context":{"text":"Pol\u00edtica","link":"http:\/\/www.24baires.com\/?cat=51"},"img":{"alt_text":"","src":"","width":0,"height":0},"classes":[]},{"id":58590,"url":"http:\/\/www.24baires.com\/?p=58590","url_meta":{"origin":58606,"position":1},"title":"La foto Massa-Moyano, de cara al 2015","author":"Grupo Sierra","date":"13\/12\/2014","format":false,"excerpt":"Ambos se mostraron anoche en una fiesta. \"La sociedad lo descarta a Massa, no yo... Es un pibe medio pint\u00f3n, simp\u00e1tico y que tiene las camaritas de seguridad esas, para hacer prensa, pero m\u00e1s all\u00e1 de eso no pasa. La seguridad es un tema importante pero con eso s\u00f3lo no\u2026","rel":"","context":"En \u00abPol\u00edtica\u00bb","block_context":{"text":"Pol\u00edtica","link":"http:\/\/www.24baires.com\/?cat=51"},"img":{"alt_text":"massa moyano","src":"https:\/\/i0.wp.com\/www.24baires.com\/wp-content\/uploads\/2014\/12\/massa-moyano-300x199.jpg?resize=350%2C200","width":350,"height":200},"classes":[]},{"id":37428,"url":"http:\/\/www.24baires.com\/?p=37428","url_meta":{"origin":58606,"position":2},"title":"Massa, soldado de Facundo","author":"Grupo Sierra","date":"26\/12\/2013","format":false,"excerpt":"Las \u00faltimas elecciones legislativas marcaron algunos caminos que con el paso de las semanas se hicieron calles, y con el transcurso de los meses se volvieron amplias avenidas donde ahora circulan dirigentes\u00a0 pol\u00edticos, para un lado y para el otro. En el caso de la m\u00e1s reciente conglomeraci\u00f3n que ya\u2026","rel":"","context":"En \u00abOpini\u00f3n\u00bb","block_context":{"text":"Opini\u00f3n","link":"http:\/\/www.24baires.com\/?cat=64"},"img":{"alt_text":"","src":"https:\/\/i0.wp.com\/www.24baires.com\/wp-content\/uploads\/2013\/12\/massa-moyano.jpg?resize=350%2C200","width":350,"height":200,"srcset":"https:\/\/i0.wp.com\/www.24baires.com\/wp-content\/uploads\/2013\/12\/massa-moyano.jpg?resize=350%2C200 1x, https:\/\/i0.wp.com\/www.24baires.com\/wp-content\/uploads\/2013\/12\/massa-moyano.jpg?resize=525%2C300 1.5x"},"classes":[]},{"id":12197,"url":"http:\/\/www.24baires.com\/?p=12197","url_meta":{"origin":58606,"position":3},"title":"Ya lleva una semana el paro de empleados de peajes de la AU La Plata &#8211; Buenos Aires","author":"Grupo Sierra","date":"14\/01\/2013","format":false,"excerpt":"Desde el gremio que conduce Facundo Moyano, SUTPA, ratificaron que continuar\u00e1n con la medida de fuerza por tiempo indeterminado. Los trabajadores reclaman el pago de sueldos del mes de diciembre a Coviares. No cobran a los veh\u00edculos que pasan por los puestos de la Autopista La Plata - Buenos Aires\u2026","rel":"","context":"En \u00abSociedad\u00bb","block_context":{"text":"Sociedad","link":"http:\/\/www.24baires.com\/?cat=1"},"img":{"alt_text":"","src":"","width":0,"height":0},"classes":[]},{"id":60292,"url":"http:\/\/www.24baires.com\/?p=60292","url_meta":{"origin":58606,"position":4},"title":"Massa, Moyano, Ritondo y una foto de cara a las elecciones","author":"Grupo Sierra","date":"18\/01\/2015","format":false,"excerpt":"El dirigente sindical Facundo Moyano public\u00f3 en su cuenta de Twitter una sugerente foto en la que se lo ve comiendo un asado junto al precandidato a Presidente del Frente Renovador, Sergio Massa, y al legislador del PRO, Cristian Ritondo. La imagen llega en medio de especulaciones sobre el armado\u2026","rel":"","context":"En \u00abPol\u00edtica\u00bb","block_context":{"text":"Pol\u00edtica","link":"http:\/\/www.24baires.com\/?cat=51"},"img":{"alt_text":"","src":"https:\/\/i0.wp.com\/www.24baires.com\/wp-content\/uploads\/2015\/01\/massa-moyano.jpg?resize=350%2C200","width":350,"height":200,"srcset":"https:\/\/i0.wp.com\/www.24baires.com\/wp-content\/uploads\/2015\/01\/massa-moyano.jpg?resize=350%2C200 1x, https:\/\/i0.wp.com\/www.24baires.com\/wp-content\/uploads\/2015\/01\/massa-moyano.jpg?resize=525%2C300 1.5x"},"classes":[]},{"id":30983,"url":"http:\/\/www.24baires.com\/?p=30983","url_meta":{"origin":58606,"position":5},"title":"Moyano: \u00abnunca estuve peleado con Massa. Ma\u00f1ana puede ser que estemos trabajando juntos\u00bb","author":"AF","date":"29\/08\/2013","format":false,"excerpt":"El l\u00edder camionero y secretario general de la CGT opositora, Hugo Moyano, aliado del diputado Francisco de Narv\u00e1ez en el Frente Uni\u00f3n por Libertad y Trabajo para las pr\u00f3ximas elecciones legislativas, dijo hoy que \"nunca\" estuvo peleado son Sergio Massa, primer candidato a diputado del Frente Renovador en la provincia\u2026","rel":"","context":"En \u00abPol\u00edtica\u00bb","block_context":{"text":"Pol\u00edtica","link":"http:\/\/www.24baires.com\/?cat=51"},"img":{"alt_text":"","src":"https:\/\/i0.wp.com\/www.24baires.com\/wp-content\/uploads\/2013\/08\/moyano-massa.jpg?resize=350%2C200","width":350,"height":200,"srcset":"https:\/\/i0.wp.com\/www.24baires.com\/wp-content\/uploads\/2013\/08\/moyano-massa.jpg?resize=350%2C200 1x, https:\/\/i0.wp.com\/www.24baires.com\/wp-content\/uploads\/2013\/08\/moyano-massa.jpg?resize=525%2C300 1.5x"},"classes":[]}],"jetpack_sharing_enabled":true,"jetpack_likes_enabled":true,"jetpack_featured_media_url":"","_links":{"self":[{"href":"http:\/\/www.24baires.com\/index.php?rest_route=\/wp\/v2\/posts\/58606","targetHints":{"allow":["GET"]}}],"collection":[{"href":"http:\/\/www.24baires.com\/index.php?rest_route=\/wp\/v2\/posts"}],"about":[{"href":"http:\/\/www.24baires.com\/index.php?rest_route=\/wp\/v2\/types\/post"}],"author":[{"embeddable":true,"href":"http:\/\/www.24baires.com\/index.php?rest_route=\/wp\/v2\/users\/4"}],"replies":[{"embeddable":true,"href":"http:\/\/www.24baires.com\/index.php?rest_route=%2Fwp%2Fv2%2Fcomments&post=58606"}],"version-history":[{"count":1,"href":"http:\/\/www.24baires.com\/index.php?rest_route=\/wp\/v2\/posts\/58606\/revisions"}],"predecessor-version":[{"id":58608,"href":"http:\/\/www.24baires.com\/index.php?rest_route=\/wp\/v2\/posts\/58606\/revisions\/58608"}],"wp:attachment":[{"href":"http:\/\/www.24baires.com\/index.php?rest_route=%2Fwp%2Fv2%2Fmedia&parent=58606"}],"wp:term":[{"taxonomy":"category","embeddable":true,"href":"http:\/\/www.24baires.com\/index.php?rest_route=%2Fwp%2Fv2%2Fcategories&post=58606"},{"taxonomy":"post_tag","embeddable":true,"href":"http:\/\/www.24baires.com\/index.php?rest_route=%2Fwp%2Fv2%2Ftags&post=58606"}],"curies":[{"name":"wp","href":"https:\/\/api.w.org\/{rel}","templated":true}]}}