{"id":58590,"date":"2014-12-13T09:00:27","date_gmt":"2014-12-13T12:00:27","guid":{"rendered":"http:\/\/www.24baires.com\/?p=58590"},"modified":"2014-12-14T11:33:58","modified_gmt":"2014-12-14T14:33:58","slug":"la-foto-massa-moyano-de-cara-al-2015","status":"publish","type":"post","link":"http:\/\/www.24baires.com\/?p=58590","title":{"rendered":"La foto Massa-Moyano, de cara al 2015"},"content":{"rendered":"<p><img data-recalc-dims=\"1\" loading=\"lazy\" decoding=\"async\" class=\"alignleft size-medium wp-image-58591\" src=\"https:\/\/i0.wp.com\/www.24baires.com\/wp-content\/uploads\/2014\/12\/massa-moyano.jpg?resize=300%2C199\" alt=\"massa moyano\" width=\"300\" height=\"199\" srcset=\"https:\/\/i0.wp.com\/www.24baires.com\/wp-content\/uploads\/2014\/12\/massa-moyano.jpg?resize=300%2C199 300w, https:\/\/i0.wp.com\/www.24baires.com\/wp-content\/uploads\/2014\/12\/massa-moyano.jpg?w=362 362w\" sizes=\"auto, (max-width: 300px) 100vw, 300px\" \/>Ambos se mostraron anoche en una fiesta. \u00abLa sociedad lo descarta a Massa, no yo&#8230; Es un pibe medio pint\u00f3n, simp\u00e1tico y que tiene las camaritas de seguridad esas, para hacer prensa, pero m\u00e1s all\u00e1 de eso no pasa. La seguridad es un tema importante pero con eso s\u00f3lo no es suficiente\u00bb, dec\u00eda tiempo atr\u00e1s el l\u00edder de la CGT, Hugo Moyano, al respecto de la principal figura del Frente Renovador.<!--more--><\/p>\n<p>El referente camionero no es massista. No hay con que darle. Sin embargo, anoche se mostr\u00f3 junto al tigrense en la fiesta de cierre de a\u00f1o del Siondicato de peajes que lidera Facundo Moyano, el diputado nacional massista y por supuesto, hijo de Hugo.<\/p>\n<p>\u00abAgradezco las palabras del compa\u00f1ero y amigo Sergio Massa y la del representante de todos los trabajadores Hugo Moyano\u00bb, expres\u00f3 el legislador, quien es nada m\u00e1s y nada menos el encargado de terminar de acercar las posiciones y hacer que el viejo Hugo juegue para el tigrense en las elecciones 2015.<\/p>\n<p>Vale destacar que hace poco m\u00e1s de un mes se hab\u00eda producido la primera se\u00f1al positiva, ya que el partido de la Cultura, la Educaci\u00f3n y el Trabajo (CET), oficializ\u00f3 que integrar\u00e1 en 2015 una alianza electoral con Mario Das Neves, que competir\u00e1 por la gobernaci\u00f3n a trav\u00e9s de Chubut Somos Todos y con el respaldo del Frente Renovador.<\/p>\n<p>El acuerdo entre Moyano y Das Neves, seg\u00fan inform\u00f3 la Naci\u00f3n, se cristaliz\u00f3 con un acto en Comodoro Rivadavia; y entre otras cosas contempla llevar como candidato a diputado nacional a Jorge Taboada, el referente del sindicato de los camioneros en la provincia patag\u00f3nica.<\/p>\n<p>\u00abRenunciamos al justicialismo, pero nunca vamos a renunciar al peronismo. Somos la esencia del peronismo\u00bb, dijo Moyano en su momento, acompa\u00f1ado por los mencionados Das Neves, Taboada y su hijo Facundo.<\/p>\n<p>&nbsp;<\/p>\n<p>&nbsp;<\/p>\n<p>&nbsp;<\/p>\n<p>&nbsp;<\/p>\n<p>&nbsp;<\/p>\n","protected":false},"excerpt":{"rendered":"<p>Ambos se mostraron anoche en una fiesta. \u00abLa sociedad lo descarta a Massa, no yo&#8230; Es un pibe medio pint\u00f3n, simp\u00e1tico y que tiene las camaritas de seguridad esas, para hacer prensa, pero m\u00e1s all\u00e1 de eso no pasa. La seguridad es un tema importante pero con eso s\u00f3lo no es suficiente\u00bb, dec\u00eda tiempo atr\u00e1s el l\u00edder de la CGT, [&#8230;]<\/p>\n","protected":false},"author":11,"featured_media":0,"comment_status":"open","ping_status":"open","sticky":false,"template":"","format":"standard","meta":{"_jetpack_newsletter_access":"","_jetpack_dont_email_post_to_subs":false,"_jetpack_newsletter_tier_id":0,"_jetpack_memberships_contains_paywalled_content":false,"_jetpack_memberships_contains_paid_content":false,"footnotes":""},"categories":[51],"tags":[],"class_list":["post-58590","post","type-post","status-publish","format-standard","hentry","category-politica"],"jetpack_shortlink":"https:\/\/wp.me\/p2JWE0-ff0","jetpack-related-posts":[{"id":58606,"url":"http:\/\/www.24baires.com\/?p=58606","url_meta":{"origin":58590,"position":0},"title":"Moyano y Massa, m\u00e1s unidos que nunca","author":"AF","date":"14\/12\/2014","format":false,"excerpt":"El dirigente del sindicato de camioneros, Hugo Moyano, particip\u00f3 del festejo de fin de a\u00f1o del Sindicato de Trabajadores de Peajes, que conduce su hijo Facundo, donde confluy\u00f3 con Sergio Massa, a quien describi\u00f3 como \u201cuna promesa pol\u00edtica\u201d. El l\u00edder de los camioneros y el dirigente del Frente Renovador se\u2026","rel":"","context":"En \u00abPol\u00edtica\u00bb","block_context":{"text":"Pol\u00edtica","link":"http:\/\/www.24baires.com\/?cat=51"},"img":{"alt_text":"","src":"https:\/\/i0.wp.com\/www.24baires.com\/wp-content\/uploads\/2014\/12\/moyano-massa.jpg?resize=350%2C200","width":350,"height":200,"srcset":"https:\/\/i0.wp.com\/www.24baires.com\/wp-content\/uploads\/2014\/12\/moyano-massa.jpg?resize=350%2C200 1x, https:\/\/i0.wp.com\/www.24baires.com\/wp-content\/uploads\/2014\/12\/moyano-massa.jpg?resize=525%2C300 1.5x"},"classes":[]},{"id":30983,"url":"http:\/\/www.24baires.com\/?p=30983","url_meta":{"origin":58590,"position":1},"title":"Moyano: \u00abnunca estuve peleado con Massa. Ma\u00f1ana puede ser que estemos trabajando juntos\u00bb","author":"AF","date":"29\/08\/2013","format":false,"excerpt":"El l\u00edder camionero y secretario general de la CGT opositora, Hugo Moyano, aliado del diputado Francisco de Narv\u00e1ez en el Frente Uni\u00f3n por Libertad y Trabajo para las pr\u00f3ximas elecciones legislativas, dijo hoy que \"nunca\" estuvo peleado son Sergio Massa, primer candidato a diputado del Frente Renovador en la provincia\u2026","rel":"","context":"En \u00abPol\u00edtica\u00bb","block_context":{"text":"Pol\u00edtica","link":"http:\/\/www.24baires.com\/?cat=51"},"img":{"alt_text":"","src":"https:\/\/i0.wp.com\/www.24baires.com\/wp-content\/uploads\/2013\/08\/moyano-massa.jpg?resize=350%2C200","width":350,"height":200,"srcset":"https:\/\/i0.wp.com\/www.24baires.com\/wp-content\/uploads\/2013\/08\/moyano-massa.jpg?resize=350%2C200 1x, https:\/\/i0.wp.com\/www.24baires.com\/wp-content\/uploads\/2013\/08\/moyano-massa.jpg?resize=525%2C300 1.5x"},"classes":[]},{"id":10199,"url":"http:\/\/www.24baires.com\/?p=10199","url_meta":{"origin":58590,"position":2},"title":"Eseverri con Massa y Facundo Moyano, otra se\u00f1al","author":"Grupo Sierra","date":"22\/12\/2012","format":false,"excerpt":"El intendente de Olavarr\u00eda, Jos\u00e9 Eseverri,\u00a0se mostr\u00f3 junto a su par de Tigre y el diputado nacional Facundo Moyano en la cena de fin de a\u00f1o del sindicato de los trabajadores de peajes, que lidera el hijo del titular de la CGT. No es menos que un fuerte s\u00edntoma pol\u00edtico\u2026","rel":"","context":"En \u00abPol\u00edtica\u00bb","block_context":{"text":"Pol\u00edtica","link":"http:\/\/www.24baires.com\/?cat=51"},"img":{"alt_text":"","src":"","width":0,"height":0},"classes":[]},{"id":45892,"url":"http:\/\/www.24baires.com\/?p=45892","url_meta":{"origin":58590,"position":3},"title":"Macri y Facundo Moyano se reunieron en secreto","author":"AF","date":"13\/05\/2014","format":false,"excerpt":"El jefe de Gobierno porte\u00f1o y el l\u00edder del gremio de trabajadores del peaje, aliado de Sergio Massa, charlaron sobre sus visiones de pa\u00eds y el sindicalismo. El encuentro tuvo lugar cerca de las 8.30 en un departamento del barrio de Palermo y se prolong\u00f3 por m\u00e1s de una hora\u2026","rel":"","context":"En \u00abPol\u00edtica\u00bb","block_context":{"text":"Pol\u00edtica","link":"http:\/\/www.24baires.com\/?cat=51"},"img":{"alt_text":"","src":"","width":0,"height":0},"classes":[]},{"id":107994,"url":"http:\/\/www.24baires.com\/?p=107994","url_meta":{"origin":58590,"position":4},"title":"Hugo Moyano: \u00abSi quieren que me metan en cana, pero despu\u00e9s que se la banquen\u00bb","author":"AF","date":"06\/05\/2019","format":false,"excerpt":"El l\u00edder sindical le apunt\u00f3 a la ministra de Seguridad, Patricia Bullrich, y al presidente Mauricio Macri por la inspecci\u00f3n en la sede del sindicato. Gendarmer\u00eda allan\u00f3 este lunes una sede del sindicato de Camioneros por la presunta asociaci\u00f3n il\u00edcita en Independiente. Es en el marco de la causa por\u2026","rel":"","context":"En \u00abJUDICIALES\u00bb","block_context":{"text":"JUDICIALES","link":"http:\/\/www.24baires.com\/?cat=68"},"img":{"alt_text":"","src":"https:\/\/i0.wp.com\/www.24baires.com\/wp-content\/uploads\/2013\/04\/moyano-hugo-moyano-pablo.jpg?resize=350%2C200","width":350,"height":200,"srcset":"https:\/\/i0.wp.com\/www.24baires.com\/wp-content\/uploads\/2013\/04\/moyano-hugo-moyano-pablo.jpg?resize=350%2C200 1x, https:\/\/i0.wp.com\/www.24baires.com\/wp-content\/uploads\/2013\/04\/moyano-hugo-moyano-pablo.jpg?resize=525%2C300 1.5x"},"classes":[]},{"id":100649,"url":"http:\/\/www.24baires.com\/?p=100649","url_meta":{"origin":58590,"position":5},"title":"Hugo Moyano marcha contra el Gobierno","author":"GB","date":"21\/02\/2018","format":false,"excerpt":"En medio de su pelea con el Gobierno, el sindicato de Camioneros que lidera Hugo Moyano encabezar\u00e1 una movilizaci\u00f3n en el Centro de la Ciudad que contar\u00e1 con la participaci\u00f3n de las dos CTA, la Corriente Federal de Trabajadores, movimientos sociales, agrupaciones kirchneristas y partidos de izquierda. La manifestaci\u00f3n fue\u2026","rel":"","context":"En \u00abPol\u00edtica\u00bb","block_context":{"text":"Pol\u00edtica","link":"http:\/\/www.24baires.com\/?cat=51"},"img":{"alt_text":"","src":"https:\/\/i0.wp.com\/www.24baires.com\/wp-content\/uploads\/2018\/02\/moyano.jpg?resize=350%2C200","width":350,"height":200,"srcset":"https:\/\/i0.wp.com\/www.24baires.com\/wp-content\/uploads\/2018\/02\/moyano.jpg?resize=350%2C200 1x, https:\/\/i0.wp.com\/www.24baires.com\/wp-content\/uploads\/2018\/02\/moyano.jpg?resize=525%2C300 1.5x"},"classes":[]}],"jetpack_sharing_enabled":true,"jetpack_likes_enabled":true,"jetpack_featured_media_url":"","_links":{"self":[{"href":"http:\/\/www.24baires.com\/index.php?rest_route=\/wp\/v2\/posts\/58590","targetHints":{"allow":["GET"]}}],"collection":[{"href":"http:\/\/www.24baires.com\/index.php?rest_route=\/wp\/v2\/posts"}],"about":[{"href":"http:\/\/www.24baires.com\/index.php?rest_route=\/wp\/v2\/types\/post"}],"author":[{"embeddable":true,"href":"http:\/\/www.24baires.com\/index.php?rest_route=\/wp\/v2\/users\/11"}],"replies":[{"embeddable":true,"href":"http:\/\/www.24baires.com\/index.php?rest_route=%2Fwp%2Fv2%2Fcomments&post=58590"}],"version-history":[{"count":1,"href":"http:\/\/www.24baires.com\/index.php?rest_route=\/wp\/v2\/posts\/58590\/revisions"}],"predecessor-version":[{"id":58592,"href":"http:\/\/www.24baires.com\/index.php?rest_route=\/wp\/v2\/posts\/58590\/revisions\/58592"}],"wp:attachment":[{"href":"http:\/\/www.24baires.com\/index.php?rest_route=%2Fwp%2Fv2%2Fmedia&parent=58590"}],"wp:term":[{"taxonomy":"category","embeddable":true,"href":"http:\/\/www.24baires.com\/index.php?rest_route=%2Fwp%2Fv2%2Fcategories&post=58590"},{"taxonomy":"post_tag","embeddable":true,"href":"http:\/\/www.24baires.com\/index.php?rest_route=%2Fwp%2Fv2%2Ftags&post=58590"}],"curies":[{"name":"wp","href":"https:\/\/api.w.org\/{rel}","templated":true}]}}