{"id":58570,"date":"2014-12-13T15:20:39","date_gmt":"2014-12-13T18:20:39","guid":{"rendered":"http:\/\/www.24baires.com\/?p=58570"},"modified":"2014-12-14T10:30:32","modified_gmt":"2014-12-14T13:30:32","slug":"es-importante-que-un-proyecto-politico-transforme-ideas-en-accion","status":"publish","type":"post","link":"http:\/\/www.24baires.com\/?p=58570","title":{"rendered":"\u00abEs importante que un proyecto pol\u00edtico transforme ideas en acci\u00f3n\u00bb"},"content":{"rendered":"<p><img data-recalc-dims=\"1\" loading=\"lazy\" decoding=\"async\" class=\"aligncenter size-full wp-image-57424\" src=\"https:\/\/i0.wp.com\/www.24baires.com\/wp-content\/uploads\/2014\/11\/capitanich-soberan%C3%ADa.jpg?resize=560%2C373\" alt=\"capitanich soberan\u00eda\" width=\"560\" height=\"373\" srcset=\"https:\/\/i0.wp.com\/www.24baires.com\/wp-content\/uploads\/2014\/11\/capitanich-soberan%C3%ADa.jpg?w=560 560w, https:\/\/i0.wp.com\/www.24baires.com\/wp-content\/uploads\/2014\/11\/capitanich-soberan%C3%ADa.jpg?resize=300%2C199 300w\" sizes=\"auto, (max-width: 560px) 100vw, 560px\" \/>El jefe de Gabinete, Jorge Capitanich, afirm\u00f3 hoy que \u00abse necesita coraje, instancia, dedicaci\u00f3n, esfuerzo, compromiso y entrega todos los d\u00edas de nuestra vida\u00bb para lograrlo.<!--more--><\/p>\n<p>\u00abHemos logrado muchos objetivos y metas impensables durante a\u00f1os, y por eso la pol\u00edtica no s\u00f3lo exige planificaci\u00f3n sino tambi\u00e9n acci\u00f3n y comunicaci\u00f3n\u00bb, dijo el jefe de ministros en el contexto del Encuentro Nacional de Educaci\u00f3n, llamado Educaci\u00f3n para la Victoria, que se realiz\u00f3 hoy en el predio de Tecn\u00f3polis.<\/p>\n<p>Acompa\u00f1ado por los ministros de Trabajo, Carlos Tomada; y Alberto Sileoni, de Educaci\u00f3n, Capitanich agreg\u00f3 que \u00abno se puede hacer lo que no se planifica\u00bb y que \u00abla pol\u00edtica en sentido may\u00fasculo\u00bb incluye la \u00abcapacidad de recuperar el Estado\u00bb.<\/p>\n<p>\u00abPara esto se requiere una militancia activa a fin de recuperar conciencia\u00bb, sintetiz\u00f3 Capitanich dirigi\u00e9ndose a los docentes reunidos en la actividad.<\/p>\n<p>En ese marco, Capitanich record\u00f3 que \u201ctenemos la mayor inversi\u00f3n en infraestructura escolar de la historia argentina, no solamente porque si uno toma los m\u00e1s de 1700 edificios inaugurados y los 2500 contra los ya inaugurados y en ejecuci\u00f3n, m\u00e1s lo que han significado 6000 obras realizadas con distintos mecanismos de financiamiento, que ser\u00e1n 10.000, lo cual implica mejores condiciones para el dictado de clases\u201d.<\/p>\n<p>Seg\u00fan se inform\u00f3 a trav\u00e9s de un comunicado, el jefe de Gabinete destac\u00f3 la importancia de la Ley de Financiamiento Educativo, y resalt\u00f3 el impacto inclusivo de las 4,5 millones de netbooks entregadas, las que ser\u00e1n casi 5 millones el a\u00f1o pr\u00f3ximo.<\/p>\n<p>\u201cEs necesario observar que la inversi\u00f3n en libros, tecnolog\u00eda e infraestructura, estuvo tambi\u00e9n asociada a una inversi\u00f3n en mobiliario y a un sistema de regularizaci\u00f3n y capacitaci\u00f3n docente y un mejoramiento sustancial de los salarios de m\u00e1s del 1.100%\u201d, detall\u00f3.<\/p>\n<p>Asimismo, el jefe de Gabinete indic\u00f3 que el sistema universitario argentino ten\u00eda una inversi\u00f3n de 1800 millones de pesos en 2003, mientras que 2015, esa cifra alcanzar\u00e1 los 52 mil millones, y asegur\u00f3 que \u201cestamos recuperando no solamente el salario docente sino la dignidad de nuestros trabajadores\u201d.<\/p>\n<p>Por \u00faltimo, subray\u00f3 la continuidad de importantes desaf\u00edos, y en ese contexto sostuvo que \u201cnos quedan los desaf\u00edos de garantizar que la educaci\u00f3n obligatoria secundaria nos permita lograr el m\u00e1ximo nivel de calidad educativa. Nos queda el desaf\u00edo de las aulas para las salas de 3 y 4 a\u00f1os y que la aprobaci\u00f3n de su obligatoriedad en el congreso se convierta en un hecho\u201d.<\/p>\n<p>\u201cFueron 12 a\u00f1os de gesti\u00f3n que implican no solamente el mejoramiento de la inclusi\u00f3n social y la equidad educativa, sino tambi\u00e9n los desaf\u00edos de una sociedad din\u00e1mica y cambiante, que exige una calidad educativa destinada a formar buenas personas y recursos humanos calificados para la inserci\u00f3n laboral de car\u00e1cter productivo que permita a la econom\u00eda generar, no solamente crecimiento si no tambi\u00e9n dignidad a las personas y a los trabajadores\u201d, concluy\u00f3.<\/p>\n<p>Este primer encuentro reuni\u00f3 a m\u00e1s de 2.500 docentes de todo el pa\u00eds y ser\u00e1 el primero de una serie de encuentros que se llevar\u00e1n a cabo en distintas provincias para realizar un balance de lo sucedido en materia educativa en el per\u00edodo 2003-2014, destacando los logros y los desaf\u00edos pendientes, con el fin de avanzar en la construcci\u00f3n de una patria educativa.<\/p>\n<p>Los Encuentros \u201cEducaci\u00f3n para la Victoria\u201d pretenden, a su vez, abrir un espacio de debate, reflexi\u00f3n y consenso acerca de las principales metas de la educaci\u00f3n y su agenda de cara al 2020 del proyecto inclusivo, nacional y popular.<\/p>\n<p>&nbsp;<\/p>\n<p>&nbsp;<\/p>\n<p>&nbsp;<\/p>\n<p>&nbsp;<\/p>\n<p>&nbsp;<\/p>\n<p>&nbsp;<\/p>\n<p>&nbsp;<\/p>\n<p>&nbsp;<\/p>\n<p>&nbsp;<\/p>\n<p>&nbsp;<\/p>\n<p>&nbsp;<\/p>\n<p>&nbsp;<\/p>\n<p>&nbsp;<\/p>\n<p>&nbsp;<\/p>\n<p>&nbsp;<\/p>\n<p>&nbsp;<\/p>\n","protected":false},"excerpt":{"rendered":"<p>El jefe de Gabinete, Jorge Capitanich, afirm\u00f3 hoy que \u00abse necesita coraje, instancia, dedicaci\u00f3n, esfuerzo, compromiso y entrega todos los d\u00edas de nuestra vida\u00bb para lograrlo.<\/p>\n","protected":false},"author":8,"featured_media":0,"comment_status":"open","ping_status":"open","sticky":false,"template":"","format":"standard","meta":{"_jetpack_newsletter_access":"","_jetpack_dont_email_post_to_subs":false,"_jetpack_newsletter_tier_id":0,"_jetpack_memberships_contains_paywalled_content":false,"_jetpack_memberships_contains_paid_content":false,"footnotes":""},"categories":[51],"tags":[],"class_list":["post-58570","post","type-post","status-publish","format-standard","hentry","category-politica"],"jetpack_shortlink":"https:\/\/wp.me\/p2JWE0-feG","jetpack-related-posts":[{"id":119838,"url":"http:\/\/www.24baires.com\/?p=119838","url_meta":{"origin":58570,"position":0},"title":"\u00abNunca m\u00e1s puede morirse un Favaloro porque el Estado lo abandon\u00f3\u00bb","author":"AF","date":"27\/02\/2023","format":false,"excerpt":"El Presidente destac\u00f3 que la Argentina \u201chizo mucho a lo largo de los a\u00f1os para que la educaci\u00f3n sea accesible para todos\u201d, durante el acto inaugural de un nuevo establecimiento educativo chaque\u00f1o. Fern\u00e1ndez aconsej\u00f3 a los estudiantes: \u201cTomen la educaci\u00f3n como una inversi\u00f3n de su futuro\u201d. El presidente Alberto Fern\u00e1ndez\u2026","rel":"","context":"En \u00abLocales\u00bb","block_context":{"text":"Locales","link":"http:\/\/www.24baires.com\/?cat=38"},"img":{"alt_text":"","src":"https:\/\/i0.wp.com\/www.24baires.com\/wp-content\/uploads\/2023\/02\/fernandez.jpg?resize=350%2C200","width":350,"height":200,"srcset":"https:\/\/i0.wp.com\/www.24baires.com\/wp-content\/uploads\/2023\/02\/fernandez.jpg?resize=350%2C200 1x, https:\/\/i0.wp.com\/www.24baires.com\/wp-content\/uploads\/2023\/02\/fernandez.jpg?resize=525%2C300 1.5x, https:\/\/i0.wp.com\/www.24baires.com\/wp-content\/uploads\/2023\/02\/fernandez.jpg?resize=700%2C400 2x, https:\/\/i0.wp.com\/www.24baires.com\/wp-content\/uploads\/2023\/02\/fernandez.jpg?resize=1050%2C600 3x"},"classes":[]},{"id":116123,"url":"http:\/\/www.24baires.com\/?p=116123","url_meta":{"origin":58570,"position":1},"title":"\u00abLa Argentina central que tiene periferias no se puede tolerar m\u00e1s\u00bb","author":"AF","date":"01\/09\/2020","format":false,"excerpt":"El Presidente encabez\u00f3 la firma de convenios con el gobernador de Chaco, Jorge Capitanich. En ese marco, defendi\u00f3 el acceso a la conectividad y al conocimiento en todo el pa\u00eds. El presidente Alberto Fern\u00e1ndez reafirm\u00f3 que \"la Argentina central, que tiene dos periferias, al norte y a sur del pa\u00eds,\u2026","rel":"","context":"En \u00abPol\u00edtica\u00bb","block_context":{"text":"Pol\u00edtica","link":"http:\/\/www.24baires.com\/?cat=51"},"img":{"alt_text":"","src":"https:\/\/i0.wp.com\/www.24baires.com\/wp-content\/uploads\/2020\/09\/fern%C3%A1ndez-capitanich.jpg?resize=350%2C200","width":350,"height":200,"srcset":"https:\/\/i0.wp.com\/www.24baires.com\/wp-content\/uploads\/2020\/09\/fern%C3%A1ndez-capitanich.jpg?resize=350%2C200 1x, https:\/\/i0.wp.com\/www.24baires.com\/wp-content\/uploads\/2020\/09\/fern%C3%A1ndez-capitanich.jpg?resize=525%2C300 1.5x"},"classes":[]},{"id":116327,"url":"http:\/\/www.24baires.com\/?p=116327","url_meta":{"origin":58570,"position":2},"title":"El Presidente lanza programa contra la violencia de g\u00e9nero","author":"GB","date":"25\/09\/2020","format":false,"excerpt":"El Presidente Alberto Fern\u00e1ndez encabezar\u00e1 un acto en el cual presentar\u00e1 un programa contra la violencia de g\u00e9nero con una inversi\u00f3n de $4.500 millones. El presidente Alberto Fern\u00e1ndez participar\u00e1 este viernes de la presentaci\u00f3n del Programa Acompa\u00f1ar, que busca promover la autonom\u00eda de las mujeres y LGBTI+ que se encuentran\u2026","rel":"","context":"En \u00abPol\u00edtica\u00bb","block_context":{"text":"Pol\u00edtica","link":"http:\/\/www.24baires.com\/?cat=51"},"img":{"alt_text":"","src":"https:\/\/i0.wp.com\/www.24baires.com\/wp-content\/uploads\/2020\/08\/alberto-fern%C3%A1ndez.jpg?resize=350%2C200","width":350,"height":200,"srcset":"https:\/\/i0.wp.com\/www.24baires.com\/wp-content\/uploads\/2020\/08\/alberto-fern%C3%A1ndez.jpg?resize=350%2C200 1x, https:\/\/i0.wp.com\/www.24baires.com\/wp-content\/uploads\/2020\/08\/alberto-fern%C3%A1ndez.jpg?resize=525%2C300 1.5x"},"classes":[]},{"id":42529,"url":"http:\/\/www.24baires.com\/?p=42529","url_meta":{"origin":58570,"position":3},"title":"Capitanich pidi\u00f3 recuperar el di\u00e1logo","author":"Grupo Sierra","date":"21\/03\/2014","format":false,"excerpt":"El jefe de Gabinete pidi\u00f3 que se \u201cflexibilicen las posiciones irreductibles\u201d para que \u201clos alumnos puedan estar todos los d\u00edas en clase\u201d. El jefe de Gabinete, Jorge Capitanich, afirm\u00f3 que es necesario \"recuperar un marco propicio de di\u00e1logo\" para que las \"posiciones irreductibles se flexibilicen\", en el marco del conflicto\u2026","rel":"","context":"En \u00abSociedad\u00bb","block_context":{"text":"Sociedad","link":"http:\/\/www.24baires.com\/?cat=1"},"img":{"alt_text":"capitanich","src":"https:\/\/i0.wp.com\/www.24baires.com\/wp-content\/uploads\/2014\/03\/capitanich.jpg?resize=350%2C200","width":350,"height":200,"srcset":"https:\/\/i0.wp.com\/www.24baires.com\/wp-content\/uploads\/2014\/03\/capitanich.jpg?resize=350%2C200 1x, https:\/\/i0.wp.com\/www.24baires.com\/wp-content\/uploads\/2014\/03\/capitanich.jpg?resize=525%2C300 1.5x"},"classes":[]},{"id":54933,"url":"http:\/\/www.24baires.com\/?p=54933","url_meta":{"origin":58570,"position":4},"title":"Capitanich: la foto entre Massa y Morales representa un proyecto \u00absin claridad\u00bb","author":"AF","date":"07\/10\/2014","format":false,"excerpt":"El jefe de Gabinete, Jorge Capitanich, sostuvo hoy que el diputado nacional y titular del Frente Renovador y el senador radical y candidato a gobernador de Jujuy carecen de \u201ccapacidad de concretar ideas en acci\u00f3n\u201d. El jefe de Gabinete, Jorge Capitanich, sostuvo hoy que el diputado nacional y titular del\u2026","rel":"","context":"En \u00abPol\u00edtica\u00bb","block_context":{"text":"Pol\u00edtica","link":"http:\/\/www.24baires.com\/?cat=51"},"img":{"alt_text":"capitanich 4","src":"https:\/\/i0.wp.com\/www.24baires.com\/wp-content\/uploads\/2014\/09\/capitanich-4.jpg?resize=350%2C200","width":350,"height":200,"srcset":"https:\/\/i0.wp.com\/www.24baires.com\/wp-content\/uploads\/2014\/09\/capitanich-4.jpg?resize=350%2C200 1x, https:\/\/i0.wp.com\/www.24baires.com\/wp-content\/uploads\/2014\/09\/capitanich-4.jpg?resize=525%2C300 1.5x"},"classes":[]},{"id":35677,"url":"http:\/\/www.24baires.com\/?p=35677","url_meta":{"origin":58570,"position":5},"title":"Capitanich y Sileoni se reunieron para trabajar en \u00abuna agenda abierta\u00bb","author":"GB","date":"24\/11\/2013","format":false,"excerpt":"El jefe de Gabinete, Jorge Capitanich, mantuvo esta ma\u00f1ana una reuni\u00f3n en Casa de Gobierno con el ministro de Educaci\u00f3n, Alberto Sileoni, para \"trabajar en una agenda abierta de temas\". As\u00ed lo inform\u00f3 Capitanich a trav\u00e9s de su cuenta oficial de Twitter @jmcapitanich, donde adem\u00e1s se\u00f1al\u00f3 que el objetivo de\u2026","rel":"","context":"En \u00abPol\u00edtica\u00bb","block_context":{"text":"Pol\u00edtica","link":"http:\/\/www.24baires.com\/?cat=51"},"img":{"alt_text":"","src":"","width":0,"height":0},"classes":[]}],"jetpack_sharing_enabled":true,"jetpack_likes_enabled":true,"jetpack_featured_media_url":"","_links":{"self":[{"href":"http:\/\/www.24baires.com\/index.php?rest_route=\/wp\/v2\/posts\/58570","targetHints":{"allow":["GET"]}}],"collection":[{"href":"http:\/\/www.24baires.com\/index.php?rest_route=\/wp\/v2\/posts"}],"about":[{"href":"http:\/\/www.24baires.com\/index.php?rest_route=\/wp\/v2\/types\/post"}],"author":[{"embeddable":true,"href":"http:\/\/www.24baires.com\/index.php?rest_route=\/wp\/v2\/users\/8"}],"replies":[{"embeddable":true,"href":"http:\/\/www.24baires.com\/index.php?rest_route=%2Fwp%2Fv2%2Fcomments&post=58570"}],"version-history":[{"count":1,"href":"http:\/\/www.24baires.com\/index.php?rest_route=\/wp\/v2\/posts\/58570\/revisions"}],"predecessor-version":[{"id":58571,"href":"http:\/\/www.24baires.com\/index.php?rest_route=\/wp\/v2\/posts\/58570\/revisions\/58571"}],"wp:attachment":[{"href":"http:\/\/www.24baires.com\/index.php?rest_route=%2Fwp%2Fv2%2Fmedia&parent=58570"}],"wp:term":[{"taxonomy":"category","embeddable":true,"href":"http:\/\/www.24baires.com\/index.php?rest_route=%2Fwp%2Fv2%2Fcategories&post=58570"},{"taxonomy":"post_tag","embeddable":true,"href":"http:\/\/www.24baires.com\/index.php?rest_route=%2Fwp%2Fv2%2Ftags&post=58570"}],"curies":[{"name":"wp","href":"https:\/\/api.w.org\/{rel}","templated":true}]}}