{"id":58553,"date":"2014-12-13T10:30:57","date_gmt":"2014-12-13T13:30:57","guid":{"rendered":"http:\/\/www.24baires.com\/?p=58553"},"modified":"2014-12-14T10:30:27","modified_gmt":"2014-12-14T13:30:27","slug":"con-nestor-y-cristina-se-terminaron-las-democracias-light-aseguro-rossi","status":"publish","type":"post","link":"http:\/\/www.24baires.com\/?p=58553","title":{"rendered":"\u00abCon N\u00e9stor y Cristina se terminaron las democracias light\u00bb, asegur\u00f3 Rossi"},"content":{"rendered":"<p><img data-recalc-dims=\"1\" loading=\"lazy\" decoding=\"async\" class=\"aligncenter size-full wp-image-52226\" src=\"https:\/\/i0.wp.com\/www.24baires.com\/wp-content\/uploads\/2014\/08\/rossi.jpg?resize=560%2C372\" alt=\"rossi\" width=\"560\" height=\"372\" srcset=\"https:\/\/i0.wp.com\/www.24baires.com\/wp-content\/uploads\/2014\/08\/rossi.jpg?w=560 560w, https:\/\/i0.wp.com\/www.24baires.com\/wp-content\/uploads\/2014\/08\/rossi.jpg?resize=300%2C199 300w\" sizes=\"auto, (max-width: 560px) 100vw, 560px\" \/>El ministro de Defensa y precandidato a la presidencia por el Frente para la Victoria (FpV), Agust\u00edn Rossi, dijo que con los gobiernos de N\u00e9stor y Cristina Kirchner se \u00abterminaron las democracias light, de bajas calor\u00edas\u00bb, a poco de la celebraci\u00f3n que se realizar\u00e1 hoy en Plaza de Mayo para festejar 31 a\u00f1os ininterrumpidos de gobiernos democr\u00e1ticos.<!--more--><\/p>\n<p>Rossi se refiri\u00f3 as\u00ed en su cuenta de Twitter donde remarc\u00f3 que hoy \u00abes un d\u00eda muy importante\u00bb porque se pondr\u00e1n en valor, adem\u00e1s, los \u00ab11 a\u00f1os m\u00e1s inclusivos\u00bb de este sistema de gobierno.<\/p>\n<p>Asimismo, afirm\u00f3 que \u00abdurante a\u00f1os la democracia argentina convivi\u00f3 con modelos econ\u00f3micos que exclu\u00edan a las mayor\u00edas, condenando a los argentinos a la desocupaci\u00f3n y la pobreza\u00bb y que desde el a\u00f1o 2003 \u00abse pudo lograr una democracia que va m\u00e1s all\u00e1 de una mera formalidad institucional\u00bb porque \u00abse materializa en pol\u00edticas p\u00fablicas que, sistem\u00e1ticamente, ampl\u00edan los derechos ciudadanos\u00bb.<\/p>\n<p>\u00abEn esta Argentina, democracia y derechos humanos van de la mano. Creemos en una democracia de alta intensidad, donde el pueblo participe activamente buscando ampliar derechos, evitando que sectores minoritarios pretendan arrebatarle las conquistas logradas\u00bb, finaliz\u00f3 Rossi.<\/p>\n<p>&nbsp;<\/p>\n<p>&nbsp;<\/p>\n<p>&nbsp;<\/p>\n<p>&nbsp;<\/p>\n<p>&nbsp;<\/p>\n<p>&nbsp;<\/p>\n<p>&nbsp;<\/p>\n<p>&nbsp;<\/p>\n<p>&nbsp;<\/p>\n<p>&nbsp;<\/p>\n<p>&nbsp;<\/p>\n<p>&nbsp;<\/p>\n<p>&nbsp;<\/p>\n","protected":false},"excerpt":{"rendered":"<p>El ministro de Defensa y precandidato a la presidencia por el Frente para la Victoria (FpV), Agust\u00edn Rossi, dijo que con los gobiernos de N\u00e9stor y Cristina Kirchner se \u00abterminaron las democracias light, de bajas calor\u00edas\u00bb, a poco de la celebraci\u00f3n que se realizar\u00e1 hoy en Plaza de Mayo para festejar 31 a\u00f1os ininterrumpidos de gobiernos democr\u00e1ticos.<\/p>\n","protected":false},"author":8,"featured_media":0,"comment_status":"open","ping_status":"open","sticky":false,"template":"","format":"standard","meta":{"_jetpack_newsletter_access":"","_jetpack_dont_email_post_to_subs":false,"_jetpack_newsletter_tier_id":0,"_jetpack_memberships_contains_paywalled_content":false,"_jetpack_memberships_contains_paid_content":false,"footnotes":""},"categories":[51],"tags":[],"class_list":["post-58553","post","type-post","status-publish","format-standard","hentry","category-politica"],"jetpack_shortlink":"https:\/\/wp.me\/p2JWE0-fep","jetpack-related-posts":[{"id":49329,"url":"http:\/\/www.24baires.com\/?p=49329","url_meta":{"origin":58553,"position":0},"title":"\u00abLa Argentina est\u00e1 sometida a la faceta m\u00e1s feroz del capitalismo financiero\u00bb","author":"AF","date":"05\/07\/2014","format":false,"excerpt":"El ministro de Defensa habl\u00f3 en el marco del III Congreso Internacional de Educaci\u00f3n, Democracia y Juventudes Militantes que se realiza en la ciudad de La Banda, distante a 8 kil\u00f3metros de la capital santiague\u00f1a. \"La Argentina est\u00e1 sometida a la faceta m\u00e1s feroz del capitalismo financiero, un pa\u00eds como\u2026","rel":"","context":"En \u00abPol\u00edtica\u00bb","block_context":{"text":"Pol\u00edtica","link":"http:\/\/www.24baires.com\/?cat=51"},"img":{"alt_text":"rossi chivo","src":"https:\/\/i0.wp.com\/www.24baires.com\/wp-content\/uploads\/2012\/09\/rossi-chivo.jpg?resize=350%2C200","width":350,"height":200,"srcset":"https:\/\/i0.wp.com\/www.24baires.com\/wp-content\/uploads\/2012\/09\/rossi-chivo.jpg?resize=350%2C200 1x, https:\/\/i0.wp.com\/www.24baires.com\/wp-content\/uploads\/2012\/09\/rossi-chivo.jpg?resize=525%2C300 1.5x"},"classes":[]},{"id":41330,"url":"http:\/\/www.24baires.com\/?p=41330","url_meta":{"origin":58553,"position":1},"title":"Rossi: \u00abEl discurso de Cristina marcar\u00e1, sin dudas, la agenda pol\u00edtica venidera\u00bb","author":"Grupo Sierra","date":"01\/03\/2014","format":false,"excerpt":"El ministro de Defensa afirm\u00f3 que en estos a\u00f1os la Presidenta \u201cle agreg\u00f3 discursos profundos, que marcar\u00edan la agenda pol\u00edtica con definiciones fuertes para la coyuntura y el mediano plazo\", al tiempo que record\u00f3 que N\u00e9stor Kirchner \u201cle asign\u00f3 mayor volumen pol\u00edtico al hecho\u201d. Rossi afirm\u00f3 que el discurso de\u2026","rel":"","context":"En \u00abPol\u00edtica\u00bb","block_context":{"text":"Pol\u00edtica","link":"http:\/\/www.24baires.com\/?cat=51"},"img":{"alt_text":"rossi chivo","src":"https:\/\/i0.wp.com\/www.24baires.com\/wp-content\/uploads\/2012\/09\/rossi-chivo.jpg?resize=350%2C200","width":350,"height":200,"srcset":"https:\/\/i0.wp.com\/www.24baires.com\/wp-content\/uploads\/2012\/09\/rossi-chivo.jpg?resize=350%2C200 1x, https:\/\/i0.wp.com\/www.24baires.com\/wp-content\/uploads\/2012\/09\/rossi-chivo.jpg?resize=525%2C300 1.5x"},"classes":[]},{"id":36832,"url":"http:\/\/www.24baires.com\/?p=36832","url_meta":{"origin":58553,"position":2},"title":"Rossi aclar\u00f3 que las Fuerzas Armadas deben \u00abser parte de un proyecto nacional\u00bb","author":"Grupo Sierra","date":"14\/12\/2013","format":false,"excerpt":"El ministro de Defensa encabez\u00f3 el acto de fin de ciclo lectivo en la Escuela de Suboficiales Sargento Cabral, de la que egresaron 775 alumnos y llam\u00f3 a protagonizar el proyecto de Naci\u00f3n. \"Despu\u00e9s de 30 a\u00f1os de democracia, debemos proyectar las fuerzas armadas para las pr\u00f3ximas d\u00e9cadas, que deben\u2026","rel":"","context":"En \u00abSociedad\u00bb","block_context":{"text":"Sociedad","link":"http:\/\/www.24baires.com\/?cat=1"},"img":{"alt_text":"Rossi","src":"https:\/\/i0.wp.com\/www.24baires.com\/wp-content\/uploads\/2013\/08\/Rossi.jpg?resize=350%2C200","width":350,"height":200},"classes":[]},{"id":120266,"url":"http:\/\/www.24baires.com\/?p=120266","url_meta":{"origin":58553,"position":3},"title":"El Gasoducto N\u00e9stor Kirchner es la mayor obra energ\u00e9tica en 30 a\u00f1os","author":"GB","date":"10\/07\/2023","format":false,"excerpt":"Con la esperada foto de unidad, Cristina, Massa, Alberto y Rossi inauguraron la obra energ\u00e9tica m\u00e1s imponente e importante de las \u00faltimas d\u00e9cadas: el gasoducto presidente N\u00e9stor Kirchner. El presidente Alberto Fern\u00e1ndez, la vicepresidenta Cristina Fern\u00e1ndez de Kirchner y el ministro de Econom\u00eda y precandidato presidencial de Uni\u00f3n por la\u2026","rel":"","context":"En \u00abPol\u00edtica\u00bb","block_context":{"text":"Pol\u00edtica","link":"http:\/\/www.24baires.com\/?cat=51"},"img":{"alt_text":"","src":"https:\/\/i0.wp.com\/www.24baires.com\/wp-content\/uploads\/2023\/07\/gasoducto.jpeg?resize=350%2C200","width":350,"height":200,"srcset":"https:\/\/i0.wp.com\/www.24baires.com\/wp-content\/uploads\/2023\/07\/gasoducto.jpeg?resize=350%2C200 1x, https:\/\/i0.wp.com\/www.24baires.com\/wp-content\/uploads\/2023\/07\/gasoducto.jpeg?resize=525%2C300 1.5x, https:\/\/i0.wp.com\/www.24baires.com\/wp-content\/uploads\/2023\/07\/gasoducto.jpeg?resize=700%2C400 2x, https:\/\/i0.wp.com\/www.24baires.com\/wp-content\/uploads\/2023\/07\/gasoducto.jpeg?resize=1050%2C600 3x"},"classes":[]},{"id":61335,"url":"http:\/\/www.24baires.com\/?p=61335","url_meta":{"origin":58553,"position":4},"title":"Rossi destac\u00f3 que \u00abla relaci\u00f3n con China garantizar\u00e1 financiamiento\u00bb","author":"Grupo Sierra","date":"05\/02\/2015","format":false,"excerpt":"El ministro de Defensa se\u00f1al\u00f3 que el viaje de la presidenta Cristina Fern\u00e1ndez de Kirchner a la Rep\u00fablica Popular China \"es muy importante para el crecimiento econ\u00f3mico de la Argentina y el fortalecimiento de una relaci\u00f3n bilateral\". Agust\u00edn Rossi destac\u00f3 que la gira oficial, que termin\u00f3 hoy y dej\u00f3 22\u2026","rel":"","context":"En \u00abSociedad\u00bb","block_context":{"text":"Sociedad","link":"http:\/\/www.24baires.com\/?cat=1"},"img":{"alt_text":"rossi_6","src":"https:\/\/i0.wp.com\/www.24baires.com\/wp-content\/uploads\/2014\/12\/rossi_6.jpg?resize=350%2C200","width":350,"height":200,"srcset":"https:\/\/i0.wp.com\/www.24baires.com\/wp-content\/uploads\/2014\/12\/rossi_6.jpg?resize=350%2C200 1x, https:\/\/i0.wp.com\/www.24baires.com\/wp-content\/uploads\/2014\/12\/rossi_6.jpg?resize=525%2C300 1.5x"},"classes":[]},{"id":57180,"url":"http:\/\/www.24baires.com\/?p=57180","url_meta":{"origin":58553,"position":5},"title":"Scioli, Urribarri y Rossi homenajearon juntos a N\u00e9stor Kirchner en La Matanza","author":"AF","date":"15\/11\/2014","format":false,"excerpt":"Los precandidatos a presidente del Frente para la Victoria Daniel Scioli, Sergio Urribarri y Agust\u00edn Rossi homenajearon al ex presidente N\u00e9stor Kirchner en el acto por el D\u00eda del Militante Peronista que compartieron en La Matanza. Convocados por el titular del PJ Bonaerense, Fernando Espinoza, Scioli, Urribarri y Rossi recordaron\u2026","rel":"","context":"En \u00abPol\u00edtica\u00bb","block_context":{"text":"Pol\u00edtica","link":"http:\/\/www.24baires.com\/?cat=51"},"img":{"alt_text":"peronismo","src":"https:\/\/i0.wp.com\/www.24baires.com\/wp-content\/uploads\/2014\/11\/peronismo-300x199.jpg?resize=350%2C200","width":350,"height":200},"classes":[]}],"jetpack_sharing_enabled":true,"jetpack_likes_enabled":true,"jetpack_featured_media_url":"","_links":{"self":[{"href":"http:\/\/www.24baires.com\/index.php?rest_route=\/wp\/v2\/posts\/58553","targetHints":{"allow":["GET"]}}],"collection":[{"href":"http:\/\/www.24baires.com\/index.php?rest_route=\/wp\/v2\/posts"}],"about":[{"href":"http:\/\/www.24baires.com\/index.php?rest_route=\/wp\/v2\/types\/post"}],"author":[{"embeddable":true,"href":"http:\/\/www.24baires.com\/index.php?rest_route=\/wp\/v2\/users\/8"}],"replies":[{"embeddable":true,"href":"http:\/\/www.24baires.com\/index.php?rest_route=%2Fwp%2Fv2%2Fcomments&post=58553"}],"version-history":[{"count":1,"href":"http:\/\/www.24baires.com\/index.php?rest_route=\/wp\/v2\/posts\/58553\/revisions"}],"predecessor-version":[{"id":58554,"href":"http:\/\/www.24baires.com\/index.php?rest_route=\/wp\/v2\/posts\/58553\/revisions\/58554"}],"wp:attachment":[{"href":"http:\/\/www.24baires.com\/index.php?rest_route=%2Fwp%2Fv2%2Fmedia&parent=58553"}],"wp:term":[{"taxonomy":"category","embeddable":true,"href":"http:\/\/www.24baires.com\/index.php?rest_route=%2Fwp%2Fv2%2Fcategories&post=58553"},{"taxonomy":"post_tag","embeddable":true,"href":"http:\/\/www.24baires.com\/index.php?rest_route=%2Fwp%2Fv2%2Ftags&post=58553"}],"curies":[{"name":"wp","href":"https:\/\/api.w.org\/{rel}","templated":true}]}}