{"id":58547,"date":"2014-12-12T21:00:30","date_gmt":"2014-12-13T00:00:30","guid":{"rendered":"http:\/\/www.24baires.com\/?p=58547"},"modified":"2014-12-13T09:56:53","modified_gmt":"2014-12-13T12:56:53","slug":"cristina-destaco-la-reduccion-del-desempleo-juvenil-en-argentina","status":"publish","type":"post","link":"http:\/\/www.24baires.com\/?p=58547","title":{"rendered":"Cristina destac\u00f3 la reducci\u00f3n del desempleo juvenil en Argentina"},"content":{"rendered":"<p><img data-recalc-dims=\"1\" loading=\"lazy\" decoding=\"async\" class=\"aligncenter size-full wp-image-53364\" src=\"https:\/\/i0.wp.com\/www.24baires.com\/wp-content\/uploads\/2014\/09\/cristina1.jpg?resize=560%2C373\" alt=\"cristina\" width=\"560\" height=\"373\" srcset=\"https:\/\/i0.wp.com\/www.24baires.com\/wp-content\/uploads\/2014\/09\/cristina1.jpg?w=560 560w, https:\/\/i0.wp.com\/www.24baires.com\/wp-content\/uploads\/2014\/09\/cristina1.jpg?resize=300%2C199 300w\" sizes=\"auto, (max-width: 560px) 100vw, 560px\" \/>La presidenta Cristina Fern\u00e1ndez de Kirchner se refiri\u00f3, a trav\u00e9s de su cuenta oficial en la red social Twitter, a un informe del Banco Mundial que ubica a Argentina como el pa\u00eds de mejor desempe\u00f1o en los \u00faltimos 12 a\u00f1os respecto de la reducci\u00f3n del desempleo juvenil y se pregunt\u00f3 si ese trabajo ser\u00e1 reproducido en los medios de comunicaci\u00f3n ma\u00f1ana.<!--more--><\/p>\n<p>\u201cAcabo de leer informe del Banco Mundial sobre indicadores de desempleo juvenil. Sobre un conjunto de 32 pa\u00edses, entre los cuales est\u00e1n incluidos todos los que conforman el G-20, Argentina, nuestro pa\u00eds, tuvo el mejor desempe\u00f1o en la reducci\u00f3n de \u00e9ste verdadero flagelo: j\u00f3venes desocupados\u201d, escribi\u00f3 la mandataria.<\/p>\n<p>\u201cEl informe analiza los \u00edndices del a\u00f1o 2002 al 2014, y en ese per\u00edodo Argentina figura al tope de la reducci\u00f3n con el 58,89%. Pr\u00e1cticamente un 59% de reducci\u00f3n de la tasa de desempleo juvenil. Y tambi\u00e9n uno de los pa\u00edses con menor tasa de desempleo juvenil: 14,10%.\u201d, continu\u00f3.<\/p>\n<p>Finalmente se pregunt\u00f3: \u201c\u00bfTe parece que ma\u00f1ana ser\u00e1 tapa de alg\u00fan diario? \u00bfU ocupar\u00e1 un espacio central en los noticieros?\u201d<\/p>\n<p>&nbsp;<\/p>\n<p>&nbsp;<\/p>\n<p>&nbsp;<\/p>\n<p>&nbsp;<\/p>\n<p>&nbsp;<\/p>\n<p>&nbsp;<\/p>\n<p>&nbsp;<\/p>\n<p>&nbsp;<\/p>\n<p>&nbsp;<\/p>\n<p>&nbsp;<\/p>\n","protected":false},"excerpt":{"rendered":"<p>La presidenta Cristina Fern\u00e1ndez de Kirchner se refiri\u00f3, a trav\u00e9s de su cuenta oficial en la red social Twitter, a un informe del Banco Mundial que ubica a Argentina como el pa\u00eds de mejor desempe\u00f1o en los \u00faltimos 12 a\u00f1os respecto de la reducci\u00f3n del desempleo juvenil y se pregunt\u00f3 si ese trabajo ser\u00e1 reproducido en los medios de comunicaci\u00f3n [&#8230;]<\/p>\n","protected":false},"author":8,"featured_media":0,"comment_status":"open","ping_status":"open","sticky":false,"template":"","format":"standard","meta":{"_jetpack_newsletter_access":"","_jetpack_dont_email_post_to_subs":false,"_jetpack_newsletter_tier_id":0,"_jetpack_memberships_contains_paywalled_content":false,"_jetpack_memberships_contains_paid_content":false,"footnotes":""},"categories":[51],"tags":[],"class_list":["post-58547","post","type-post","status-publish","format-standard","hentry","category-politica"],"jetpack_shortlink":"https:\/\/wp.me\/p2JWE0-fej","jetpack-related-posts":[{"id":39044,"url":"http:\/\/www.24baires.com\/?p=39044","url_meta":{"origin":58547,"position":0},"title":"Capitanich sobre Progresar: \u00abEste programa es un proyecto de vida\u00bb","author":"Grupo Sierra","date":"23\/01\/2014","format":false,"excerpt":"El jefe de Gabinete, Jorge Capitanich, destac\u00f3 esta ma\u00f1ana el programa lanzado ayer por la presidenta Cristina Fern\u00e1ndez de Kirchner y destac\u00f3 que beneficiar\u00e1 a 1,5 millones de j\u00f3venes de entre 18 y 24 a\u00f1os. El jefe de Gabinete, Jorge Capitanich, destac\u00f3 esta ma\u00f1ana el programa Progresar, lanzado ayer por\u2026","rel":"","context":"En \u00abGeneral\u00bb","block_context":{"text":"General","link":"http:\/\/www.24baires.com\/?cat=67"},"img":{"alt_text":"cristina - capitanich","src":"https:\/\/i0.wp.com\/www.24baires.com\/wp-content\/uploads\/2014\/01\/cristina-capitanich.jpg?resize=350%2C200","width":350,"height":200,"srcset":"https:\/\/i0.wp.com\/www.24baires.com\/wp-content\/uploads\/2014\/01\/cristina-capitanich.jpg?resize=350%2C200 1x, https:\/\/i0.wp.com\/www.24baires.com\/wp-content\/uploads\/2014\/01\/cristina-capitanich.jpg?resize=525%2C300 1.5x"},"classes":[]},{"id":115433,"url":"http:\/\/www.24baires.com\/?p=115433","url_meta":{"origin":58547,"position":1},"title":"Seg\u00fan el Indec, el desempleo subi\u00f3 un 10,4%","author":"AF","date":"23\/06\/2020","format":false,"excerpt":"Es el nivel m\u00e1s alto desde 2006. El INDEC inform\u00f3 tambi\u00e9n que el Producto Bruto Interno (PBI) retrocedi\u00f3 5,4% durante los primeros tres meses de este 2020. El desempleo subi\u00f3 hasta el 10,4% durante el primer trimestre de 2020, inform\u00f3 este martes el Instituto Nacional de Estad\u00edstica y Censos (Indec).\u2026","rel":"","context":"En \u00abLocales\u00bb","block_context":{"text":"Locales","link":"http:\/\/www.24baires.com\/?cat=38"},"img":{"alt_text":"","src":"https:\/\/i0.wp.com\/www.24baires.com\/wp-content\/uploads\/2013\/02\/indec.jpg?resize=350%2C200","width":350,"height":200},"classes":[]},{"id":116456,"url":"http:\/\/www.24baires.com\/?p=116456","url_meta":{"origin":58547,"position":2},"title":"El FMI dijo que Argentina caer\u00e1 este a\u00f1o y repuntar\u00e1 en 2021","author":"AF","date":"13\/10\/2020","format":false,"excerpt":"El FMI prev\u00e9 que la econom\u00eda argentina caer\u00e1 este a\u00f1o 11,8% y repuntar\u00e1 4,9% en 2021. El Fondo Monetario Internacional (FMI) vaticin\u00f3 hoy que la econom\u00eda argentina caer\u00e1 este a\u00f1o un 11,8% y repuntar\u00e1 el 4,9% durante 2021. As\u00ed lo indic\u00f3 en el Informe de Perspectivas Econ\u00f3micas (WEO, por sus\u2026","rel":"","context":"En \u00abEconom\u00eda\u00bb","block_context":{"text":"Econom\u00eda","link":"http:\/\/www.24baires.com\/?cat=45"},"img":{"alt_text":"","src":"https:\/\/i0.wp.com\/www.24baires.com\/wp-content\/uploads\/2019\/08\/fmi.jpg?resize=350%2C200","width":350,"height":200,"srcset":"https:\/\/i0.wp.com\/www.24baires.com\/wp-content\/uploads\/2019\/08\/fmi.jpg?resize=350%2C200 1x, https:\/\/i0.wp.com\/www.24baires.com\/wp-content\/uploads\/2019\/08\/fmi.jpg?resize=525%2C300 1.5x"},"classes":[]},{"id":112491,"url":"http:\/\/www.24baires.com\/?p=112491","url_meta":{"origin":58547,"position":3},"title":"El Banco Mundial indic\u00f3 que Argentina fue el pa\u00eds que m\u00e1s se endeud\u00f3","author":"AF","date":"14\/10\/2019","format":false,"excerpt":"El informe sobre Estad\u00edsticas de la deuda internacional del BM estim\u00f3 que el gobierno de Macri, el a\u00f1o pasado, aument\u00f3 19 por ciento el stock, liderando as\u00ed el ranking de pa\u00edses que m\u00e1s deuda externa sum\u00f3. El Banco Mundial estim\u00f3 que Argentina fue el pa\u00eds que m\u00e1s se endeud\u00f3 en\u2026","rel":"","context":"En \u00abEconom\u00eda\u00bb","block_context":{"text":"Econom\u00eda","link":"http:\/\/www.24baires.com\/?cat=45"},"img":{"alt_text":"","src":"https:\/\/i0.wp.com\/www.24baires.com\/wp-content\/uploads\/2019\/08\/macri.png?resize=350%2C200","width":350,"height":200,"srcset":"https:\/\/i0.wp.com\/www.24baires.com\/wp-content\/uploads\/2019\/08\/macri.png?resize=350%2C200 1x, https:\/\/i0.wp.com\/www.24baires.com\/wp-content\/uploads\/2019\/08\/macri.png?resize=525%2C300 1.5x"},"classes":[]},{"id":106282,"url":"http:\/\/www.24baires.com\/?p=106282","url_meta":{"origin":58547,"position":4},"title":"Argentina se posicion\u00f3 entre los pa\u00edses m\u00e1s recesivos del mundo","author":"AF","date":"09\/01\/2019","format":false,"excerpt":"El Banco Mundial ubic\u00f3 a la econom\u00eda nacional como una de las m\u00e1s recesivas del planeta con una baja del PIB del 2,8 por ciento el \u00faltimo a\u00f1o. Venezuela, Guinea Ecuatorial y Nicaragua ocupan los peores puestos. Para este a\u00f1o, anticipa otra baja del 1,7. El Banco Mundial estima que\u2026","rel":"","context":"En \u00abEconom\u00eda\u00bb","block_context":{"text":"Econom\u00eda","link":"http:\/\/www.24baires.com\/?cat=45"},"img":{"alt_text":"","src":"https:\/\/i0.wp.com\/www.24baires.com\/wp-content\/uploads\/2017\/06\/pobreza.jpg?resize=350%2C200","width":350,"height":200,"srcset":"https:\/\/i0.wp.com\/www.24baires.com\/wp-content\/uploads\/2017\/06\/pobreza.jpg?resize=350%2C200 1x, https:\/\/i0.wp.com\/www.24baires.com\/wp-content\/uploads\/2017\/06\/pobreza.jpg?resize=525%2C300 1.5x"},"classes":[]},{"id":40098,"url":"http:\/\/www.24baires.com\/?p=40098","url_meta":{"origin":58547,"position":5},"title":"Argentina, Brasil y Uruguay lideran la reducci\u00f3n de la mortalidad infantil","author":"Grupo Sierra","date":"08\/02\/2014","format":false,"excerpt":"Los tres pa\u00edses son los que lograron reducir mayormente el indicador en la \u00faltima d\u00e9cada\u00b7 Un informe del GEENaP indica que los tres pa\u00edses son los que m\u00e1s lograron reducir el indicador en la \u00faltima d\u00e9cada Un informe del Grupo de Estudios de Econom\u00eda Nacional y Popular (GEENaP), realizado en\u2026","rel":"","context":"En \u00abSociedad\u00bb","block_context":{"text":"Sociedad","link":"http:\/\/www.24baires.com\/?cat=1"},"img":{"alt_text":"mortalidad-derf","src":"https:\/\/i0.wp.com\/www.24baires.com\/wp-content\/uploads\/2014\/02\/mortalidad-derf-300x145.jpg?resize=350%2C200","width":350,"height":200},"classes":[]}],"jetpack_sharing_enabled":true,"jetpack_likes_enabled":true,"jetpack_featured_media_url":"","_links":{"self":[{"href":"http:\/\/www.24baires.com\/index.php?rest_route=\/wp\/v2\/posts\/58547","targetHints":{"allow":["GET"]}}],"collection":[{"href":"http:\/\/www.24baires.com\/index.php?rest_route=\/wp\/v2\/posts"}],"about":[{"href":"http:\/\/www.24baires.com\/index.php?rest_route=\/wp\/v2\/types\/post"}],"author":[{"embeddable":true,"href":"http:\/\/www.24baires.com\/index.php?rest_route=\/wp\/v2\/users\/8"}],"replies":[{"embeddable":true,"href":"http:\/\/www.24baires.com\/index.php?rest_route=%2Fwp%2Fv2%2Fcomments&post=58547"}],"version-history":[{"count":1,"href":"http:\/\/www.24baires.com\/index.php?rest_route=\/wp\/v2\/posts\/58547\/revisions"}],"predecessor-version":[{"id":58548,"href":"http:\/\/www.24baires.com\/index.php?rest_route=\/wp\/v2\/posts\/58547\/revisions\/58548"}],"wp:attachment":[{"href":"http:\/\/www.24baires.com\/index.php?rest_route=%2Fwp%2Fv2%2Fmedia&parent=58547"}],"wp:term":[{"taxonomy":"category","embeddable":true,"href":"http:\/\/www.24baires.com\/index.php?rest_route=%2Fwp%2Fv2%2Fcategories&post=58547"},{"taxonomy":"post_tag","embeddable":true,"href":"http:\/\/www.24baires.com\/index.php?rest_route=%2Fwp%2Fv2%2Ftags&post=58547"}],"curies":[{"name":"wp","href":"https:\/\/api.w.org\/{rel}","templated":true}]}}