{"id":58540,"date":"2014-12-12T19:30:02","date_gmt":"2014-12-12T22:30:02","guid":{"rendered":"http:\/\/www.24baires.com\/?p=58540"},"modified":"2014-12-12T19:22:35","modified_gmt":"2014-12-12T22:22:35","slug":"anibal-fernandez-pidio-evaluar-la-capacidad-psicofisica-de-fayt","status":"publish","type":"post","link":"http:\/\/www.24baires.com\/?p=58540","title":{"rendered":"An\u00edbal Fern\u00e1ndez pidi\u00f3 \u00abevaluar la capacidad psicof\u00edsica\u00bb de Fayt"},"content":{"rendered":"<p><img data-recalc-dims=\"1\" loading=\"lazy\" decoding=\"async\" class=\"aligncenter size-full wp-image-5267\" src=\"https:\/\/i0.wp.com\/www.24baires.com\/wp-content\/uploads\/2012\/11\/fern%C3%A1ndez-an%C3%ADbal2.jpg?resize=560%2C361\" alt=\"fern\u00e1ndez an\u00edbal2\" width=\"560\" height=\"361\" srcset=\"https:\/\/i0.wp.com\/www.24baires.com\/wp-content\/uploads\/2012\/11\/fern%C3%A1ndez-an%C3%ADbal2.jpg?w=560 560w, https:\/\/i0.wp.com\/www.24baires.com\/wp-content\/uploads\/2012\/11\/fern%C3%A1ndez-an%C3%ADbal2.jpg?resize=300%2C193 300w\" sizes=\"auto, (max-width: 560px) 100vw, 560px\" \/>El senador solicit\u00f3 la apertura de un proceso de investigaci\u00f3n sobre el juez de la Corte en pos de \u00abverificar que no se encuentre inmerso en la causal de mal desempe\u00f1o de sus funciones\u00bb.<!--more--><\/p>\n<p>El senador Anibal Fern\u00e1ndez solicit\u00f3 hoy la apertura de un proceso de investigaci\u00f3n sobre el juez de la Corte Suprema Carlos Fayt en pos de evaluar su \u00abcapacidad psicof\u00edsica actual\u00bb, para \u00abverificar que el referido magistrado no se encuentre inmerso en la causal de mal desempe\u00f1o de sus funciones, producida por la posible disminuci\u00f3n de su capacidad en virtud de su avanzada edad\u00bb.<\/p>\n<p>En un petitorio enviado al presidente de la C\u00e1mara de Diputados, Juli\u00e1n Dom\u00ednguez, y al que tuvo acceso T\u00e9lam, Fern\u00e1ndez aclar\u00f3 que \u00abel prop\u00f3sito no es el castigo del Dr. Fayt, quien ha demostrado con creces su compromiso con la funci\u00f3n judicial, sino la protecci\u00f3n del inter\u00e9s y bien p\u00fablico\u00bb, ya que \u00abla presunci\u00f3n de inasistencias reiteradas del lugar de trabajo no comporta una conducta compatible con el normal desempe\u00f1o de su funci\u00f3n\u00bb.<\/p>\n<p>En ese sentido, y al recordar que el ministro de la Corte tiene 96 a\u00f1os, cit\u00f3 \u00abla cl\u00e1usula del Art\u00edculo 99 inciso 4\u00b0 tercer p\u00e1rrafo, incorporada por la reforma constitucional de 1994, para garantizar el objetivo de idoneidad que persigue\u00bb.<\/p>\n<p>Dicha cl\u00e1usula sostiene que \u00abun nuevo nombramiento (de un nuevo miembro de la Corte), precedido de igual acuerdo, ser\u00e1 necesario para mantener en el cargo a cualquiera de esos magistrados, una vez que cumplan la edad de setenta y cinco a\u00f1os. Todos los nombramientos de magistrados cuya edad sea la indicada o mayor se har\u00e1n por cinco a\u00f1os, y podr\u00e1n ser repetidos indefinidamente, por el mismo tr\u00e1mite\u00bb.<\/p>\n<p>En ese sentido, Fern\u00e1ndez solicit\u00f3 la intervenci\u00f3n de la Comisi\u00f3n de Juicio Pol\u00edtico a fin de que se \u00abinvestigue y eval\u00fae la situaci\u00f3n\u00bb de Fayt \u00abcon relaci\u00f3n a lo prescripto por el Art\u00edculo 99 inciso 4\u00b0 p\u00e1rrafo tercero de la Constituci\u00f3n Nacional, adoptando las medidas que para su aplicaci\u00f3n considere pertinentes\u00bb.<\/p>\n<p>Adem\u00e1s, que se \u00abefect\u00faen las pericias necesarias y los dem\u00e1s medios probatorios fijados por el Reglamento de la Comisi\u00f3n de Juicio Pol\u00edtico que resulten necesarios para determinar si el Dr. Fayt posee capacidad psicof\u00edsica para cumplir diligentemente con sus tareas jurisdiccionales\u00bb.<\/p>\n<p>Esto, \u00abtomando en consideraci\u00f3n la gran cantidad de causas que ingresan diariamente ante el M\u00e1ximo Tribunal, \u00faltima instancia de juzgamiento en el orden nacional, y la relevancia inherente al cargo que ocupa\u00bb.<\/p>\n<p>El pedido es previo a \u00abla formalizaci\u00f3n del pedido de juicio pol\u00edtico que pudiera surgir del an\u00e1lisis de las consideraciones precedentes y a los efectos de fundamentar su viabilidad\u00bb.<\/p>\n<p>Cuatro d\u00edas atr\u00e1s, el diputado nacional Carlos Raimundi present\u00f3 un pedido similar a la presidenta de la Comisi\u00f3n de Juicio Pol\u00edtico de la C\u00e1mara Baja, Adela Segarra, \u00abpara que se analice, a trav\u00e9s de medidas preliminares, si est\u00e1n dadas todas las condiciones para el pleno ejercicio de las funciones\u00bb del juez de la Corte Suprema de Justicia.<\/p>\n<p>En ese entonces distintos medios de comunicaci\u00f3n hab\u00edan informado falsamente -incluso, por una imposibilidad legal- que el diputado hab\u00eda realizado un pedido de juicio pol\u00edtico, pero este \u00abes muy delicado, y tiene que tener un an\u00e1lisis institucional: no es una cosa que se pueda plantear livianamente\u00bb, sostuvo en di\u00e1logo con T\u00e9lam.<\/p>\n<p>&nbsp;<\/p>\n<p>&nbsp;<\/p>\n<p>&nbsp;<\/p>\n<p>&nbsp;<\/p>\n<p>&nbsp;<\/p>\n<p>&nbsp;<\/p>\n<p>&nbsp;<\/p>\n<p>&nbsp;<\/p>\n<p>&nbsp;<\/p>\n<p>&nbsp;<\/p>\n<p>&nbsp;<\/p>\n<p>&nbsp;<\/p>\n<p>&nbsp;<\/p>\n<p>&nbsp;<\/p>\n<p>&nbsp;<\/p>\n<p>&nbsp;<\/p>\n<p>&nbsp;<\/p>\n","protected":false},"excerpt":{"rendered":"<p>El senador solicit\u00f3 la apertura de un proceso de investigaci\u00f3n sobre el juez de la Corte en pos de \u00abverificar que no se encuentre inmerso en la causal de mal desempe\u00f1o de sus funciones\u00bb.<\/p>\n","protected":false},"author":8,"featured_media":0,"comment_status":"open","ping_status":"open","sticky":false,"template":"","format":"standard","meta":{"_jetpack_newsletter_access":"","_jetpack_dont_email_post_to_subs":false,"_jetpack_newsletter_tier_id":0,"_jetpack_memberships_contains_paywalled_content":false,"_jetpack_memberships_contains_paid_content":false,"footnotes":""},"categories":[51],"tags":[],"class_list":["post-58540","post","type-post","status-publish","format-standard","hentry","category-politica"],"jetpack_shortlink":"https:\/\/wp.me\/p2JWE0-fec","jetpack-related-posts":[{"id":65803,"url":"http:\/\/www.24baires.com\/?p=65803","url_meta":{"origin":58540,"position":0},"title":"Aprueban investigaci\u00f3n de aptitudes psicof\u00edsicas de Fayt","author":"GB","date":"12\/05\/2015","format":false,"excerpt":"La Comisi\u00f3n de Juicio Pol\u00edtico de Diputados aprob\u00f3 esta noche que se inicie un proceso de investigaci\u00f3n para determinar si el ministro de la Corte Suprema de 97 a\u00f1os cuenta con aptitud psicol\u00f3gica y f\u00edsica para continuar ejerciendo ese cargo debido a su avanzada edad. Con el voto mayoritario del\u2026","rel":"","context":"En \u00abPol\u00edtica\u00bb","block_context":{"text":"Pol\u00edtica","link":"http:\/\/www.24baires.com\/?cat=51"},"img":{"alt_text":"","src":"https:\/\/i0.wp.com\/www.24baires.com\/wp-content\/uploads\/2015\/05\/comision-juicio-politico.jpg?resize=350%2C200","width":350,"height":200,"srcset":"https:\/\/i0.wp.com\/www.24baires.com\/wp-content\/uploads\/2015\/05\/comision-juicio-politico.jpg?resize=350%2C200 1x, https:\/\/i0.wp.com\/www.24baires.com\/wp-content\/uploads\/2015\/05\/comision-juicio-politico.jpg?resize=525%2C300 1.5x"},"classes":[]},{"id":65752,"url":"http:\/\/www.24baires.com\/?p=65752","url_meta":{"origin":58540,"position":1},"title":"Fern\u00e1ndez remarc\u00f3 que la Constituci\u00f3n \u00abexige que se controle la idoneidad de los jueces\u00bb","author":"AF","date":"12\/05\/2015","format":false,"excerpt":"El jefe de Gabinete aclar\u00f3 que \u00e9l no est\u00e1 diciendo que \"Fayt no sea id\u00f3neo, sino que hay que ver si se perdi\u00f3 esa idoneidad en alg\u00fan momento\", teniendo en cuenta sus 97 a\u00f1os. \"Nosotros no tenemos m\u00e1s elementos de los que nos cuentan, el fundamento de la C\u00e1mara de\u2026","rel":"","context":"En \u00abJUDICIALES\u00bb","block_context":{"text":"JUDICIALES","link":"http:\/\/www.24baires.com\/?cat=68"},"img":{"alt_text":"fern\u00e1ndez an\u00edbal","src":"https:\/\/i0.wp.com\/www.24baires.com\/wp-content\/uploads\/2012\/12\/fern%C3%A1ndez-an%C3%ADbal.jpg?resize=350%2C200","width":350,"height":200,"srcset":"https:\/\/i0.wp.com\/www.24baires.com\/wp-content\/uploads\/2012\/12\/fern%C3%A1ndez-an%C3%ADbal.jpg?resize=350%2C200 1x, https:\/\/i0.wp.com\/www.24baires.com\/wp-content\/uploads\/2012\/12\/fern%C3%A1ndez-an%C3%ADbal.jpg?resize=525%2C300 1.5x"},"classes":[]},{"id":65816,"url":"http:\/\/www.24baires.com\/?p=65816","url_meta":{"origin":58540,"position":2},"title":"\u00abEs el Congreso el que eval\u00faa el estado de salud de Fayt\u00bb","author":"GB","date":"13\/05\/2015","format":false,"excerpt":"El jefe de Gabinete sostuvo hoy que \"no es el Gobierno el que est\u00e1 pidiendo nada, sino que el Congreso es el que eval\u00faa una nota presentada por un legislador\", referida a la posibilidad de realizar un juicio pol\u00edtico al magistrado. El funcionario formul\u00f3 las declaraciones al ingresar a la\u2026","rel":"","context":"En \u00abPol\u00edtica\u00bb","block_context":{"text":"Pol\u00edtica","link":"http:\/\/www.24baires.com\/?cat=51"},"img":{"alt_text":"anibal conferencia","src":"https:\/\/i0.wp.com\/www.24baires.com\/wp-content\/uploads\/2015\/04\/anibal-conferencia.jpg?resize=350%2C200","width":350,"height":200,"srcset":"https:\/\/i0.wp.com\/www.24baires.com\/wp-content\/uploads\/2015\/04\/anibal-conferencia.jpg?resize=350%2C200 1x, https:\/\/i0.wp.com\/www.24baires.com\/wp-content\/uploads\/2015\/04\/anibal-conferencia.jpg?resize=525%2C300 1.5x"},"classes":[]},{"id":66050,"url":"http:\/\/www.24baires.com\/?p=66050","url_meta":{"origin":58540,"position":3},"title":"An\u00edbal, seguro, reafirm\u00f3 que el FpV gana \u00aben primera o segunda vuelta\u00bb","author":"GB","date":"17\/05\/2015","format":false,"excerpt":"El jefe de Gabinete de Ministros An\u00edbal Fern\u00e1ndez, se mostr\u00f3 confiado en el triunfo del Frente para la Victoria en las elecciones de octubre, \u201cgana en primera o segunda vuelta\u201d indic\u00f3, al mismo tiempo que augur\u00f3 que la elecci\u00f3n \u201cse va a polarizar mucho con la derecha\u201d. \u201cLa elecci\u00f3n presidencial\u2026","rel":"","context":"En \u00abPol\u00edtica\u00bb","block_context":{"text":"Pol\u00edtica","link":"http:\/\/www.24baires.com\/?cat=51"},"img":{"alt_text":"anibal conferencia","src":"https:\/\/i0.wp.com\/www.24baires.com\/wp-content\/uploads\/2015\/04\/anibal-conferencia.jpg?resize=350%2C200","width":350,"height":200,"srcset":"https:\/\/i0.wp.com\/www.24baires.com\/wp-content\/uploads\/2015\/04\/anibal-conferencia.jpg?resize=350%2C200 1x, https:\/\/i0.wp.com\/www.24baires.com\/wp-content\/uploads\/2015\/04\/anibal-conferencia.jpg?resize=525%2C300 1.5x"},"classes":[]},{"id":65330,"url":"http:\/\/www.24baires.com\/?p=65330","url_meta":{"origin":58540,"position":4},"title":"Acusan de \u00abfalsedad inserta\u00bb a la Acordada de la Corte Suprema que reeligi\u00f3 a Lorenzetti","author":"AF","date":"05\/05\/2015","format":false,"excerpt":"El jefe de Gabinete, An\u00edbal Fern\u00e1ndez, acuso hoy de \u201cfalsedad inserta\u201d a la Acordada del m\u00e1ximo tribunal sobre la reelecci\u00f3n de su titular, Ricardo Lorenzetti, firmada por sus ministros, en la Sala de Acuerdos, con excepci\u00f3n de Carlos Fayt, que lo hizo en su domicilio particular. \"En las actas con\u2026","rel":"","context":"En \u00abDestacados\u00bb","block_context":{"text":"Destacados","link":"http:\/\/www.24baires.com\/?cat=39"},"img":{"alt_text":"fern\u00e1ndez an\u00edbal2","src":"https:\/\/i0.wp.com\/www.24baires.com\/wp-content\/uploads\/2012\/11\/fern%C3%A1ndez-an%C3%ADbal2.jpg?resize=350%2C200","width":350,"height":200,"srcset":"https:\/\/i0.wp.com\/www.24baires.com\/wp-content\/uploads\/2012\/11\/fern%C3%A1ndez-an%C3%ADbal2.jpg?resize=350%2C200 1x, https:\/\/i0.wp.com\/www.24baires.com\/wp-content\/uploads\/2012\/11\/fern%C3%A1ndez-an%C3%ADbal2.jpg?resize=525%2C300 1.5x"},"classes":[]},{"id":66560,"url":"http:\/\/www.24baires.com\/?p=66560","url_meta":{"origin":58540,"position":5},"title":"Diputados del FpV piden investigar a la Corte por falsedad ideol\u00f3gica","author":"GB","date":"26\/05\/2015","format":false,"excerpt":"El bloque de diputados nacionales del Frente para la Victoria present\u00f3 una nota ante la comisi\u00f3n de Juicio Pol\u00edtico de la c\u00e1mara baja mediante la cual pide que se investigue a los cuatro ministros de la Corte Suprema de Justicia por el presunto delito de falsedad ideol\u00f3gica en la firma\u2026","rel":"","context":"En \u00abPol\u00edtica\u00bb","block_context":{"text":"Pol\u00edtica","link":"http:\/\/www.24baires.com\/?cat=51"},"img":{"alt_text":"corte suprema","src":"https:\/\/i0.wp.com\/www.24baires.com\/wp-content\/uploads\/2014\/09\/corte-suprema.jpg?resize=350%2C200","width":350,"height":200,"srcset":"https:\/\/i0.wp.com\/www.24baires.com\/wp-content\/uploads\/2014\/09\/corte-suprema.jpg?resize=350%2C200 1x, https:\/\/i0.wp.com\/www.24baires.com\/wp-content\/uploads\/2014\/09\/corte-suprema.jpg?resize=525%2C300 1.5x"},"classes":[]}],"jetpack_sharing_enabled":true,"jetpack_likes_enabled":true,"jetpack_featured_media_url":"","_links":{"self":[{"href":"http:\/\/www.24baires.com\/index.php?rest_route=\/wp\/v2\/posts\/58540","targetHints":{"allow":["GET"]}}],"collection":[{"href":"http:\/\/www.24baires.com\/index.php?rest_route=\/wp\/v2\/posts"}],"about":[{"href":"http:\/\/www.24baires.com\/index.php?rest_route=\/wp\/v2\/types\/post"}],"author":[{"embeddable":true,"href":"http:\/\/www.24baires.com\/index.php?rest_route=\/wp\/v2\/users\/8"}],"replies":[{"embeddable":true,"href":"http:\/\/www.24baires.com\/index.php?rest_route=%2Fwp%2Fv2%2Fcomments&post=58540"}],"version-history":[{"count":1,"href":"http:\/\/www.24baires.com\/index.php?rest_route=\/wp\/v2\/posts\/58540\/revisions"}],"predecessor-version":[{"id":58541,"href":"http:\/\/www.24baires.com\/index.php?rest_route=\/wp\/v2\/posts\/58540\/revisions\/58541"}],"wp:attachment":[{"href":"http:\/\/www.24baires.com\/index.php?rest_route=%2Fwp%2Fv2%2Fmedia&parent=58540"}],"wp:term":[{"taxonomy":"category","embeddable":true,"href":"http:\/\/www.24baires.com\/index.php?rest_route=%2Fwp%2Fv2%2Fcategories&post=58540"},{"taxonomy":"post_tag","embeddable":true,"href":"http:\/\/www.24baires.com\/index.php?rest_route=%2Fwp%2Fv2%2Ftags&post=58540"}],"curies":[{"name":"wp","href":"https:\/\/api.w.org\/{rel}","templated":true}]}}