{"id":58504,"date":"2014-12-12T10:00:39","date_gmt":"2014-12-12T13:00:39","guid":{"rendered":"http:\/\/www.24baires.com\/?p=58504"},"modified":"2014-12-13T09:56:40","modified_gmt":"2014-12-13T12:56:40","slug":"la-elevacion-a-juicio-oral-de-boudou-es-parte-de-la-estrategia-judicial-de-hostigamiento","status":"publish","type":"post","link":"http:\/\/www.24baires.com\/?p=58504","title":{"rendered":"\u00abLa elevaci\u00f3n a juicio oral de Boudou es parte de la estrategia judicial de hostigamiento\u00bb"},"content":{"rendered":"<p><img data-recalc-dims=\"1\" loading=\"lazy\" decoding=\"async\" class=\"aligncenter size-full wp-image-53421\" src=\"https:\/\/i0.wp.com\/www.24baires.com\/wp-content\/uploads\/2014\/09\/capitanich-4.jpg?resize=560%2C313\" alt=\"capitanich 4\" width=\"560\" height=\"313\" srcset=\"https:\/\/i0.wp.com\/www.24baires.com\/wp-content\/uploads\/2014\/09\/capitanich-4.jpg?w=560 560w, https:\/\/i0.wp.com\/www.24baires.com\/wp-content\/uploads\/2014\/09\/capitanich-4.jpg?resize=300%2C167 300w\" sizes=\"auto, (max-width: 560px) 100vw, 560px\" \/>El jefe de Gabinete, Jorge Capitanich, enmarc\u00f3 hoy el hecho en el \u201cprincipio de acci\u00f3n y reacci\u00f3n\u201d y asegur\u00f3 que de ese ataque a los funcionarios tambi\u00e9n participan los grupos medi\u00e1ticos.<!--more--><\/p>\n<p>As\u00ed lo se\u00f1al\u00f3 esta ma\u00f1ana, en su habitual conferencia de prensa en la Casa de Gobierno, al ser consultado sobre la decisi\u00f3n adoptada ayer por el juez federal Claudio Bonadio, quien la semana pasada hab\u00eda recibido una sanci\u00f3n disciplinaria por parte del Consejo de la Magistratura en dos de las diez causas por presunto mal desempe\u00f1o que eval\u00faa en ese cuerpo.<\/p>\n<p>\u201cNo cabe la menor duda que existe un principio esencial de acci\u00f3n y reacci\u00f3n, y, en virtud de ello, observamos una estrategia judicial y medi\u00e1tica permanente de hostigamiento a funcionarios del gobierno, desde causas que se inventan hasta resoluciones judiciales carentes absolutamente de sentido y fundamento\u201d, asever\u00f3 el jefe de Gabinete.<\/p>\n<p>En este sentido, record\u00f3 que el propio secretario de Justicia de la Naci\u00f3n, Juli\u00e1n \u00c1lvarez, representante del Poder Ejecutivo en el Consejo de la Magistratura, hab\u00eda hablado de un \u201cescudo judicial y medi\u00e1tico\u201d en el marco del cual \u201cse experimenta un principio de acci\u00f3n y reacci\u00f3n\u201d por parte de determinados jueces en el marco de causas contra funcionarios del gobierno.<\/p>\n<p>\u201cEn el mismo momento en que el Consejo eleva una causa contra el juez, del mismo modo se experimenta un principio de acci\u00f3n y reacci\u00f3n desde el punto de vista de la evaluaci\u00f3n para el juicio oral de una causa asociada a un auto que involucra a un vicepresidente de la Naci\u00f3n\u201d, postul\u00f3 Capitanich en su di\u00e1logo con la prensa de esta ma\u00f1ana.<\/p>\n<p>Por otro lado, ante una consulta, el jefe de Gabinete entendi\u00f3 que tanto en las PASO como las elecciones generales del a\u00f1o pr\u00f3ximo \u00abse va a discutir sobre las propuestas de los candidatos\u00bb y plante\u00f3 que \u00abno debe existir ninguna injerencia de la cuesti\u00f3n de procesos de algunos funcionarios respecto al tenor de la campa\u00f1a pol\u00edtica\u00bb.<\/p>\n<p>Adem\u00e1s, afirm\u00f3 que \u00abest\u00e1 claro que existe estabilidad en el cargo\u00bb por parte del vicepresidente de la Naci\u00f3n \u00aben virtud del rechazo &#8216;in limine&#8217; desde el punto de vista del juicio pol\u00edtico\u00bb que en su oportunidad se dio en el \u00e1mbito de la C\u00e1mara de Diputados y sostuvo que, \u00aben la Justicia, habr\u00e1 que convalidar el principio de inocencia\u00bb.<\/p>\n<p>Ayer, el juez federal Claudio Bonadio envi\u00f3 a juicio oral al vicepresidente Amado Boudou en la causa por supuestas irregularidades en la documentaci\u00f3n de un veh\u00edculo, luego de que la C\u00e1mara Federal porte\u00f1a avalara el requerimiento acusatorio de la fiscal\u00eda.<\/p>\n<p>Tras el sorteo de rigor, el futuro juicio qued\u00f3 a cargo del Tribunal Oral Federal 1.<\/p>\n","protected":false},"excerpt":{"rendered":"<p>El jefe de Gabinete, Jorge Capitanich, enmarc\u00f3 hoy el hecho en el \u201cprincipio de acci\u00f3n y reacci\u00f3n\u201d y asegur\u00f3 que de ese ataque a los funcionarios tambi\u00e9n participan los grupos medi\u00e1ticos.<\/p>\n","protected":false},"author":4,"featured_media":0,"comment_status":"open","ping_status":"open","sticky":false,"template":"","format":"standard","meta":{"_jetpack_newsletter_access":"","_jetpack_dont_email_post_to_subs":false,"_jetpack_newsletter_tier_id":0,"_jetpack_memberships_contains_paywalled_content":false,"_jetpack_memberships_contains_paid_content":false,"footnotes":""},"categories":[51],"tags":[],"class_list":["post-58504","post","type-post","status-publish","format-standard","hentry","category-politica"],"jetpack_shortlink":"https:\/\/wp.me\/p2JWE0-fdC","jetpack-related-posts":[{"id":119245,"url":"http:\/\/www.24baires.com\/?p=119245","url_meta":{"origin":58504,"position":0},"title":"Masivo respaldo a la vicepresidenta por el \u00abhostigamiento judicial y medi\u00e1tico\u00bb","author":"AF","date":"22\/08\/2022","format":false,"excerpt":"La vicepresidenta de la naci\u00f3n recibi\u00f3 una contundente muestra de apoyo por parte del Presidente, dirigentes, gobernadores y legisladores del oficialismo, as\u00ed como tambi\u00e9n organizaciones sociales y de trabajadores, quienes denunciaron que la causa por la obra p\u00fablica de Santa Cruz busca \"condicionar pol\u00edticamente\" a la exmandataria. El Presidente, funcionarios\u2026","rel":"","context":"En \u00abSociedad\u00bb","block_context":{"text":"Sociedad","link":"http:\/\/www.24baires.com\/?cat=1"},"img":{"alt_text":"","src":"https:\/\/i0.wp.com\/www.24baires.com\/wp-content\/uploads\/2022\/08\/todos-con-cristina.jpg?resize=350%2C200","width":350,"height":200,"srcset":"https:\/\/i0.wp.com\/www.24baires.com\/wp-content\/uploads\/2022\/08\/todos-con-cristina.jpg?resize=350%2C200 1x, https:\/\/i0.wp.com\/www.24baires.com\/wp-content\/uploads\/2022\/08\/todos-con-cristina.jpg?resize=525%2C300 1.5x, https:\/\/i0.wp.com\/www.24baires.com\/wp-content\/uploads\/2022\/08\/todos-con-cristina.jpg?resize=700%2C400 2x"},"classes":[]},{"id":60109,"url":"http:\/\/www.24baires.com\/?p=60109","url_meta":{"origin":58504,"position":1},"title":"Capitanich tild\u00f3 de \u00abdisparatada\u00bb la decisi\u00f3n de indagar a Cristina","author":"AF","date":"15\/01\/2015","format":false,"excerpt":"El jefe de Gabinete, Jorge Capitanich, asegur\u00f3 hoy que fue una decisi\u00f3n \u201cdisparatada, absurda, il\u00f3gica, irracional, rid\u00edcula y violatoria\u201d de la Constituci\u00f3n Nacional la decisi\u00f3n del fiscal Alberto Nisman de llamar a declaraci\u00f3n indagatoria a la presidenta Cristina Fern\u00e1ndez de Kirchner, junto a otros funcionarios y legisladores, por la firma\u2026","rel":"","context":"En \u00abPol\u00edtica\u00bb","block_context":{"text":"Pol\u00edtica","link":"http:\/\/www.24baires.com\/?cat=51"},"img":{"alt_text":"capitanich 3","src":"https:\/\/i0.wp.com\/www.24baires.com\/wp-content\/uploads\/2014\/09\/capitanich-3.jpg?resize=350%2C200","width":350,"height":200,"srcset":"https:\/\/i0.wp.com\/www.24baires.com\/wp-content\/uploads\/2014\/09\/capitanich-3.jpg?resize=350%2C200 1x, https:\/\/i0.wp.com\/www.24baires.com\/wp-content\/uploads\/2014\/09\/capitanich-3.jpg?resize=525%2C300 1.5x"},"classes":[]},{"id":57631,"url":"http:\/\/www.24baires.com\/?p=57631","url_meta":{"origin":58504,"position":2},"title":"Capitanich: \u00abEl accionar de Bonadio es parte de una estrategia de golpismo activo\u00bb","author":"AF","date":"25\/11\/2014","format":false,"excerpt":"El jefe de Gabinete, Jorge Capitanich, ratific\u00f3 que el accionar del magistrado en la causa que investiga a la empresa Hotesur, de la que la presidenta Cristina Fern\u00e1ndez de Kirchner es accionista, es \"una estrategia de golpismo activo\" para \"hostigar\" al Gobierno nacional. El jefe de Gabinete, Jorge Capitanich, sostuvo\u2026","rel":"","context":"En \u00abPol\u00edtica\u00bb","block_context":{"text":"Pol\u00edtica","link":"http:\/\/www.24baires.com\/?cat=51"},"img":{"alt_text":"capitanich","src":"https:\/\/i0.wp.com\/www.24baires.com\/wp-content\/uploads\/2014\/09\/capitanich1.jpg?resize=350%2C200","width":350,"height":200,"srcset":"https:\/\/i0.wp.com\/www.24baires.com\/wp-content\/uploads\/2014\/09\/capitanich1.jpg?resize=350%2C200 1x, https:\/\/i0.wp.com\/www.24baires.com\/wp-content\/uploads\/2014\/09\/capitanich1.jpg?resize=525%2C300 1.5x"},"classes":[]},{"id":62183,"url":"http:\/\/www.24baires.com\/?p=62183","url_meta":{"origin":58504,"position":3},"title":"Capitanich: \u00abLa Asociaci\u00f3n de Magistrados no es un organismo independiente\u00bb","author":"AF","date":"24\/02\/2015","format":false,"excerpt":"El jefe de Gabinete, Jorge Capitanich, asever\u00f3 hoy que tiene su \"basamento en la presi\u00f3n corporativa\". Por otro lado, destac\u00f3 el trabajo coordinado con el gobierno de Chubut para sofocar el incendio en la localidad de Cholila. El jefe de Gabinete, Jorge Capitanich, advirti\u00f3 hoy sobre la existencia de una\u2026","rel":"","context":"En \u00abPol\u00edtica\u00bb","block_context":{"text":"Pol\u00edtica","link":"http:\/\/www.24baires.com\/?cat=51"},"img":{"alt_text":"capitanich","src":"https:\/\/i0.wp.com\/www.24baires.com\/wp-content\/uploads\/2014\/09\/capitanich1.jpg?resize=350%2C200","width":350,"height":200,"srcset":"https:\/\/i0.wp.com\/www.24baires.com\/wp-content\/uploads\/2014\/09\/capitanich1.jpg?resize=350%2C200 1x, https:\/\/i0.wp.com\/www.24baires.com\/wp-content\/uploads\/2014\/09\/capitanich1.jpg?resize=525%2C300 1.5x"},"classes":[]},{"id":116881,"url":"http:\/\/www.24baires.com\/?p=116881","url_meta":{"origin":58504,"position":4},"title":"AFIP denunci\u00f3 \u00abhostigamiento fiscal\u00bb contra Cristina Kirchner durante el gobierno macrista","author":"AF","date":"14\/12\/2020","format":false,"excerpt":"Se trata de una ampliaci\u00f3n de la denuncia realizada a principios de febrero, tras el resultado de dos auditor\u00edas internas que realiz\u00f3 el organismo fiscal. La titular de la Administraci\u00f3n Federal de Ingresos P\u00fablicos (AFIP), Mercedes Marc\u00f3 del Pont, ampli\u00f3 la denuncia por \"hostigamiento fiscal\" a la vicepresidenta Cristina Kirchner\u2026","rel":"","context":"En \u00abPol\u00edtica\u00bb","block_context":{"text":"Pol\u00edtica","link":"http:\/\/www.24baires.com\/?cat=51"},"img":{"alt_text":"","src":"https:\/\/i0.wp.com\/www.24baires.com\/wp-content\/uploads\/2019\/12\/cristina-plaza.jpg?resize=350%2C200","width":350,"height":200,"srcset":"https:\/\/i0.wp.com\/www.24baires.com\/wp-content\/uploads\/2019\/12\/cristina-plaza.jpg?resize=350%2C200 1x, https:\/\/i0.wp.com\/www.24baires.com\/wp-content\/uploads\/2019\/12\/cristina-plaza.jpg?resize=525%2C300 1.5x"},"classes":[]},{"id":61882,"url":"http:\/\/www.24baires.com\/?p=61882","url_meta":{"origin":58504,"position":5},"title":"Capitanich: \u201cLa Justicia argentina busca la desestabilizaci\u00f3n pol\u00edtica\u201d","author":"AF","date":"18\/02\/2015","format":false,"excerpt":"El jefe de Gabinete, Jorge Capitanich, afirm\u00f3 adem\u00e1s que \"la justicia argentina s\u00f3lo funciona sobre una estrategia corporativa\u201d y que \u201ces \"absolutamente dependiente del poder econ\u00f3mico y concentrado\". \"La justicia argentina solo funciona sobre una estrategia corporativa, que tiende a la desestabilizaci\u00f3n desde el punto de vista pol\u00edtico, con otra\u2026","rel":"","context":"En \u00abPol\u00edtica\u00bb","block_context":{"text":"Pol\u00edtica","link":"http:\/\/www.24baires.com\/?cat=51"},"img":{"alt_text":"capitanich 4","src":"https:\/\/i0.wp.com\/www.24baires.com\/wp-content\/uploads\/2014\/09\/capitanich-4.jpg?resize=350%2C200","width":350,"height":200,"srcset":"https:\/\/i0.wp.com\/www.24baires.com\/wp-content\/uploads\/2014\/09\/capitanich-4.jpg?resize=350%2C200 1x, https:\/\/i0.wp.com\/www.24baires.com\/wp-content\/uploads\/2014\/09\/capitanich-4.jpg?resize=525%2C300 1.5x"},"classes":[]}],"jetpack_sharing_enabled":true,"jetpack_likes_enabled":true,"jetpack_featured_media_url":"","_links":{"self":[{"href":"http:\/\/www.24baires.com\/index.php?rest_route=\/wp\/v2\/posts\/58504","targetHints":{"allow":["GET"]}}],"collection":[{"href":"http:\/\/www.24baires.com\/index.php?rest_route=\/wp\/v2\/posts"}],"about":[{"href":"http:\/\/www.24baires.com\/index.php?rest_route=\/wp\/v2\/types\/post"}],"author":[{"embeddable":true,"href":"http:\/\/www.24baires.com\/index.php?rest_route=\/wp\/v2\/users\/4"}],"replies":[{"embeddable":true,"href":"http:\/\/www.24baires.com\/index.php?rest_route=%2Fwp%2Fv2%2Fcomments&post=58504"}],"version-history":[{"count":1,"href":"http:\/\/www.24baires.com\/index.php?rest_route=\/wp\/v2\/posts\/58504\/revisions"}],"predecessor-version":[{"id":58505,"href":"http:\/\/www.24baires.com\/index.php?rest_route=\/wp\/v2\/posts\/58504\/revisions\/58505"}],"wp:attachment":[{"href":"http:\/\/www.24baires.com\/index.php?rest_route=%2Fwp%2Fv2%2Fmedia&parent=58504"}],"wp:term":[{"taxonomy":"category","embeddable":true,"href":"http:\/\/www.24baires.com\/index.php?rest_route=%2Fwp%2Fv2%2Fcategories&post=58504"},{"taxonomy":"post_tag","embeddable":true,"href":"http:\/\/www.24baires.com\/index.php?rest_route=%2Fwp%2Fv2%2Ftags&post=58504"}],"curies":[{"name":"wp","href":"https:\/\/api.w.org\/{rel}","templated":true}]}}