{"id":58489,"date":"2014-12-11T19:19:30","date_gmt":"2014-12-11T22:19:30","guid":{"rendered":"http:\/\/www.24baires.com\/?p=58489"},"modified":"2014-12-11T19:19:30","modified_gmt":"2014-12-11T22:19:30","slug":"scioli-pide-ayuda-a-clinton","status":"publish","type":"post","link":"http:\/\/www.24baires.com\/?p=58489","title":{"rendered":"Scioli pide ayuda a Clinton"},"content":{"rendered":"<p><img data-recalc-dims=\"1\" loading=\"lazy\" decoding=\"async\" class=\"aligncenter size-full wp-image-58490\" src=\"https:\/\/i0.wp.com\/www.24baires.com\/wp-content\/uploads\/2014\/12\/clinton-scioli.jpg?resize=560%2C317\" alt=\"clinton scioli\" width=\"560\" height=\"317\" srcset=\"https:\/\/i0.wp.com\/www.24baires.com\/wp-content\/uploads\/2014\/12\/clinton-scioli.jpg?w=560 560w, https:\/\/i0.wp.com\/www.24baires.com\/wp-content\/uploads\/2014\/12\/clinton-scioli.jpg?resize=300%2C169 300w\" sizes=\"auto, (max-width: 560px) 100vw, 560px\" \/>El gobernador bonaerense y precandidato a la presidencia en 2015, Daniel Scioli contin\u00faa buscando apoyo tanto en nuestro pa\u00eds como en el resto del mundo, esta vez, particip\u00f3 del encuentro anual de la Fundaci\u00f3n Clinton, acompa\u00f1ando al presidente de esa organizaci\u00f3n y exmandatario de Estados Unidos<!--more--><\/p>\n<p>El evento fue la apertura de la jornada \u201cEl futuro de las Am\u00e9ricas\u201d, donde tambi\u00e9n se reuni\u00f3 con el titular del Banco Interamericano de Desarrollo (BID), Luis Alberto Moreno; el presidente de Colombia, Juan Manuel Santos y el empresario Carlos Slim.<\/p>\n<p>\u201cAnalizamos la mirada social, los desaf\u00edos a futuro, proyectando los pr\u00f3ximos a\u00f1os, que tienen que ver con la calidad de vida, con la nutrici\u00f3n, con la educaci\u00f3n, con el desaf\u00edo que nos plantea el cambio clim\u00e1tico con las consecuencias que est\u00e1 trayendo, repensar los gobiernos y su rol social activo\u00bb, se\u00f1al\u00f3 Scioli en declaraciones a la prensa.<\/p>\n<p>Adem\u00e1s, el Gobernador se refiri\u00f3 a la importancia de la integraci\u00f3n, destacando la infraestructura, la competitividad, la producci\u00f3n de alimentos, la educaci\u00f3n y las energ\u00edas como puntos estrat\u00e9gicos para el desarrollo y parafrase\u00f3 las palabras esgrimidas por Santos durante la apertura, sobre la necesidad de promover una mirada m\u00e1s intensa hacia el sur.<\/p>\n<p>\u00abArgentina viene estando a la vanguardia de esta agenda que hoy se proyecta\u00bb, asegur\u00f3 Scioli y record\u00f3 su participaci\u00f3n en distintas actividades de la Fundaci\u00f3n Clinton donde resalt\u00f3 la perspectiva de \u201cpensar en Am\u00e9rica\u201d.<\/p>\n<p>Ayer, Daniel Scioli reuni\u00f3 a m\u00e1s de 50 embajadores y diplomados extranjeros, en donde recalc\u00f3 sus deseos de que \u201clas relaciones entre nuestros pa\u00edses se integren cada vez m\u00e1s en una agenda que vaya m\u00e1s all\u00e1 de lo comercial\u201d, en la Casa de Gobierno. Estuvieron presentes los embajadores de Alemania, Francia, EEUU, Italia, China, India, Hait\u00ed, Indonesia, Uruguay, Paraguay, Congo, Portugal, Eslovenia, T\u00fanez, Suiza, Suecia, Rumania, B\u00e9lgica, entre otros.<\/p>\n<p>&nbsp;<\/p>\n<p>&nbsp;<\/p>\n<p>&nbsp;<\/p>\n","protected":false},"excerpt":{"rendered":"<p>El gobernador bonaerense y precandidato a la presidencia en 2015, Daniel Scioli contin\u00faa buscando apoyo tanto en nuestro pa\u00eds como en el resto del mundo, esta vez, particip\u00f3 del encuentro anual de la Fundaci\u00f3n Clinton, acompa\u00f1ando al presidente de esa organizaci\u00f3n y exmandatario de Estados Unidos<\/p>\n","protected":false},"author":11,"featured_media":0,"comment_status":"open","ping_status":"open","sticky":false,"template":"","format":"standard","meta":{"_jetpack_newsletter_access":"","_jetpack_dont_email_post_to_subs":false,"_jetpack_newsletter_tier_id":0,"_jetpack_memberships_contains_paywalled_content":false,"_jetpack_memberships_contains_paid_content":false,"footnotes":""},"categories":[51],"tags":[],"class_list":["post-58489","post","type-post","status-publish","format-standard","hentry","category-politica"],"jetpack_shortlink":"https:\/\/wp.me\/p2JWE0-fdn","jetpack-related-posts":[{"id":36365,"url":"http:\/\/www.24baires.com\/?p=36365","url_meta":{"origin":58489,"position":0},"title":"Scioli se reunir\u00e1 con Bill Clinton en R\u00edo de Janeiro","author":"AF","date":"07\/12\/2013","format":false,"excerpt":"El gobernador Daniel Scioli desarrollar\u00e1 entre el lunes y martes pr\u00f3ximos una agenda en la ciudad de R\u00edo de Janeiro que comprender\u00e1 la participaci\u00f3n en el Encuentro Anual del \u201cClinton Global Initiative Am\u00e9rica Latina 2013\u201d y una reuni\u00f3n con el ex presidente estadounidense Bill Clinton, se inform\u00f3 oficialmente. Scioli intervendr\u00e1\u2026","rel":"","context":"En \u00abPol\u00edtica\u00bb","block_context":{"text":"Pol\u00edtica","link":"http:\/\/www.24baires.com\/?cat=51"},"img":{"alt_text":"scioli operativo sol","src":"https:\/\/i0.wp.com\/www.24baires.com\/wp-content\/uploads\/2013\/12\/scioli-operativo-sol.jpg?resize=350%2C200","width":350,"height":200,"srcset":"https:\/\/i0.wp.com\/www.24baires.com\/wp-content\/uploads\/2013\/12\/scioli-operativo-sol.jpg?resize=350%2C200 1x, https:\/\/i0.wp.com\/www.24baires.com\/wp-content\/uploads\/2013\/12\/scioli-operativo-sol.jpg?resize=525%2C300 1.5x"},"classes":[]},{"id":119049,"url":"http:\/\/www.24baires.com\/?p=119049","url_meta":{"origin":58489,"position":1},"title":"Silvina Batakis es la nueva Ministra de Econom\u00eda","author":"GB","date":"04\/07\/2022","format":false,"excerpt":"Tras largas horas de negociaciones, el presidente Alberto Fern\u00e1ndez design\u00f3 a Batakis en reemplazo de Mart\u00edn Guzm\u00e1n La nueva ministra de Econom\u00eda ser\u00e1 Silvina Batakis confirmaron este domingo fuentes oficiales, luego de intensas negociaciones de los diferentes espacios que integran el Frente de Todos (FdT) en el marco de cambios\u2026","rel":"","context":"En \u00abEconom\u00eda\u00bb","block_context":{"text":"Econom\u00eda","link":"http:\/\/www.24baires.com\/?cat=45"},"img":{"alt_text":"","src":"https:\/\/i0.wp.com\/www.24baires.com\/wp-content\/uploads\/2022\/07\/batakis.jpg?resize=350%2C200","width":350,"height":200,"srcset":"https:\/\/i0.wp.com\/www.24baires.com\/wp-content\/uploads\/2022\/07\/batakis.jpg?resize=350%2C200 1x, https:\/\/i0.wp.com\/www.24baires.com\/wp-content\/uploads\/2022\/07\/batakis.jpg?resize=525%2C300 1.5x, https:\/\/i0.wp.com\/www.24baires.com\/wp-content\/uploads\/2022\/07\/batakis.jpg?resize=700%2C400 2x, https:\/\/i0.wp.com\/www.24baires.com\/wp-content\/uploads\/2022\/07\/batakis.jpg?resize=1050%2C600 3x"},"classes":[]},{"id":119156,"url":"http:\/\/www.24baires.com\/?p=119156","url_meta":{"origin":58489,"position":2},"title":"Massa asumir\u00e1 como superministro de Econom\u00eda","author":"AF","date":"28\/07\/2022","format":false,"excerpt":"Alberto Fern\u00e1ndez decidi\u00f3 reorganizar las \u00e1reas econ\u00f3micas para un mejor funcionamiento, coordinaci\u00f3n y gesti\u00f3n: se unificar\u00e1n los ministerios de Econom\u00eda, Desarrollo Productivo y Agricultura, Ganader\u00eda y Pesca, que quedar\u00e1n bajo la \u00f3rbita del actual presidente de la C\u00e1mara de Diputados. Massa anunci\u00f3 que el lunes comenzar\u00e1 a designar a los\u2026","rel":"","context":"En \u00abEconom\u00eda\u00bb","block_context":{"text":"Econom\u00eda","link":"http:\/\/www.24baires.com\/?cat=45"},"img":{"alt_text":"","src":"https:\/\/i0.wp.com\/www.24baires.com\/wp-content\/uploads\/2022\/07\/6243529d100ad_900.jpg?resize=350%2C200","width":350,"height":200,"srcset":"https:\/\/i0.wp.com\/www.24baires.com\/wp-content\/uploads\/2022\/07\/6243529d100ad_900.jpg?resize=350%2C200 1x, https:\/\/i0.wp.com\/www.24baires.com\/wp-content\/uploads\/2022\/07\/6243529d100ad_900.jpg?resize=525%2C300 1.5x, https:\/\/i0.wp.com\/www.24baires.com\/wp-content\/uploads\/2022\/07\/6243529d100ad_900.jpg?resize=700%2C400 2x"},"classes":[]},{"id":101122,"url":"http:\/\/www.24baires.com\/?p=101122","url_meta":{"origin":58489,"position":3},"title":"Indagar\u00e1n a Scioli por irregularidades en la construcci\u00f3n de las UPA 24","author":"AF","date":"17\/03\/2018","format":false,"excerpt":"El ex gobernador Daniel Scioli y quien fuera su ministro de Salud, Alejandro Collia, fueron imputados y citados a prestar declaraci\u00f3n indagatoria en el marco de una causa que investiga presuntas irregularidades en la adjudicaci\u00f3n de ocho Unidades de Pronta Atenci\u00f3n (UPA 24) para las que se destinaron m\u00e1s de\u2026","rel":"","context":"En \u00abJUDICIALES\u00bb","block_context":{"text":"JUDICIALES","link":"http:\/\/www.24baires.com\/?cat=68"},"img":{"alt_text":"","src":"https:\/\/i0.wp.com\/www.24baires.com\/wp-content\/uploads\/2014\/05\/Daniel-Scioli.jpg?resize=350%2C200","width":350,"height":200,"srcset":"https:\/\/i0.wp.com\/www.24baires.com\/wp-content\/uploads\/2014\/05\/Daniel-Scioli.jpg?resize=350%2C200 1x, https:\/\/i0.wp.com\/www.24baires.com\/wp-content\/uploads\/2014\/05\/Daniel-Scioli.jpg?resize=525%2C300 1.5x"},"classes":[]},{"id":120226,"url":"http:\/\/www.24baires.com\/?p=120226","url_meta":{"origin":58489,"position":4},"title":"Cristina recibi\u00f3 a Scioli: \u201cA seguir trabajando, que es lo que hay que hacer\u201d","author":"AF","date":"28\/06\/2023","format":false,"excerpt":"\"Hablamos mucho, con sinceridad y con el respeto de siempre. Me transmiti\u00f3 que su vocaci\u00f3n es ayudar y colaborar como un compa\u00f1ero m\u00e1s\", asegur\u00f3 a trav\u00e9s de las redes sociales la Vicepresidenta sobre el encuentro. La Vicepresidenta Cristina Fern\u00e1ndez de Kirchner public\u00f3 en redes sociales una foto con el embajador\u2026","rel":"","context":"En \u00abPol\u00edtica\u00bb","block_context":{"text":"Pol\u00edtica","link":"http:\/\/www.24baires.com\/?cat=51"},"img":{"alt_text":"","src":"https:\/\/i0.wp.com\/www.24baires.com\/wp-content\/uploads\/2023\/06\/WhatsApp-Image-2023-06-28-at-23.30.42.jpeg?resize=350%2C200","width":350,"height":200,"srcset":"https:\/\/i0.wp.com\/www.24baires.com\/wp-content\/uploads\/2023\/06\/WhatsApp-Image-2023-06-28-at-23.30.42.jpeg?resize=350%2C200 1x, https:\/\/i0.wp.com\/www.24baires.com\/wp-content\/uploads\/2023\/06\/WhatsApp-Image-2023-06-28-at-23.30.42.jpeg?resize=525%2C300 1.5x, https:\/\/i0.wp.com\/www.24baires.com\/wp-content\/uploads\/2023\/06\/WhatsApp-Image-2023-06-28-at-23.30.42.jpeg?resize=700%2C400 2x"},"classes":[]},{"id":58369,"url":"http:\/\/www.24baires.com\/?p=58369","url_meta":{"origin":58489,"position":5},"title":"Scioli en Corrientes: \u00abM\u00e1s industrializaci\u00f3n significa m\u00e1s desarrollo\u00bb","author":"GB","date":"09\/12\/2014","format":false,"excerpt":"El Gobernador particip\u00f3 de la inauguraci\u00f3n en Corrientes de una obra de asfalto y firmar un convenio de Cooperaci\u00f3n e Intercambio de informaci\u00f3n para promover la industria. El gobernador Daniel Scioli reafirm\u00f3 hoy que \"m\u00e1s industrializaci\u00f3n significa m\u00e1s desarrollo\", al participar de la inauguraci\u00f3n en Corrientes de una obra de\u2026","rel":"","context":"En \u00abPol\u00edtica\u00bb","block_context":{"text":"Pol\u00edtica","link":"http:\/\/www.24baires.com\/?cat=51"},"img":{"alt_text":"scioli saludo","src":"https:\/\/i0.wp.com\/www.24baires.com\/wp-content\/uploads\/2014\/08\/scioli-saludo.jpg?resize=350%2C200","width":350,"height":200,"srcset":"https:\/\/i0.wp.com\/www.24baires.com\/wp-content\/uploads\/2014\/08\/scioli-saludo.jpg?resize=350%2C200 1x, https:\/\/i0.wp.com\/www.24baires.com\/wp-content\/uploads\/2014\/08\/scioli-saludo.jpg?resize=525%2C300 1.5x"},"classes":[]}],"jetpack_sharing_enabled":true,"jetpack_likes_enabled":true,"jetpack_featured_media_url":"","_links":{"self":[{"href":"http:\/\/www.24baires.com\/index.php?rest_route=\/wp\/v2\/posts\/58489","targetHints":{"allow":["GET"]}}],"collection":[{"href":"http:\/\/www.24baires.com\/index.php?rest_route=\/wp\/v2\/posts"}],"about":[{"href":"http:\/\/www.24baires.com\/index.php?rest_route=\/wp\/v2\/types\/post"}],"author":[{"embeddable":true,"href":"http:\/\/www.24baires.com\/index.php?rest_route=\/wp\/v2\/users\/11"}],"replies":[{"embeddable":true,"href":"http:\/\/www.24baires.com\/index.php?rest_route=%2Fwp%2Fv2%2Fcomments&post=58489"}],"version-history":[{"count":1,"href":"http:\/\/www.24baires.com\/index.php?rest_route=\/wp\/v2\/posts\/58489\/revisions"}],"predecessor-version":[{"id":58491,"href":"http:\/\/www.24baires.com\/index.php?rest_route=\/wp\/v2\/posts\/58489\/revisions\/58491"}],"wp:attachment":[{"href":"http:\/\/www.24baires.com\/index.php?rest_route=%2Fwp%2Fv2%2Fmedia&parent=58489"}],"wp:term":[{"taxonomy":"category","embeddable":true,"href":"http:\/\/www.24baires.com\/index.php?rest_route=%2Fwp%2Fv2%2Fcategories&post=58489"},{"taxonomy":"post_tag","embeddable":true,"href":"http:\/\/www.24baires.com\/index.php?rest_route=%2Fwp%2Fv2%2Ftags&post=58489"}],"curies":[{"name":"wp","href":"https:\/\/api.w.org\/{rel}","templated":true}]}}