{"id":58487,"date":"2014-12-11T18:42:42","date_gmt":"2014-12-11T21:42:42","guid":{"rendered":"http:\/\/www.24baires.com\/?p=58487"},"modified":"2014-12-11T18:42:42","modified_gmt":"2014-12-11T21:42:42","slug":"massa-es-un-monstruo-que-creo-clarin","status":"publish","type":"post","link":"http:\/\/www.24baires.com\/?p=58487","title":{"rendered":"\u00abMassa es un monstruo que cre\u00f3 Clar\u00edn\u00bb"},"content":{"rendered":"<p><img data-recalc-dims=\"1\" loading=\"lazy\" decoding=\"async\" class=\"aligncenter size-full wp-image-56569\" src=\"https:\/\/i0.wp.com\/www.24baires.com\/wp-content\/uploads\/2014\/11\/massa-carri%C3%B3.jpg?resize=560%2C331\" alt=\"massa carri\u00f3\" width=\"560\" height=\"331\" srcset=\"https:\/\/i0.wp.com\/www.24baires.com\/wp-content\/uploads\/2014\/11\/massa-carri%C3%B3.jpg?w=560 560w, https:\/\/i0.wp.com\/www.24baires.com\/wp-content\/uploads\/2014\/11\/massa-carri%C3%B3.jpg?resize=300%2C177 300w\" sizes=\"auto, (max-width: 560px) 100vw, 560px\" \/>\u00abLilita\u00bb Carri\u00f3 profundiz\u00f3 sus cr\u00edticas contra el Grupo y asegur\u00f3 que ella nunca \u201cdefender\u00e1 los negocios de poder de los medios\u201d.<!--more--><\/p>\n<p>La diputada nacional Elisa Carri\u00f3 (Coalici\u00f3n C\u00edvica-ARI) profundiz\u00f3 sus cr\u00edticas al Grupo Clar\u00edn, le pidi\u00f3 que se haga cargo del \u00abmonstruo que construy\u00f3\u00bb, en alusi\u00f3n al candidato presidencial del Frente Renovador Sergio Massa, y asegur\u00f3 que ella no defender\u00e1 los \u00abnegocios\u00bb ni las \u00abarticulaciones de poder de los medios\u00bb.<\/p>\n<p>\u00abClar\u00edn construy\u00f3 a Massa y el que construye a un monstruo lo tiene que hacer desaparecer\u00bb, declar\u00f3 Carri\u00f3 en entrevistas radiales y a trav\u00e9s de su red social Twitter.<\/p>\n<p>Adem\u00e1s, acus\u00f3 al grupo (al que dijo \u00abquerer\u00bb pero \u00abno respetar\u00bb) de intentar \u00abllevar a Unen a la trampa de Massa y del establishment\u00bb y pronostic\u00f3 que en abril pr\u00f3ximo un sector del FAU (Frente Amplio Unen) sellar\u00e1 una alianza con el PRO de Mauricio Macri.<\/p>\n<p>\u00ab\u00bfQu\u00e9 quiere el diario Clar\u00edn, meternos en la interna del PJ? No, que busque a otros. Se lo digo a Magnetto con todas las letras porque cuando tuve que defender la libertad de expresi\u00f3n, la defend\u00ed, pero yo no defiendo los negocios y las articulaciones de poder de los medios, tampoco defiendo al poder\u00bb, afirm\u00f3.<\/p>\n<p>&nbsp;<\/p>\n<p>&nbsp;<\/p>\n<p>&nbsp;<\/p>\n","protected":false},"excerpt":{"rendered":"<p>\u00abLilita\u00bb Carri\u00f3 profundiz\u00f3 sus cr\u00edticas contra el Grupo y asegur\u00f3 que ella nunca \u201cdefender\u00e1 los negocios de poder de los medios\u201d.<\/p>\n","protected":false},"author":11,"featured_media":0,"comment_status":"open","ping_status":"open","sticky":false,"template":"","format":"standard","meta":{"_jetpack_newsletter_access":"","_jetpack_dont_email_post_to_subs":false,"_jetpack_newsletter_tier_id":0,"_jetpack_memberships_contains_paywalled_content":false,"_jetpack_memberships_contains_paid_content":false,"footnotes":""},"categories":[51],"tags":[],"class_list":["post-58487","post","type-post","status-publish","format-standard","hentry","category-politica"],"jetpack_shortlink":"https:\/\/wp.me\/p2JWE0-fdl","jetpack-related-posts":[{"id":51889,"url":"http:\/\/www.24baires.com\/?p=51889","url_meta":{"origin":58487,"position":0},"title":"Macri anticip\u00f3 un posible di\u00e1logo con Carri\u00f3","author":"Grupo Sierra","date":"15\/08\/2014","format":false,"excerpt":"Aunque asegur\u00f3 que no interferir\u00e1 en la crisis del UNEN, se mostr\u00f3 dispuesto a dialogar con la diputada. \u00bfM\u00e1s brechas en el frente pol\u00edtico? El jefe de Gobierno porte\u00f1o, Mauricio Macri, ratific\u00f3 este viernes su decisi\u00f3n de no \"interferir\" en la renovada interna en el Frente Amplio UNEN y, aunque\u2026","rel":"","context":"En \u00abElecciones 2015\u00bb","block_context":{"text":"Elecciones 2015","link":"http:\/\/www.24baires.com\/?cat=74"},"img":{"alt_text":"","src":"https:\/\/i0.wp.com\/www.24baires.com\/wp-content\/uploads\/2014\/08\/macri-carri%C3%B3.jpg?resize=350%2C200","width":350,"height":200,"srcset":"https:\/\/i0.wp.com\/www.24baires.com\/wp-content\/uploads\/2014\/08\/macri-carri%C3%B3.jpg?resize=350%2C200 1x, https:\/\/i0.wp.com\/www.24baires.com\/wp-content\/uploads\/2014\/08\/macri-carri%C3%B3.jpg?resize=525%2C300 1.5x"},"classes":[]},{"id":56568,"url":"http:\/\/www.24baires.com\/?p=56568","url_meta":{"origin":58487,"position":1},"title":"Massa pidi\u00f3 pericias psiqui\u00e1tricas para Carri\u00f3: \u00abNo domina sus facultades mentales\u00bb","author":"Grupo Sierra","date":"04\/11\/2014","format":false,"excerpt":"El diputado nacional y candidato a presidente del Frente Renovador (FR) denunci\u00f3 por calumnias e injurias a su par en la C\u00e1mara baja (Coalici\u00f3n C\u00edvica-ARI) por haberlo vinculado con el narcotr\u00e1fico. Fuentes judiciales confirmaron que la acci\u00f3n penal presentada por Massa contra Carri\u00f3 por el delito de \"falsa denuncia\" qued\u00f3\u2026","rel":"","context":"En \u00abPol\u00edtica\u00bb","block_context":{"text":"Pol\u00edtica","link":"http:\/\/www.24baires.com\/?cat=51"},"img":{"alt_text":"","src":"https:\/\/i0.wp.com\/www.24baires.com\/wp-content\/uploads\/2014\/11\/massa-carri%C3%B3.jpg?resize=350%2C200","width":350,"height":200,"srcset":"https:\/\/i0.wp.com\/www.24baires.com\/wp-content\/uploads\/2014\/11\/massa-carri%C3%B3.jpg?resize=350%2C200 1x, https:\/\/i0.wp.com\/www.24baires.com\/wp-content\/uploads\/2014\/11\/massa-carri%C3%B3.jpg?resize=525%2C300 1.5x"},"classes":[]},{"id":29281,"url":"http:\/\/www.24baires.com\/?p=29281","url_meta":{"origin":58487,"position":2},"title":"Solanas dice que el electorado \u00abse siente equivocadamente defraudado\u00bb por aliarse con Carri\u00f3","author":"AF","date":"31\/07\/2013","format":false,"excerpt":"Pese a la autocr\u00edtica, a pocos d\u00edas de las PASO, Pino sostuvo que esa parte del electorado \"se siente equivocadamente defraudada\". Sin embargo dijo: \"Elisa Carri\u00f3 tiene mucho que ver conmigo\". El precandidato a senador nacional por la Coalici\u00f3n Sur del frente Unen Fernando \"Pino\" Solanas reconoci\u00f3 que \"una parte\u2026","rel":"","context":"En \u00abPol\u00edtica\u00bb","block_context":{"text":"Pol\u00edtica","link":"http:\/\/www.24baires.com\/?cat=51"},"img":{"alt_text":"","src":"","width":0,"height":0},"classes":[]},{"id":57399,"url":"http:\/\/www.24baires.com\/?p=57399","url_meta":{"origin":58487,"position":3},"title":"Carri\u00f3 y su renuncia la rompieron en Twitter","author":"Grupo Sierra","date":"19\/11\/2014","format":false,"excerpt":"El alejamiento de la diputada nacional del FaUnen marc\u00f3 tendencia en la popular red social. \u00bfC\u00f3mo fueron las reacciones de los pol\u00edticos? Los pol\u00edticos tienen una especial debilidad con Twitter. Pero rara vez logran imponerse como tema central de los mensajes que circulan en esa red social. Elisa Carri\u00f3 lo\u2026","rel":"","context":"En \u00abPol\u00edtica\u00bb","block_context":{"text":"Pol\u00edtica","link":"http:\/\/www.24baires.com\/?cat=51"},"img":{"alt_text":"","src":"https:\/\/i0.wp.com\/www.24baires.com\/wp-content\/uploads\/2014\/11\/carri%C3%B3-twitter.png?resize=350%2C200","width":350,"height":200,"srcset":"https:\/\/i0.wp.com\/www.24baires.com\/wp-content\/uploads\/2014\/11\/carri%C3%B3-twitter.png?resize=350%2C200 1x, https:\/\/i0.wp.com\/www.24baires.com\/wp-content\/uploads\/2014\/11\/carri%C3%B3-twitter.png?resize=525%2C300 1.5x"},"classes":[]},{"id":56571,"url":"http:\/\/www.24baires.com\/?p=56571","url_meta":{"origin":58487,"position":4},"title":"Carri\u00f3 le respondi\u00f3 a Massa y lo acus\u00f3 de \u00abnarco\u00bb","author":"Grupo Sierra","date":"04\/11\/2014","format":false,"excerpt":"Tras denunciar penalente a la referente de la Coalici\u00f3n C\u00edvica-ARI, Sergio Massa le pidi\u00f3 una pericia psiqui\u00e1trica. Ella le contest\u00f3: \"De la locura se puede volver, pero del narcotr\u00e1fico no\". El diputado nacional y candidato a presidente del Frente Renovador (FR) denunci\u00f3 por calumnias e injurias a su par en\u2026","rel":"","context":"En \u00abPol\u00edtica\u00bb","block_context":{"text":"Pol\u00edtica","link":"http:\/\/www.24baires.com\/?cat=51"},"img":{"alt_text":"carri\u00f3","src":"https:\/\/i0.wp.com\/www.24baires.com\/wp-content\/uploads\/2014\/04\/carri%C3%B3.jpg?resize=350%2C200","width":350,"height":200,"srcset":"https:\/\/i0.wp.com\/www.24baires.com\/wp-content\/uploads\/2014\/04\/carri%C3%B3.jpg?resize=350%2C200 1x, https:\/\/i0.wp.com\/www.24baires.com\/wp-content\/uploads\/2014\/04\/carri%C3%B3.jpg?resize=525%2C300 1.5x"},"classes":[]},{"id":57817,"url":"http:\/\/www.24baires.com\/?p=57817","url_meta":{"origin":58487,"position":5},"title":"\u00abNing\u00fan candidato a Gobernador llega al 3% de los votos\u00bb","author":"Grupo Sierra","date":"27\/11\/2014","format":false,"excerpt":"As\u00ed lo indic\u00f3 el diputado nacional Ricardo Alfons\u00edn, quien cuestion\u00f3 hoy las encuestas de opini\u00f3n que circulan. Asegur\u00f3 que \u201cno hay un candidato para la provincia que rompa los relojes\u201d y que el FA Unen est\u00e1 \u201cexpectante\u201d, a tres puntos de Massa a nivel nacional. El titular del Comit\u00e9 Provincia\u2026","rel":"","context":"En \u00abElecciones 2015\u00bb","block_context":{"text":"Elecciones 2015","link":"http:\/\/www.24baires.com\/?cat=74"},"img":{"alt_text":"alfonsin","src":"https:\/\/i0.wp.com\/www.24baires.com\/wp-content\/uploads\/2013\/09\/alfonsin.jpg?resize=350%2C200","width":350,"height":200,"srcset":"https:\/\/i0.wp.com\/www.24baires.com\/wp-content\/uploads\/2013\/09\/alfonsin.jpg?resize=350%2C200 1x, https:\/\/i0.wp.com\/www.24baires.com\/wp-content\/uploads\/2013\/09\/alfonsin.jpg?resize=525%2C300 1.5x"},"classes":[]}],"jetpack_sharing_enabled":true,"jetpack_likes_enabled":true,"jetpack_featured_media_url":"","_links":{"self":[{"href":"http:\/\/www.24baires.com\/index.php?rest_route=\/wp\/v2\/posts\/58487","targetHints":{"allow":["GET"]}}],"collection":[{"href":"http:\/\/www.24baires.com\/index.php?rest_route=\/wp\/v2\/posts"}],"about":[{"href":"http:\/\/www.24baires.com\/index.php?rest_route=\/wp\/v2\/types\/post"}],"author":[{"embeddable":true,"href":"http:\/\/www.24baires.com\/index.php?rest_route=\/wp\/v2\/users\/11"}],"replies":[{"embeddable":true,"href":"http:\/\/www.24baires.com\/index.php?rest_route=%2Fwp%2Fv2%2Fcomments&post=58487"}],"version-history":[{"count":1,"href":"http:\/\/www.24baires.com\/index.php?rest_route=\/wp\/v2\/posts\/58487\/revisions"}],"predecessor-version":[{"id":58488,"href":"http:\/\/www.24baires.com\/index.php?rest_route=\/wp\/v2\/posts\/58487\/revisions\/58488"}],"wp:attachment":[{"href":"http:\/\/www.24baires.com\/index.php?rest_route=%2Fwp%2Fv2%2Fmedia&parent=58487"}],"wp:term":[{"taxonomy":"category","embeddable":true,"href":"http:\/\/www.24baires.com\/index.php?rest_route=%2Fwp%2Fv2%2Fcategories&post=58487"},{"taxonomy":"post_tag","embeddable":true,"href":"http:\/\/www.24baires.com\/index.php?rest_route=%2Fwp%2Fv2%2Ftags&post=58487"}],"curies":[{"name":"wp","href":"https:\/\/api.w.org\/{rel}","templated":true}]}}