{"id":58472,"date":"2014-12-11T15:04:42","date_gmt":"2014-12-11T18:04:42","guid":{"rendered":"http:\/\/www.24baires.com\/?p=58472"},"modified":"2014-12-11T15:04:42","modified_gmt":"2014-12-11T18:04:42","slug":"diputados-comenzo-la-reunion-de-comision-para-tratar-el-proyecto-argentina-digital","status":"publish","type":"post","link":"http:\/\/www.24baires.com\/?p=58472","title":{"rendered":"Diputados comenz\u00f3 la reuni\u00f3n de comisi\u00f3n para tratar el proyecto Argentina Digital"},"content":{"rendered":"<p>La comisi\u00f3n de Comunicaciones de la C\u00e1mara de Diputados comenz\u00f3 a debatir esta tarde el proyecto de ley de Argentina Digital, que regula las telecomunicaciones fijas y m\u00f3viles, las redes de conexi\u00f3n a internet, la televisi\u00f3n por sat\u00e9lite y por cable, enviado por el Poder Ejecutivo, y que el Senado aprob\u00f3 anoche.<!--more--><\/p>\n<p>La reuni\u00f3n, que es presidida por el diputado Mario Oporto (Frente para la Victoria), se realiza en el anexo C de la c\u00e1mara baja, con la presencia del ministro de Planificaci\u00f3n Federal, Julio De Vido y del Jefe de Gabinete, Jorge Capitanich.<\/p>\n<p>&nbsp;<\/p>\n<p>&nbsp;<\/p>\n<p>&nbsp;<\/p>\n<p>&nbsp;<\/p>\n<p>&nbsp;<\/p>\n<p>&nbsp;<\/p>\n<p>&nbsp;<\/p>\n<p>&nbsp;<\/p>\n<p>&nbsp;<\/p>\n<p>&nbsp;<\/p>\n<p>&nbsp;<\/p>\n<p>&nbsp;<\/p>\n<p>&nbsp;<\/p>\n<p>&nbsp;<\/p>\n<p>&nbsp;<\/p>\n<p>&nbsp;<\/p>\n<p>&nbsp;<\/p>\n<p>&nbsp;<\/p>\n<p>&nbsp;<\/p>\n<p>&nbsp;<\/p>\n<p>&nbsp;<\/p>\n<p>&nbsp;<\/p>\n<p>&nbsp;<\/p>\n","protected":false},"excerpt":{"rendered":"<p>La comisi\u00f3n de Comunicaciones de la C\u00e1mara de Diputados comenz\u00f3 a debatir esta tarde el proyecto de ley de Argentina Digital, que regula las telecomunicaciones fijas y m\u00f3viles, las redes de conexi\u00f3n a internet, la televisi\u00f3n por sat\u00e9lite y por cable, enviado por el Poder Ejecutivo, y que el Senado aprob\u00f3 anoche.<\/p>\n","protected":false},"author":8,"featured_media":0,"comment_status":"open","ping_status":"open","sticky":false,"template":"","format":"standard","meta":{"_jetpack_newsletter_access":"","_jetpack_dont_email_post_to_subs":false,"_jetpack_newsletter_tier_id":0,"_jetpack_memberships_contains_paywalled_content":false,"_jetpack_memberships_contains_paid_content":false,"footnotes":""},"categories":[51],"tags":[],"class_list":["post-58472","post","type-post","status-publish","format-standard","hentry","category-politica"],"jetpack_shortlink":"https:\/\/wp.me\/p2JWE0-fd6","jetpack-related-posts":[{"id":122214,"url":"http:\/\/www.24baires.com\/?p=122214","url_meta":{"origin":58472,"position":0},"title":"Confirmado: no habr\u00e1 elecciones primarias en la Provincia durante 2025","author":"GB","date":"29\/04\/2025","format":false,"excerpt":"Con mas de dos tercios de los votos, la C\u00e1mara de Diputados le dio la media sanci\u00f3n que le falta al proyecto de la suspensi\u00f3n por el a\u00f1o 2025 PASO. Ma\u00f1ana sesionara la comisi\u00f3n de Reforma Pol\u00edtica para definir los plazos del cronograma electoral. La interna oficialista presente en los\u2026","rel":"","context":"En \u00abProvincia\u00bb","block_context":{"text":"Provincia","link":"http:\/\/www.24baires.com\/?cat=40"},"img":{"alt_text":"","src":"https:\/\/i0.wp.com\/www.24baires.com\/wp-content\/uploads\/2020\/09\/diputados-bonaerense.jpg?resize=350%2C200","width":350,"height":200,"srcset":"https:\/\/i0.wp.com\/www.24baires.com\/wp-content\/uploads\/2020\/09\/diputados-bonaerense.jpg?resize=350%2C200 1x, https:\/\/i0.wp.com\/www.24baires.com\/wp-content\/uploads\/2020\/09\/diputados-bonaerense.jpg?resize=525%2C300 1.5x, https:\/\/i0.wp.com\/www.24baires.com\/wp-content\/uploads\/2020\/09\/diputados-bonaerense.jpg?resize=700%2C400 2x"},"classes":[]},{"id":118183,"url":"http:\/\/www.24baires.com\/?p=118183","url_meta":{"origin":58472,"position":1},"title":"Es Ley el Etiquetado Frontal de Alimentos","author":"GB","date":"27\/10\/2021","format":false,"excerpt":"La C\u00e1mara de Diputados aprob\u00f3 este martes el proyecto de Etiquetado Frontal que busca advertir a los consumidores sobre los excesos de algunos elementos nocivos para la salud La C\u00e1mara de Diputados aprob\u00f3 con 200 votos a favor, 22 en contra y 16 abstenciones, el proyecto de Etiquetado Frontal de\u2026","rel":"","context":"En \u00abPol\u00edtica\u00bb","block_context":{"text":"Pol\u00edtica","link":"http:\/\/www.24baires.com\/?cat=51"},"img":{"alt_text":"","src":"https:\/\/i0.wp.com\/www.24baires.com\/wp-content\/uploads\/2021\/10\/diputados-ley.jpg?resize=350%2C200","width":350,"height":200,"srcset":"https:\/\/i0.wp.com\/www.24baires.com\/wp-content\/uploads\/2021\/10\/diputados-ley.jpg?resize=350%2C200 1x, https:\/\/i0.wp.com\/www.24baires.com\/wp-content\/uploads\/2021\/10\/diputados-ley.jpg?resize=525%2C300 1.5x"},"classes":[]},{"id":116842,"url":"http:\/\/www.24baires.com\/?p=116842","url_meta":{"origin":58472,"position":2},"title":"Aborto legal: Diputados busca emitir dictamen y tratarlo en el recinto","author":"GB","date":"09\/12\/2020","format":false,"excerpt":"Este mi\u00e9rcoles ser\u00e1 el plenario presencial para dictaminar y Diputados quiere tratar el aborto legal en el recinto el jueves y viernes El plenario de comisiones de Diputados ya comenz\u00f3 a analizar el proyecto de aborto legal tras finalizar con las jornadas informativas, con la mirada puesta en la sesi\u00f3n\u2026","rel":"","context":"En \u00abPol\u00edtica\u00bb","block_context":{"text":"Pol\u00edtica","link":"http:\/\/www.24baires.com\/?cat=51"},"img":{"alt_text":"","src":"https:\/\/i0.wp.com\/www.24baires.com\/wp-content\/uploads\/2018\/08\/senado-aborto.jpg?resize=350%2C200","width":350,"height":200,"srcset":"https:\/\/i0.wp.com\/www.24baires.com\/wp-content\/uploads\/2018\/08\/senado-aborto.jpg?resize=350%2C200 1x, https:\/\/i0.wp.com\/www.24baires.com\/wp-content\/uploads\/2018\/08\/senado-aborto.jpg?resize=525%2C300 1.5x"},"classes":[]},{"id":121288,"url":"http:\/\/www.24baires.com\/?p=121288","url_meta":{"origin":58472,"position":3},"title":"La Ley Bases y el paquete fiscal ingresaron al Senado","author":"GB","date":"03\/05\/2024","format":false,"excerpt":"Diputados gir\u00f3 este jueves por la noche los dos proyectos con media sanci\u00f3n, y ahora el Gobierno podr\u00eda enviar funcionarios a las comisiones. La C\u00e1mara de Diputados envi\u00f3 este jueves al Senado los proyectos impulsados por el Gobierno de Javier Milei de Ley Bases y paquete fiscal, tras la media\u2026","rel":"","context":"En \u00abPol\u00edtica\u00bb","block_context":{"text":"Pol\u00edtica","link":"http:\/\/www.24baires.com\/?cat=51"},"img":{"alt_text":"","src":"https:\/\/i0.wp.com\/www.24baires.com\/wp-content\/uploads\/2024\/05\/senadores-era-milei.webp?resize=350%2C200","width":350,"height":200,"srcset":"https:\/\/i0.wp.com\/www.24baires.com\/wp-content\/uploads\/2024\/05\/senadores-era-milei.webp?resize=350%2C200 1x, https:\/\/i0.wp.com\/www.24baires.com\/wp-content\/uploads\/2024\/05\/senadores-era-milei.webp?resize=525%2C300 1.5x"},"classes":[]},{"id":103007,"url":"http:\/\/www.24baires.com\/?p=103007","url_meta":{"origin":58472,"position":4},"title":"El Senado votar\u00e1 el aborto legal el pr\u00f3ximo 8 de agosto","author":"AF","date":"26\/06\/2018","format":false,"excerpt":"Esta semana arranc\u00f3 el tratamiento en comisiones y se acord\u00f3 en la reuni\u00f3n de Labor Parlamentaria de este martes entre los jefes de bloques la fecha del tratamiento del proyecto en el recinto. Los jefes de las bancadas del Senado acordaron este martes que la votaci\u00f3n de la ley del\u2026","rel":"","context":"En \u00abSociedad\u00bb","block_context":{"text":"Sociedad","link":"http:\/\/www.24baires.com\/?cat=1"},"img":{"alt_text":"","src":"https:\/\/i0.wp.com\/www.24baires.com\/wp-content\/uploads\/2018\/02\/aborto.jpg?resize=350%2C200","width":350,"height":200,"srcset":"https:\/\/i0.wp.com\/www.24baires.com\/wp-content\/uploads\/2018\/02\/aborto.jpg?resize=350%2C200 1x, https:\/\/i0.wp.com\/www.24baires.com\/wp-content\/uploads\/2018\/02\/aborto.jpg?resize=525%2C300 1.5x"},"classes":[]},{"id":114098,"url":"http:\/\/www.24baires.com\/?p=114098","url_meta":{"origin":58472,"position":5},"title":"La Plata: Garro avanza en la implementaci\u00f3n de \u201calcohol cero\u201d al volante","author":"GB","date":"12\/02\/2020","format":false,"excerpt":"El Intendente de La Plata orden\u00f3 a sus funcionarios que agilicen los tr\u00e1mites para comenzar a profundizar las medidas de seguridad vial. El jefe comunal de La Plata, Julio Garro, apura la implementaci\u00f3n de \u201calcohol cero\u201d al volante con el objetivo de prevenir y reducir los accidentes de tr\u00e1nsito. En\u2026","rel":"","context":"En \u00abMunicipios\u00bb","block_context":{"text":"Municipios","link":"http:\/\/www.24baires.com\/?cat=44"},"img":{"alt_text":"","src":"https:\/\/i0.wp.com\/www.24baires.com\/wp-content\/uploads\/2020\/02\/garro.jpeg?resize=350%2C200","width":350,"height":200,"srcset":"https:\/\/i0.wp.com\/www.24baires.com\/wp-content\/uploads\/2020\/02\/garro.jpeg?resize=350%2C200 1x, https:\/\/i0.wp.com\/www.24baires.com\/wp-content\/uploads\/2020\/02\/garro.jpeg?resize=525%2C300 1.5x"},"classes":[]}],"jetpack_sharing_enabled":true,"jetpack_likes_enabled":true,"jetpack_featured_media_url":"","_links":{"self":[{"href":"http:\/\/www.24baires.com\/index.php?rest_route=\/wp\/v2\/posts\/58472","targetHints":{"allow":["GET"]}}],"collection":[{"href":"http:\/\/www.24baires.com\/index.php?rest_route=\/wp\/v2\/posts"}],"about":[{"href":"http:\/\/www.24baires.com\/index.php?rest_route=\/wp\/v2\/types\/post"}],"author":[{"embeddable":true,"href":"http:\/\/www.24baires.com\/index.php?rest_route=\/wp\/v2\/users\/8"}],"replies":[{"embeddable":true,"href":"http:\/\/www.24baires.com\/index.php?rest_route=%2Fwp%2Fv2%2Fcomments&post=58472"}],"version-history":[{"count":1,"href":"http:\/\/www.24baires.com\/index.php?rest_route=\/wp\/v2\/posts\/58472\/revisions"}],"predecessor-version":[{"id":58473,"href":"http:\/\/www.24baires.com\/index.php?rest_route=\/wp\/v2\/posts\/58472\/revisions\/58473"}],"wp:attachment":[{"href":"http:\/\/www.24baires.com\/index.php?rest_route=%2Fwp%2Fv2%2Fmedia&parent=58472"}],"wp:term":[{"taxonomy":"category","embeddable":true,"href":"http:\/\/www.24baires.com\/index.php?rest_route=%2Fwp%2Fv2%2Fcategories&post=58472"},{"taxonomy":"post_tag","embeddable":true,"href":"http:\/\/www.24baires.com\/index.php?rest_route=%2Fwp%2Fv2%2Ftags&post=58472"}],"curies":[{"name":"wp","href":"https:\/\/api.w.org\/{rel}","templated":true}]}}