{"id":58455,"date":"2014-12-11T12:00:27","date_gmt":"2014-12-11T15:00:27","guid":{"rendered":"http:\/\/www.24baires.com\/?p=58455"},"modified":"2014-12-12T10:03:54","modified_gmt":"2014-12-12T13:03:54","slug":"bossio-aseguro-que-insaurralde-es-el-borocoto-de-estos-tiempos","status":"publish","type":"post","link":"http:\/\/www.24baires.com\/?p=58455","title":{"rendered":"Bossio asegur\u00f3 que Insaurralde \u00abes el Borocot\u00f3 de estos tiempos\u00bb"},"content":{"rendered":"<p><img data-recalc-dims=\"1\" loading=\"lazy\" decoding=\"async\" class=\"aligncenter size-full wp-image-49520\" src=\"https:\/\/i0.wp.com\/www.24baires.com\/wp-content\/uploads\/2014\/07\/diego-bossio-anses.jpg?resize=560%2C373\" alt=\"diego-bossio-anses\" width=\"560\" height=\"373\" srcset=\"https:\/\/i0.wp.com\/www.24baires.com\/wp-content\/uploads\/2014\/07\/diego-bossio-anses.jpg?w=560 560w, https:\/\/i0.wp.com\/www.24baires.com\/wp-content\/uploads\/2014\/07\/diego-bossio-anses.jpg?resize=300%2C199 300w\" sizes=\"auto, (max-width: 560px) 100vw, 560px\" \/>El titular de la Anses, Diego Bossio, afirm\u00f3 este jueves que la renuncia del diputado nacional Mart\u00edn Insaurralde es \u201cdesconcertante\u201d; advirti\u00f3 que con esa decisi\u00f3n se est\u00e1 \u201cdando la espalda al mandato popular\u201d que asumi\u00f3 en 2013 cuando fue candidato del kirchnerismo\u201d y que \u201cposiblemente estemos en presencia del nuevo Borocot\u00f3\u201d.<!--more--><\/p>\n<p>\u00abPosiblemente estemos en presencia del nuevo (Eduardo) Borocot\u00f3 de estos tiempos\u00bb, precis\u00f3 el titular de la Anses en declaraciones period\u00edsticas respecto a la decisi\u00f3n de Insaurralde de dejar el Congreso para volver a ocupar el Ejecutivo de Lomas de Zamora.<\/p>\n<p>Bossio record\u00f3 que Insaurralde \u201cten\u00eda claramente un discurso oficialista, a favor del modelo que lidera la Presidenta de la Naci\u00f3n, y de un tiempo a esta parte ha dejado de expresarse tan expl\u00edcitamente a favor de este modelo. Y todas esas cosas son desconcertantes. No dan certezas\u00bb.<\/p>\n<p>Eduardo Borocot\u00f3 fue elegido diputado de la naci\u00f3n en 2005 cuando integraba la lista del PRO. A las pocas semanas de asumir en el Congreso, el m\u00e9dico decidi\u00f3 dejar el partido de Macri para pasar a las filas del kirchnerismo. La jugada despert\u00f3 una gran repercusi\u00f3n e incluso algunos legisladores presentaron proyectos para evitar este tipo de \u00abfugas\u00bb.<\/p>\n<p>&nbsp;<\/p>\n<p>&nbsp;<\/p>\n<p>&nbsp;<\/p>\n<p>&nbsp;<\/p>\n<p>&nbsp;<\/p>\n<p>&nbsp;<\/p>\n<p>&nbsp;<\/p>\n<p>&nbsp;<\/p>\n<p>&nbsp;<\/p>\n<p>&nbsp;<\/p>\n<p>&nbsp;<\/p>\n<p>&nbsp;<\/p>\n<p>&nbsp;<\/p>\n<p>&nbsp;<\/p>\n","protected":false},"excerpt":{"rendered":"<p>El titular de la Anses, Diego Bossio, afirm\u00f3 este jueves que la renuncia del diputado nacional Mart\u00edn Insaurralde es \u201cdesconcertante\u201d; advirti\u00f3 que con esa decisi\u00f3n se est\u00e1 \u201cdando la espalda al mandato popular\u201d que asumi\u00f3 en 2013 cuando fue candidato del kirchnerismo\u201d y que \u201cposiblemente estemos en presencia del nuevo Borocot\u00f3\u201d.<\/p>\n","protected":false},"author":4,"featured_media":0,"comment_status":"open","ping_status":"open","sticky":false,"template":"","format":"standard","meta":{"_jetpack_newsletter_access":"","_jetpack_dont_email_post_to_subs":false,"_jetpack_newsletter_tier_id":0,"_jetpack_memberships_contains_paywalled_content":false,"_jetpack_memberships_contains_paid_content":false,"footnotes":""},"categories":[51],"tags":[],"class_list":["post-58455","post","type-post","status-publish","format-standard","hentry","category-politica"],"jetpack_shortlink":"https:\/\/wp.me\/p2JWE0-fcP","jetpack-related-posts":[{"id":59398,"url":"http:\/\/www.24baires.com\/?p=59398","url_meta":{"origin":58455,"position":0},"title":"Encuestas dan a Bossio primero en las listas para Gobernador","author":"Grupo Sierra","date":"30\/12\/2014","format":false,"excerpt":"Seg\u00fan un sondeo de CEOP, el titular de ANSES pica en punta para suceder a Daniel Scioli en 2015. Hoy, en un escenario de PASO que incluye a Mart\u00edn Insaurralde, cosechar\u00eda hasta 36.6% de los votos, a quien derrotar\u00eda incluso si se presentara por el Frente Renovador 2014 cierra con\u2026","rel":"","context":"En \u00abElecciones 2015\u00bb","block_context":{"text":"Elecciones 2015","link":"http:\/\/www.24baires.com\/?cat=74"},"img":{"alt_text":"diego-bossio-anses","src":"https:\/\/i0.wp.com\/www.24baires.com\/wp-content\/uploads\/2014\/07\/diego-bossio-anses.jpg?resize=350%2C200","width":350,"height":200,"srcset":"https:\/\/i0.wp.com\/www.24baires.com\/wp-content\/uploads\/2014\/07\/diego-bossio-anses.jpg?resize=350%2C200 1x, https:\/\/i0.wp.com\/www.24baires.com\/wp-content\/uploads\/2014\/07\/diego-bossio-anses.jpg?resize=525%2C300 1.5x"},"classes":[]},{"id":33885,"url":"http:\/\/www.24baires.com\/?p=33885","url_meta":{"origin":58455,"position":1},"title":"Insaurralde: \u00absomos la \u00fanica expresi\u00f3n pol\u00edtica que puede defender una agenda de futuro\u00bb","author":"GB","date":"21\/10\/2013","format":false,"excerpt":"TANDIL-\u00a0El primer candidato a diputado nacional del Frente para la Victoria en la provincia de Buenos Aires, Mart\u00edn Insaurralde, recorri\u00f3 Tandil, donde afirm\u00f3 que la fuerza propone \"defender la industria nacional y generar valor agregado a las materias primas\u201d. Insaurralde estuvo la ciudad de Tandil donde visit\u00f3 el Parque Industrial,\u2026","rel":"","context":"En \u00abELECCIONES 2013\u00bb","block_context":{"text":"ELECCIONES 2013","link":"http:\/\/www.24baires.com\/?cat=72"},"img":{"alt_text":"","src":"https:\/\/i0.wp.com\/www.24baires.com\/wp-content\/uploads\/2013\/10\/insaurralde-tandil.jpg?resize=350%2C200","width":350,"height":200,"srcset":"https:\/\/i0.wp.com\/www.24baires.com\/wp-content\/uploads\/2013\/10\/insaurralde-tandil.jpg?resize=350%2C200 1x, https:\/\/i0.wp.com\/www.24baires.com\/wp-content\/uploads\/2013\/10\/insaurralde-tandil.jpg?resize=525%2C300 1.5x"},"classes":[]},{"id":30268,"url":"http:\/\/www.24baires.com\/?p=30268","url_meta":{"origin":58455,"position":2},"title":"Insaurralde: \u00abEl sue\u00f1o de la casa propia hoy es una realidad porque el Estado est\u00e1 presente\u00bb","author":"AF","date":"16\/08\/2013","format":false,"excerpt":"El candidato a diputado nacional por el Frente para la Victoria, Mart\u00edn Insaurralde, destac\u00f3 el plan Procrear luego de reunirse con el director ejecutivo de la Anses, Diego Bossio. El candidato a diputado nacional por el Frente para la Victoria (FPV) e intendente de Lomas de Zamora, Mart\u00edn Insaurralde, asegur\u00f3\u2026","rel":"","context":"En \u00abPol\u00edtica\u00bb","block_context":{"text":"Pol\u00edtica","link":"http:\/\/www.24baires.com\/?cat=51"},"img":{"alt_text":"Insaurralde2","src":"https:\/\/i0.wp.com\/www.24baires.com\/wp-content\/uploads\/2013\/08\/Insaurralde2-300x199.jpg?resize=350%2C200","width":350,"height":200},"classes":[]},{"id":60067,"url":"http:\/\/www.24baires.com\/?p=60067","url_meta":{"origin":58455,"position":3},"title":"\u00abMassa no es bueno para la Argentina y no est\u00e1 preparado para gobernar\u00bb","author":"GB","date":"14\/01\/2015","format":false,"excerpt":"El titular de Anses agreg\u00f3 que al l\u00edder del Frente Renovador \"le falta coherencia, ya que hay cosas que dice hoy que cuando pertenec\u00eda al Anses no las dec\u00eda, y me hace dudar\". En di\u00e1logo con Radio Madres AM 530, Bossio se refiri\u00f3 as\u00ed al paso de Massa al frente\u2026","rel":"","context":"En \u00abPol\u00edtica\u00bb","block_context":{"text":"Pol\u00edtica","link":"http:\/\/www.24baires.com\/?cat=51"},"img":{"alt_text":"diego-bossio-anses","src":"https:\/\/i0.wp.com\/www.24baires.com\/wp-content\/uploads\/2014\/07\/diego-bossio-anses.jpg?resize=350%2C200","width":350,"height":200,"srcset":"https:\/\/i0.wp.com\/www.24baires.com\/wp-content\/uploads\/2014\/07\/diego-bossio-anses.jpg?resize=350%2C200 1x, https:\/\/i0.wp.com\/www.24baires.com\/wp-content\/uploads\/2014\/07\/diego-bossio-anses.jpg?resize=525%2C300 1.5x"},"classes":[]},{"id":63455,"url":"http:\/\/www.24baires.com\/?p=63455","url_meta":{"origin":58455,"position":4},"title":"Insaurralde dio a conocer su apoyo a la candidatura de Scioli","author":"AF","date":"21\/03\/2015","format":false,"excerpt":"El intendente de Lomas de Zamora, Mart\u00edn Insaurralde, dio a conocer su apoyo a la candidatura presidencial del gobernador Daniel Scioli y, aunque reconoci\u00f3 haber tenido \"algunas diferencias por temas de gesti\u00f3n, afirm\u00f3 que el mandatario bonaerense \"est\u00e1 preparado\" para la Primera Magistratura. El ex diputado puso fin a los\u2026","rel":"","context":"En \u00abElecciones 2015\u00bb","block_context":{"text":"Elecciones 2015","link":"http:\/\/www.24baires.com\/?cat=74"},"img":{"alt_text":"","src":"","width":0,"height":0},"classes":[]},{"id":60007,"url":"http:\/\/www.24baires.com\/?p=60007","url_meta":{"origin":58455,"position":5},"title":"Bossio elogi\u00f3 a Scioli y asegur\u00f3 que \u00abser\u00eda un gran honor\u00bb sucederlo","author":"AF","date":"13\/01\/2015","format":false,"excerpt":"El titular del ANSES y precandidato a la gobernaci\u00f3n bonaerense por el Frente para la Victoria, Diego Bossio, admiti\u00f3 hoy que mantiene una \"muy buena relaci\u00f3n\" con el mandatario provincial y aspirante presidencial Daniel Scioli y asegur\u00f3 que ser\u00eda \"un gran honor\" y una \"gran responsabilidad\" sucederlo. \"Decidimos conocer la\u2026","rel":"","context":"En \u00abPol\u00edtica\u00bb","block_context":{"text":"Pol\u00edtica","link":"http:\/\/www.24baires.com\/?cat=51"},"img":{"alt_text":"","src":"https:\/\/i0.wp.com\/www.24baires.com\/wp-content\/uploads\/2015\/01\/bossio-scioli.jpg?resize=350%2C200","width":350,"height":200,"srcset":"https:\/\/i0.wp.com\/www.24baires.com\/wp-content\/uploads\/2015\/01\/bossio-scioli.jpg?resize=350%2C200 1x, https:\/\/i0.wp.com\/www.24baires.com\/wp-content\/uploads\/2015\/01\/bossio-scioli.jpg?resize=525%2C300 1.5x"},"classes":[]}],"jetpack_sharing_enabled":true,"jetpack_likes_enabled":true,"jetpack_featured_media_url":"","_links":{"self":[{"href":"http:\/\/www.24baires.com\/index.php?rest_route=\/wp\/v2\/posts\/58455","targetHints":{"allow":["GET"]}}],"collection":[{"href":"http:\/\/www.24baires.com\/index.php?rest_route=\/wp\/v2\/posts"}],"about":[{"href":"http:\/\/www.24baires.com\/index.php?rest_route=\/wp\/v2\/types\/post"}],"author":[{"embeddable":true,"href":"http:\/\/www.24baires.com\/index.php?rest_route=\/wp\/v2\/users\/4"}],"replies":[{"embeddable":true,"href":"http:\/\/www.24baires.com\/index.php?rest_route=%2Fwp%2Fv2%2Fcomments&post=58455"}],"version-history":[{"count":1,"href":"http:\/\/www.24baires.com\/index.php?rest_route=\/wp\/v2\/posts\/58455\/revisions"}],"predecessor-version":[{"id":58456,"href":"http:\/\/www.24baires.com\/index.php?rest_route=\/wp\/v2\/posts\/58455\/revisions\/58456"}],"wp:attachment":[{"href":"http:\/\/www.24baires.com\/index.php?rest_route=%2Fwp%2Fv2%2Fmedia&parent=58455"}],"wp:term":[{"taxonomy":"category","embeddable":true,"href":"http:\/\/www.24baires.com\/index.php?rest_route=%2Fwp%2Fv2%2Fcategories&post=58455"},{"taxonomy":"post_tag","embeddable":true,"href":"http:\/\/www.24baires.com\/index.php?rest_route=%2Fwp%2Fv2%2Ftags&post=58455"}],"curies":[{"name":"wp","href":"https:\/\/api.w.org\/{rel}","templated":true}]}}