{"id":58431,"date":"2014-12-10T18:30:37","date_gmt":"2014-12-10T21:30:37","guid":{"rendered":"http:\/\/www.24baires.com\/?p=58431"},"modified":"2014-12-11T10:06:49","modified_gmt":"2014-12-11T13:06:49","slug":"cristina-inaugura","status":"publish","type":"post","link":"http:\/\/www.24baires.com\/?p=58431","title":{"rendered":"Cristina: \u00abQue los candidatos hablen de los Derechos Humanos, el gran logro de Argentina\u00bb"},"content":{"rendered":"<p><img data-recalc-dims=\"1\" loading=\"lazy\" decoding=\"async\" class=\"aligncenter size-full wp-image-58443\" src=\"https:\/\/i0.wp.com\/www.24baires.com\/wp-content\/uploads\/2014\/12\/cristina1.jpg?resize=560%2C373\" alt=\"cristina\" width=\"560\" height=\"373\" srcset=\"https:\/\/i0.wp.com\/www.24baires.com\/wp-content\/uploads\/2014\/12\/cristina1.jpg?w=560 560w, https:\/\/i0.wp.com\/www.24baires.com\/wp-content\/uploads\/2014\/12\/cristina1.jpg?resize=300%2C199 300w\" sizes=\"auto, (max-width: 560px) 100vw, 560px\" \/>La Presidenta se refiri\u00f3 a las cr\u00edticas a la pol\u00edtica que lleva adelante el gobierno nacional y pidi\u00f3 que no ignoren \u00absemejante pol\u00edtica de Estado\u00bb.<!--more--><\/p>\n<p>La presidenta Cristina Fern\u00e1ndez de Kirchner exhort\u00f3 hoy a los postulantes presidenciales para el 2015 a que expresen cu\u00e1l ser\u00e1 su pol\u00edtica de derechos humanos en caso de acceder al gobierno y advirti\u00f3 que se trata de una \u00abobligaci\u00f3n moral, pol\u00edtica, democr\u00e1tica y constitucional\u00bb que los aspirantes a la Casa Rosada se pronuncien sobre esa cuesti\u00f3n.<\/p>\n<p>\u00abNo me importan tanto las palabras necias como los silencios c\u00f3mplices; quiero pronunciamientos claros respecto de este tema de los derechos humanos de los hombres y mujeres que quieren gobernar Argentina\u00bb a partir de diciembre del 2015, expres\u00f3 Cristina, en el acto de inauguraci\u00f3n del Hospital Municipal de Mor\u00f3n.<\/p>\n<p>Consider\u00f3 como una \u00abobligaci\u00f3n, moral, pol\u00edtica, democr\u00e1tica y constitucional decir cu\u00e1l va a ser la pol\u00edtica de derechos humanos del siguiente gobierno\u00bb porque se trata de una pol\u00edtica de Estado que convirti\u00f3 a la Argentina en un \u00abpa\u00eds respetado en el mundo entero\u00bb.<\/p>\n<p>En ese sentido, Cristina se\u00f1al\u00f3 que \u00abque le dio pena que un dirigente diga que va a terminar con el curro de los derechos humanos\u00bb, en un acto llevado a cabo en el microestadio de Mor\u00f3n, y durante el cual se anunci\u00f3 la inauguraci\u00f3n del hospital municipal de ese distrito de la zona Oeste del Gran Buenos Aires.<\/p>\n<p>\u00abCuando una escucha que un dirigente dice que va a terminar con el curro los derecho humanos siente pena. Estas cosas dan tristeza, ya no provocan rabia\u00bb, se\u00f1al\u00f3 la mandataria en una clara referencia a las declaraciones period\u00edsticas que el titular y precandidato presidencial del Pro, Mauricio Macri, formul\u00f3 en ese sentido.<\/p>\n<p>Desde el acto de Mor\u00f3n la Presidenta se\u00f1al\u00f3 la relaci\u00f3n que existe entre los que \u00abtratan despectivamente a la pol\u00edtica de derechos humanos\u00bb con los sectores que \u00abse beneficiaron econ\u00f3micamente con la dictadura\u00bb.<\/p>\n<p>Finalmente, la presidenta celebr\u00f3 la entrega al gobierno de Brasil que encabeza Dilma Roussef del informe de la verdad sobre el destino de los 434 ciudadanos desaparecidos durante la \u00faltima dictadura en ese pa\u00eds, elaborado por una comisi\u00f3n de notables, entre ellos los ex presidentes Luiz Inacio Lula da Silva y Fernando Henrique Cardoso.<\/p>\n<p>Cristina envi\u00f3 a su par de Brasil un \u00abfuerte abrazo\u00bb, record\u00f3 que la mandataria del pa\u00eds vecino sufri\u00f3 la c\u00e1rcel y la tortura en \u00e9pocas de la doctrina de seguridad nacional y sostuvo que \u00abla verdad es un derecho que tenemos todos los ciudadanos\u00bb.<\/p>\n","protected":false},"excerpt":{"rendered":"<p>La Presidenta se refiri\u00f3 a las cr\u00edticas a la pol\u00edtica que lleva adelante el gobierno nacional y pidi\u00f3 que no ignoren \u00absemejante pol\u00edtica de Estado\u00bb.<\/p>\n","protected":false},"author":11,"featured_media":0,"comment_status":"open","ping_status":"open","sticky":false,"template":"","format":"standard","meta":{"_jetpack_newsletter_access":"","_jetpack_dont_email_post_to_subs":false,"_jetpack_newsletter_tier_id":0,"_jetpack_memberships_contains_paywalled_content":false,"_jetpack_memberships_contains_paid_content":false,"footnotes":""},"categories":[51],"tags":[],"class_list":["post-58431","post","type-post","status-publish","format-standard","hentry","category-politica"],"jetpack_shortlink":"https:\/\/wp.me\/p2JWE0-fcr","jetpack-related-posts":[{"id":119245,"url":"http:\/\/www.24baires.com\/?p=119245","url_meta":{"origin":58431,"position":0},"title":"Masivo respaldo a la vicepresidenta por el \u00abhostigamiento judicial y medi\u00e1tico\u00bb","author":"AF","date":"22\/08\/2022","format":false,"excerpt":"La vicepresidenta de la naci\u00f3n recibi\u00f3 una contundente muestra de apoyo por parte del Presidente, dirigentes, gobernadores y legisladores del oficialismo, as\u00ed como tambi\u00e9n organizaciones sociales y de trabajadores, quienes denunciaron que la causa por la obra p\u00fablica de Santa Cruz busca \"condicionar pol\u00edticamente\" a la exmandataria. El Presidente, funcionarios\u2026","rel":"","context":"En \u00abSociedad\u00bb","block_context":{"text":"Sociedad","link":"http:\/\/www.24baires.com\/?cat=1"},"img":{"alt_text":"","src":"https:\/\/i0.wp.com\/www.24baires.com\/wp-content\/uploads\/2022\/08\/todos-con-cristina.jpg?resize=350%2C200","width":350,"height":200,"srcset":"https:\/\/i0.wp.com\/www.24baires.com\/wp-content\/uploads\/2022\/08\/todos-con-cristina.jpg?resize=350%2C200 1x, https:\/\/i0.wp.com\/www.24baires.com\/wp-content\/uploads\/2022\/08\/todos-con-cristina.jpg?resize=525%2C300 1.5x, https:\/\/i0.wp.com\/www.24baires.com\/wp-content\/uploads\/2022\/08\/todos-con-cristina.jpg?resize=700%2C400 2x"},"classes":[]},{"id":118844,"url":"http:\/\/www.24baires.com\/?p=118844","url_meta":{"origin":58431,"position":1},"title":"\u00abEl da\u00f1o que hizo Macri a la Argentina es incalculable\u00bb","author":"AF","date":"10\/05\/2022","format":false,"excerpt":"En una entrevista con el diario El Pa\u00eds durante su visita a Espa\u00f1a, el Presidente expres\u00f3 su anhelo de que \"alguna vez la justicia investigue con seriedad\" los \"negociados\" realizados por el Gobierno de Cambiemos, asegur\u00f3 que no le \"preocupa\" el debate en el Frente de Todos, opin\u00f3 sobre el\u2026","rel":"","context":"En \u00abPol\u00edtica\u00bb","block_context":{"text":"Pol\u00edtica","link":"http:\/\/www.24baires.com\/?cat=51"},"img":{"alt_text":"","src":"https:\/\/i0.wp.com\/www.24baires.com\/wp-content\/uploads\/2022\/01\/alberto-fernandez.jpg?resize=350%2C200","width":350,"height":200,"srcset":"https:\/\/i0.wp.com\/www.24baires.com\/wp-content\/uploads\/2022\/01\/alberto-fernandez.jpg?resize=350%2C200 1x, https:\/\/i0.wp.com\/www.24baires.com\/wp-content\/uploads\/2022\/01\/alberto-fernandez.jpg?resize=525%2C300 1.5x, https:\/\/i0.wp.com\/www.24baires.com\/wp-content\/uploads\/2022\/01\/alberto-fernandez.jpg?resize=700%2C400 2x"},"classes":[]},{"id":119599,"url":"http:\/\/www.24baires.com\/?p=119599","url_meta":{"origin":58431,"position":2},"title":"El gabinete denunci\u00f3 la intenci\u00f3n de proscribir electoralmente a Cristina","author":"AF","date":"30\/11\/2022","format":false,"excerpt":"De Juan Manzur a Wado de Pedro, las frases que dej\u00f3 la reuni\u00f3n de ministros sobre el juicio contra la vicepresidenta. Desde la oposici\u00f3n, Larreta se subi\u00f3 a la ola de criticas por derecha: \"Decir que un tribunal de la democracia es un pelot\u00f3n de fusilamiento es una verg\u00fcenza\". Tras\u2026","rel":"","context":"En \u00abPol\u00edtica\u00bb","block_context":{"text":"Pol\u00edtica","link":"http:\/\/www.24baires.com\/?cat=51"},"img":{"alt_text":"","src":"https:\/\/i0.wp.com\/www.24baires.com\/wp-content\/uploads\/2022\/09\/cristinakirchnerjpg.jpg?resize=350%2C200","width":350,"height":200,"srcset":"https:\/\/i0.wp.com\/www.24baires.com\/wp-content\/uploads\/2022\/09\/cristinakirchnerjpg.jpg?resize=350%2C200 1x, https:\/\/i0.wp.com\/www.24baires.com\/wp-content\/uploads\/2022\/09\/cristinakirchnerjpg.jpg?resize=525%2C300 1.5x, https:\/\/i0.wp.com\/www.24baires.com\/wp-content\/uploads\/2022\/09\/cristinakirchnerjpg.jpg?resize=700%2C400 2x"},"classes":[]},{"id":105164,"url":"http:\/\/www.24baires.com\/?p=105164","url_meta":{"origin":58431,"position":3},"title":"P\u00e9rez Esquivel: \u00abEst\u00e1n haciendo todo lo posible para que Cristina siga el camino de Lula\u00bb","author":"AF","date":"29\/10\/2018","format":false,"excerpt":"El premio nobel de la paz argentino expres\u00f3 que \"tenemos un estado de suspensi\u00f3n de consciencia: Lula, Cristina y Correa fueron juzgados y condenados medi\u00e1ticamente primero\". El premio nobel de la paz argentino, Adolfo P\u00e9rez Esquivel, se refiri\u00f3 al triunfo del ultra autoritario militar Jair Bolsonaro en las elecciones en\u2026","rel":"","context":"En \u00abPol\u00edtica\u00bb","block_context":{"text":"Pol\u00edtica","link":"http:\/\/www.24baires.com\/?cat=51"},"img":{"alt_text":"","src":"https:\/\/i0.wp.com\/www.24baires.com\/wp-content\/uploads\/2018\/10\/p%C3%A9rez-esquivel.jpg?resize=350%2C200","width":350,"height":200,"srcset":"https:\/\/i0.wp.com\/www.24baires.com\/wp-content\/uploads\/2018\/10\/p%C3%A9rez-esquivel.jpg?resize=350%2C200 1x, https:\/\/i0.wp.com\/www.24baires.com\/wp-content\/uploads\/2018\/10\/p%C3%A9rez-esquivel.jpg?resize=525%2C300 1.5x"},"classes":[]},{"id":115637,"url":"http:\/\/www.24baires.com\/?p=115637","url_meta":{"origin":58431,"position":4},"title":"El Gobierno anunci\u00f3 que ya est\u00e1 listo el proyecto de legalizaci\u00f3n del aborto","author":"GB","date":"15\/07\/2020","format":false,"excerpt":"La secretar\u00eda de Legal y T\u00e9cnica, Vilma Ibarra, no precis\u00f3 la fecha en que ser\u00e1 enviado al Congreso. La secretar\u00eda de Legal y T\u00e9cnica de la Presidencia, Vilma Ibarra, asegur\u00f3 que el proyecto del Gobierno para legalizar el aborto \"est\u00e1 listo\", y que el objetivo del mismo es impedir \"muertes\u2026","rel":"","context":"En \u00abPol\u00edtica\u00bb","block_context":{"text":"Pol\u00edtica","link":"http:\/\/www.24baires.com\/?cat=51"},"img":{"alt_text":"","src":"https:\/\/i0.wp.com\/www.24baires.com\/wp-content\/uploads\/2019\/02\/pa%C3%B1uelo-aborto.jpg?resize=350%2C200","width":350,"height":200,"srcset":"https:\/\/i0.wp.com\/www.24baires.com\/wp-content\/uploads\/2019\/02\/pa%C3%B1uelo-aborto.jpg?resize=350%2C200 1x, https:\/\/i0.wp.com\/www.24baires.com\/wp-content\/uploads\/2019\/02\/pa%C3%B1uelo-aborto.jpg?resize=525%2C300 1.5x"},"classes":[]},{"id":107983,"url":"http:\/\/www.24baires.com\/?p=107983","url_meta":{"origin":58431,"position":5},"title":"Moreau tild\u00f3 de \u201cfantochada marketinera\u201d la convocatoria del Gobierno a Cristina","author":"GB","date":"06\/05\/2019","format":false,"excerpt":"El diputado nacional de Unidad Ciudadana sostuvo que la ex presidenta \u201cdialoga con la sociedad y eso es m\u00e1s que suficiente\u201d. De esta manera, dejo entrever sus inquietudes respecto de la iniciativa del oficialismo. \u201cEl Gobierno est\u00e1 finalizando su mandato y ahora quiere que la oposici\u00f3n le firme una auto-amnist\u00eda\u201d,\u2026","rel":"","context":"En \u00abPol\u00edtica\u00bb","block_context":{"text":"Pol\u00edtica","link":"http:\/\/www.24baires.com\/?cat=51"},"img":{"alt_text":"","src":"https:\/\/i0.wp.com\/www.24baires.com\/wp-content\/uploads\/2015\/10\/Moreau.jpg?resize=350%2C200","width":350,"height":200,"srcset":"https:\/\/i0.wp.com\/www.24baires.com\/wp-content\/uploads\/2015\/10\/Moreau.jpg?resize=350%2C200 1x, https:\/\/i0.wp.com\/www.24baires.com\/wp-content\/uploads\/2015\/10\/Moreau.jpg?resize=525%2C300 1.5x"},"classes":[]}],"jetpack_sharing_enabled":true,"jetpack_likes_enabled":true,"jetpack_featured_media_url":"","_links":{"self":[{"href":"http:\/\/www.24baires.com\/index.php?rest_route=\/wp\/v2\/posts\/58431","targetHints":{"allow":["GET"]}}],"collection":[{"href":"http:\/\/www.24baires.com\/index.php?rest_route=\/wp\/v2\/posts"}],"about":[{"href":"http:\/\/www.24baires.com\/index.php?rest_route=\/wp\/v2\/types\/post"}],"author":[{"embeddable":true,"href":"http:\/\/www.24baires.com\/index.php?rest_route=\/wp\/v2\/users\/11"}],"replies":[{"embeddable":true,"href":"http:\/\/www.24baires.com\/index.php?rest_route=%2Fwp%2Fv2%2Fcomments&post=58431"}],"version-history":[{"count":3,"href":"http:\/\/www.24baires.com\/index.php?rest_route=\/wp\/v2\/posts\/58431\/revisions"}],"predecessor-version":[{"id":58444,"href":"http:\/\/www.24baires.com\/index.php?rest_route=\/wp\/v2\/posts\/58431\/revisions\/58444"}],"wp:attachment":[{"href":"http:\/\/www.24baires.com\/index.php?rest_route=%2Fwp%2Fv2%2Fmedia&parent=58431"}],"wp:term":[{"taxonomy":"category","embeddable":true,"href":"http:\/\/www.24baires.com\/index.php?rest_route=%2Fwp%2Fv2%2Fcategories&post=58431"},{"taxonomy":"post_tag","embeddable":true,"href":"http:\/\/www.24baires.com\/index.php?rest_route=%2Fwp%2Fv2%2Ftags&post=58431"}],"curies":[{"name":"wp","href":"https:\/\/api.w.org\/{rel}","templated":true}]}}