{"id":58417,"date":"2014-12-10T15:04:22","date_gmt":"2014-12-10T18:04:22","guid":{"rendered":"http:\/\/www.24baires.com\/?p=58417"},"modified":"2014-12-10T15:04:22","modified_gmt":"2014-12-10T18:04:22","slug":"la-presidenta-es-la-dirigente-con-mayor-apoyo-popular-aseguro-de-vido","status":"publish","type":"post","link":"http:\/\/www.24baires.com\/?p=58417","title":{"rendered":"\u00abLa Presidenta es la dirigente con mayor apoyo popular\u00bb, asegur\u00f3 De Vido"},"content":{"rendered":"<p><img data-recalc-dims=\"1\" loading=\"lazy\" decoding=\"async\" class=\"aligncenter size-full wp-image-57877\" src=\"https:\/\/i0.wp.com\/www.24baires.com\/wp-content\/uploads\/2014\/11\/de-vido.jpg?resize=560%2C336\" alt=\"de vido\" width=\"560\" height=\"336\" srcset=\"https:\/\/i0.wp.com\/www.24baires.com\/wp-content\/uploads\/2014\/11\/de-vido.jpg?w=560 560w, https:\/\/i0.wp.com\/www.24baires.com\/wp-content\/uploads\/2014\/11\/de-vido.jpg?resize=300%2C180 300w\" sizes=\"auto, (max-width: 560px) 100vw, 560px\" \/>El ministro de Planificaci\u00f3n Federal remarc\u00f3 el apoyo popular a siete a\u00f1os de su gesti\u00f3n, \u00aben el marco de la campa\u00f1a de oposici\u00f3n medi\u00e1tica m\u00e1s dura de la historia argentina\u00bb.<!--more--><\/p>\n<p>\u00abEs la dirigente con mayor apoyo popular\u00bb, asever\u00f3 de Vido en referencia a la Presidenta, para agregar que esto sucede \u00abluego de a\u00f1os de gesti\u00f3n, despu\u00e9s de haber tomado medidas profundas y transformadoras, en el marco de la campa\u00f1a de oposici\u00f3n m\u00e1s intensa y m\u00e1s dura que yo recuerde de la historia argentina\u00bb.<\/p>\n<p>\u00abEst\u00e1 llevando adelante un proyecto nacional y popular important\u00edsimo que signific\u00f3 la inclusi\u00f3n de millones de argentinos al trabajo, a su primer autom\u00f3vil, su primera vivienda\u00bb, destac\u00f3.<\/p>\n<p>Estas medidas, agreg\u00f3 el ministro \u00abson una serie de conquistas que el pueblo las toma como derecho adquirido, leg\u00edtimas y propias y no ve que est\u00e9 dispuesto a transigirlas en funci\u00f3n de falsos esl\u00f3ganes\u00bb, como las propuestas por candidatos que buscan \u00abajustar, ampliar a econom\u00eda y volver a niveles de desocupaci\u00f3n que en la Argentina est\u00e1n totalmente superados\u00bb.<\/p>\n<p>Al ingresar a la Asamblea Plenaria Ordinaria del Consejo Interprovincial de ministros de Obras P\u00fablicas (Cimop), De Vido remarc\u00f3 que el proyecto liderado por el Frente para la Victoria en el gobierno nacional habilit\u00f3 \u00abinversiones en infraestructura f\u00edsica por 400.000 millones de pesos, la recuperaci\u00f3n del plan nuclear, del \u00e1rea de comunicaciones, la federalizaci\u00f3n de la medicina nuclear, la puesta en marcha del vector Tronador, la puesta en \u00f3rbita del Arsat 1, la pol\u00edtica de salud, hospitalaria, el plan de escuelas\u00bb, entre<br \/>\notros avances logrados en los \u00faltimos 11 a\u00f1os.<\/p>\n<p>\u00abLo que resta de estos 12 meses -en referencia al \u00faltimo a\u00f1o de la gesti\u00f3n presidencial de Cristina- es m\u00e1s que una an\u00e9cdota de agenda\u00bb, asegur\u00f3 para remarcar que \u00abno hay que hablar de un calendario sino de un proyecto a futuro de la fuerte referencia pol\u00edtica que significa la conducci\u00f3n del Frente para la Victoria, la permanencia de la presidenta Cristina como presidenta del Frente para la Victoria\u00bb.<\/p>\n<p>Para de Vido \u00abeste gobierno no se agota en unos meses\u00bb y asegur\u00f3 que \u00abestuve recorriendo el pa\u00eds y hay una fuerte vocaci\u00f3n de la gente por la continuidad del modelo\u00bb.<\/p>\n","protected":false},"excerpt":{"rendered":"<p>El ministro de Planificaci\u00f3n Federal remarc\u00f3 el apoyo popular a siete a\u00f1os de su gesti\u00f3n, \u00aben el marco de la campa\u00f1a de oposici\u00f3n medi\u00e1tica m\u00e1s dura de la historia argentina\u00bb.<\/p>\n","protected":false},"author":8,"featured_media":0,"comment_status":"open","ping_status":"open","sticky":false,"template":"","format":"standard","meta":{"_jetpack_newsletter_access":"","_jetpack_dont_email_post_to_subs":false,"_jetpack_newsletter_tier_id":0,"_jetpack_memberships_contains_paywalled_content":false,"_jetpack_memberships_contains_paid_content":false,"footnotes":""},"categories":[51],"tags":[],"class_list":["post-58417","post","type-post","status-publish","format-standard","hentry","category-politica"],"jetpack_shortlink":"https:\/\/wp.me\/p2JWE0-fcd","jetpack-related-posts":[{"id":118652,"url":"http:\/\/www.24baires.com\/?p=118652","url_meta":{"origin":58417,"position":0},"title":"Se convirti\u00f3 en ley el acuerdo con el FMI","author":"GB","date":"18\/03\/2022","format":false,"excerpt":"El ministro Guzm\u00e1n celebr\u00f3 la sanci\u00f3n de la Ley y remarc\u00f3 que Argentina logr\u00f3 con el FMI un acuerdo \u201cradicalmente diferente a todos\u201d. Con 56 votos a favor, 13 en contra y 3 abstenciones, el Senado de la Naci\u00f3n aprob\u00f3 en la noche del jueves el proyecto de acuerdo con\u2026","rel":"","context":"En \u00abPol\u00edtica\u00bb","block_context":{"text":"Pol\u00edtica","link":"http:\/\/www.24baires.com\/?cat=51"},"img":{"alt_text":"","src":"https:\/\/i0.wp.com\/www.24baires.com\/wp-content\/uploads\/2022\/03\/FOE_lqqXwAwqTIS-1024x683.jpg?resize=350%2C200","width":350,"height":200,"srcset":"https:\/\/i0.wp.com\/www.24baires.com\/wp-content\/uploads\/2022\/03\/FOE_lqqXwAwqTIS-1024x683.jpg?resize=350%2C200 1x, https:\/\/i0.wp.com\/www.24baires.com\/wp-content\/uploads\/2022\/03\/FOE_lqqXwAwqTIS-1024x683.jpg?resize=525%2C300 1.5x, https:\/\/i0.wp.com\/www.24baires.com\/wp-content\/uploads\/2022\/03\/FOE_lqqXwAwqTIS-1024x683.jpg?resize=700%2C400 2x"},"classes":[]},{"id":120519,"url":"http:\/\/www.24baires.com\/?p=120519","url_meta":{"origin":58417,"position":1},"title":"Massa celebr\u00f3 ley que modifica ganancias y pidi\u00f3 apoyo para la de devoluci\u00f3n del IVA","author":"AF","date":"29\/09\/2023","format":false,"excerpt":"El ministro de Econom\u00eda y candidato presidencial de Uni\u00f3n por la Patria (UxP), Sergio Massa, consider\u00f3 hoy como \"un paso fundamental\" contra \"la injusticia\" la eliminaci\u00f3n de la cuarta categor\u00eda del impuesto a las Ganancias, al destacar la sanci\u00f3n de la ley que elimin\u00f3 ese gravamen, y pidi\u00f3 \"apoyo\" para\u2026","rel":"","context":"En \u00abPol\u00edtica\u00bb","block_context":{"text":"Pol\u00edtica","link":"http:\/\/www.24baires.com\/?cat=51"},"img":{"alt_text":"","src":"https:\/\/i0.wp.com\/www.24baires.com\/wp-content\/uploads\/2023\/09\/massa.jpg?resize=350%2C200","width":350,"height":200,"srcset":"https:\/\/i0.wp.com\/www.24baires.com\/wp-content\/uploads\/2023\/09\/massa.jpg?resize=350%2C200 1x, https:\/\/i0.wp.com\/www.24baires.com\/wp-content\/uploads\/2023\/09\/massa.jpg?resize=525%2C300 1.5x, https:\/\/i0.wp.com\/www.24baires.com\/wp-content\/uploads\/2023\/09\/massa.jpg?resize=700%2C400 2x"},"classes":[]},{"id":113335,"url":"http:\/\/www.24baires.com\/?p=113335","url_meta":{"origin":58417,"position":2},"title":"La primera reuni\u00f3n del Gobierno ser\u00e1 del Plan contra el Hambre","author":"AF","date":"10\/12\/2019","format":false,"excerpt":"\u201cEl cooperativismo y la agricultura familiar ser\u00e1n actores centrales\", dijo Alberto Fern\u00e1ndez, en su discurso de asunci\u00f3n. Las medidas a implementar por el flamante mandatario con el objetivo de fortalecer la econom\u00eda popular incluyen la creaci\u00f3n de los Mercados Alimentar, una nueva tarjeta alimentaria y un plan de becas para\u2026","rel":"","context":"En \u00abPol\u00edtica\u00bb","block_context":{"text":"Pol\u00edtica","link":"http:\/\/www.24baires.com\/?cat=51"},"img":{"alt_text":"","src":"https:\/\/i0.wp.com\/www.24baires.com\/wp-content\/uploads\/2016\/09\/ollas-populares.jpg?resize=350%2C200","width":350,"height":200,"srcset":"https:\/\/i0.wp.com\/www.24baires.com\/wp-content\/uploads\/2016\/09\/ollas-populares.jpg?resize=350%2C200 1x, https:\/\/i0.wp.com\/www.24baires.com\/wp-content\/uploads\/2016\/09\/ollas-populares.jpg?resize=525%2C300 1.5x"},"classes":[]},{"id":107985,"url":"http:\/\/www.24baires.com\/?p=107985","url_meta":{"origin":58417,"position":3},"title":"Tras hablar con Macri, Massa afirm\u00f3: \u00abEs un Gobierno terco. No tiene voluntad de corregir el rumbo\u00bb","author":"GB","date":"06\/05\/2019","format":false,"excerpt":"El l\u00edder del Frente Renovador respondi\u00f3 con dureza a la convocatoria del Gobierno para alcanzar un \"acuerdo\" con la oposici\u00f3n. Luego de mantener una conversaci\u00f3n telef\u00f3nica con el Presidente por este tema, el tigrense asegur\u00f3: \"No tiene ninguna voluntad de corregir el rumbo, solo quiere qu nos hagamos cargo de\u2026","rel":"","context":"En \u00abPol\u00edtica\u00bb","block_context":{"text":"Pol\u00edtica","link":"http:\/\/www.24baires.com\/?cat=51"},"img":{"alt_text":"","src":"https:\/\/i0.wp.com\/www.24baires.com\/wp-content\/uploads\/2015\/03\/massa-1.jpg?resize=350%2C200","width":350,"height":200,"srcset":"https:\/\/i0.wp.com\/www.24baires.com\/wp-content\/uploads\/2015\/03\/massa-1.jpg?resize=350%2C200 1x, https:\/\/i0.wp.com\/www.24baires.com\/wp-content\/uploads\/2015\/03\/massa-1.jpg?resize=525%2C300 1.5x"},"classes":[]},{"id":119599,"url":"http:\/\/www.24baires.com\/?p=119599","url_meta":{"origin":58417,"position":4},"title":"El gabinete denunci\u00f3 la intenci\u00f3n de proscribir electoralmente a Cristina","author":"AF","date":"30\/11\/2022","format":false,"excerpt":"De Juan Manzur a Wado de Pedro, las frases que dej\u00f3 la reuni\u00f3n de ministros sobre el juicio contra la vicepresidenta. Desde la oposici\u00f3n, Larreta se subi\u00f3 a la ola de criticas por derecha: \"Decir que un tribunal de la democracia es un pelot\u00f3n de fusilamiento es una verg\u00fcenza\". Tras\u2026","rel":"","context":"En \u00abPol\u00edtica\u00bb","block_context":{"text":"Pol\u00edtica","link":"http:\/\/www.24baires.com\/?cat=51"},"img":{"alt_text":"","src":"https:\/\/i0.wp.com\/www.24baires.com\/wp-content\/uploads\/2022\/09\/cristinakirchnerjpg.jpg?resize=350%2C200","width":350,"height":200,"srcset":"https:\/\/i0.wp.com\/www.24baires.com\/wp-content\/uploads\/2022\/09\/cristinakirchnerjpg.jpg?resize=350%2C200 1x, https:\/\/i0.wp.com\/www.24baires.com\/wp-content\/uploads\/2022\/09\/cristinakirchnerjpg.jpg?resize=525%2C300 1.5x, https:\/\/i0.wp.com\/www.24baires.com\/wp-content\/uploads\/2022\/09\/cristinakirchnerjpg.jpg?resize=700%2C400 2x"},"classes":[]},{"id":117827,"url":"http:\/\/www.24baires.com\/?p=117827","url_meta":{"origin":58417,"position":5},"title":"\u00abLa campa\u00f1a de vacunaci\u00f3n es m\u00e1s importante que la campa\u00f1a electoral\u00bb","author":"AF","date":"08\/07\/2021","format":false,"excerpt":"Durante el informe de gesti\u00f3n ante la C\u00e1mara baja, el jefe de Gabinete hizo referencia a los signos de reactivaci\u00f3n econ\u00f3mica, destac\u00f3 la campa\u00f1a de vacunaci\u00f3n que lleva adelante el Gobierno y anunci\u00f3 la firma de un acuerdo con el laboratorio Moderna. El jefe del Gabinete, Santiago Cafiero, subray\u00f3 que\u2026","rel":"","context":"En \u00abPol\u00edtica\u00bb","block_context":{"text":"Pol\u00edtica","link":"http:\/\/www.24baires.com\/?cat=51"},"img":{"alt_text":"","src":"https:\/\/i0.wp.com\/www.24baires.com\/wp-content\/uploads\/2021\/05\/609ace614d0e9_1004x565.jpg?resize=350%2C200","width":350,"height":200,"srcset":"https:\/\/i0.wp.com\/www.24baires.com\/wp-content\/uploads\/2021\/05\/609ace614d0e9_1004x565.jpg?resize=350%2C200 1x, https:\/\/i0.wp.com\/www.24baires.com\/wp-content\/uploads\/2021\/05\/609ace614d0e9_1004x565.jpg?resize=525%2C300 1.5x"},"classes":[]}],"jetpack_sharing_enabled":true,"jetpack_likes_enabled":true,"jetpack_featured_media_url":"","_links":{"self":[{"href":"http:\/\/www.24baires.com\/index.php?rest_route=\/wp\/v2\/posts\/58417","targetHints":{"allow":["GET"]}}],"collection":[{"href":"http:\/\/www.24baires.com\/index.php?rest_route=\/wp\/v2\/posts"}],"about":[{"href":"http:\/\/www.24baires.com\/index.php?rest_route=\/wp\/v2\/types\/post"}],"author":[{"embeddable":true,"href":"http:\/\/www.24baires.com\/index.php?rest_route=\/wp\/v2\/users\/8"}],"replies":[{"embeddable":true,"href":"http:\/\/www.24baires.com\/index.php?rest_route=%2Fwp%2Fv2%2Fcomments&post=58417"}],"version-history":[{"count":1,"href":"http:\/\/www.24baires.com\/index.php?rest_route=\/wp\/v2\/posts\/58417\/revisions"}],"predecessor-version":[{"id":58418,"href":"http:\/\/www.24baires.com\/index.php?rest_route=\/wp\/v2\/posts\/58417\/revisions\/58418"}],"wp:attachment":[{"href":"http:\/\/www.24baires.com\/index.php?rest_route=%2Fwp%2Fv2%2Fmedia&parent=58417"}],"wp:term":[{"taxonomy":"category","embeddable":true,"href":"http:\/\/www.24baires.com\/index.php?rest_route=%2Fwp%2Fv2%2Fcategories&post=58417"},{"taxonomy":"post_tag","embeddable":true,"href":"http:\/\/www.24baires.com\/index.php?rest_route=%2Fwp%2Fv2%2Ftags&post=58417"}],"curies":[{"name":"wp","href":"https:\/\/api.w.org\/{rel}","templated":true}]}}