{"id":58413,"date":"2014-12-10T14:00:57","date_gmt":"2014-12-10T17:00:57","guid":{"rendered":"http:\/\/www.24baires.com\/?p=58413"},"modified":"2014-12-10T14:02:08","modified_gmt":"2014-12-10T17:02:08","slug":"la-presidenta-inaugurara-el-hospital-municipal-de-moron","status":"publish","type":"post","link":"http:\/\/www.24baires.com\/?p=58413","title":{"rendered":"La Presidenta inaugurar\u00e1 el hospital municipal de Mor\u00f3n"},"content":{"rendered":"<p><img data-recalc-dims=\"1\" loading=\"lazy\" decoding=\"async\" class=\"aligncenter size-full wp-image-54557\" src=\"https:\/\/i0.wp.com\/www.24baires.com\/wp-content\/uploads\/2014\/09\/cristina3.jpg?resize=560%2C373\" alt=\"cristina\" width=\"560\" height=\"373\" srcset=\"https:\/\/i0.wp.com\/www.24baires.com\/wp-content\/uploads\/2014\/09\/cristina3.jpg?w=560 560w, https:\/\/i0.wp.com\/www.24baires.com\/wp-content\/uploads\/2014\/09\/cristina3.jpg?resize=300%2C199 300w\" sizes=\"auto, (max-width: 560px) 100vw, 560px\" \/>La Presidenta encabezar\u00e1 a las 18 el acto de inauguraci\u00f3n del hospital, que le demand\u00f3 al Estado Nacional una inversi\u00f3n de 310 millones de pesos, y luego se trasladar\u00e1 al Centro Recreativo y Deportivo Municipal \u201cGorki Grana\u201d para recorrer sus instalaciones.<!--more--><\/p>\n<p>Adem\u00e1s Cristina mantendr\u00e1 tres videoconferencias, todas con la Ciudad de Buenos Aires. Una, con motivo de la restauraci\u00f3n de la sede de la Auditor\u00eda General de la Naci\u00f3n, que llevar\u00e1 a partir de hoy el nombre de \u00abPresidente Ra\u00fal Alfons\u00edn\u00bb.<\/p>\n<p>Otra por la inauguraci\u00f3n de un mural emplazado en la avenida 9 de Julio en homenaje al escritor y pol\u00edtico Arturo Jauretche; y la tercera, por la puesta en marcha de un centro de acceso a la justicia en la zona de Once.<\/p>\n<p>Este acto estaba previsto que se realizara ayer, pero fue reprogramado para hoy por razones clim\u00e1ticas.<\/p>\n<p>&nbsp;<\/p>\n<p>&nbsp;<\/p>\n<p>&nbsp;<\/p>\n<p>&nbsp;<\/p>\n<p>&nbsp;<\/p>\n<p>&nbsp;<\/p>\n<p>&nbsp;<\/p>\n<p>&nbsp;<\/p>\n<p>&nbsp;<\/p>\n<p>&nbsp;<\/p>\n<p>&nbsp;<\/p>\n<p>&nbsp;<\/p>\n<p>&nbsp;<\/p>\n<p>&nbsp;<\/p>\n<p>&nbsp;<\/p>\n","protected":false},"excerpt":{"rendered":"<p>La Presidenta encabezar\u00e1 a las 18 el acto de inauguraci\u00f3n del hospital, que le demand\u00f3 al Estado Nacional una inversi\u00f3n de 310 millones de pesos, y luego se trasladar\u00e1 al Centro Recreativo y Deportivo Municipal \u201cGorki Grana\u201d para recorrer sus instalaciones.<\/p>\n","protected":false},"author":8,"featured_media":0,"comment_status":"open","ping_status":"open","sticky":false,"template":"","format":"standard","meta":{"_jetpack_newsletter_access":"","_jetpack_dont_email_post_to_subs":false,"_jetpack_newsletter_tier_id":0,"_jetpack_memberships_contains_paywalled_content":false,"_jetpack_memberships_contains_paid_content":false,"footnotes":""},"categories":[51],"tags":[],"class_list":["post-58413","post","type-post","status-publish","format-standard","hentry","category-politica"],"jetpack_shortlink":"https:\/\/wp.me\/p2JWE0-fc9","jetpack-related-posts":[{"id":116347,"url":"http:\/\/www.24baires.com\/?p=116347","url_meta":{"origin":58413,"position":0},"title":"Kicillof: \u00abPara nosotros la salud no es un negocio, es un derecho\u00bb","author":"AF","date":"28\/09\/2020","format":false,"excerpt":"El gobernador bonaerense valor\u00f3 el \"Estado presente, que en pandemia se puso los pantalones y las polleras y se puso a trabajar para que a nadie le falta nada\". El gobernador bonaerense, Axel Kicillof, asegur\u00f3 hoy que \"la salud no es un negocio, es un derecho\", al participar de la\u2026","rel":"","context":"En \u00abProvincia\u00bb","block_context":{"text":"Provincia","link":"http:\/\/www.24baires.com\/?cat=40"},"img":{"alt_text":"","src":"https:\/\/i0.wp.com\/www.24baires.com\/wp-content\/uploads\/2020\/07\/kicillof-arroyo.jpeg?resize=350%2C200","width":350,"height":200,"srcset":"https:\/\/i0.wp.com\/www.24baires.com\/wp-content\/uploads\/2020\/07\/kicillof-arroyo.jpeg?resize=350%2C200 1x, https:\/\/i0.wp.com\/www.24baires.com\/wp-content\/uploads\/2020\/07\/kicillof-arroyo.jpeg?resize=525%2C300 1.5x"},"classes":[]},{"id":58356,"url":"http:\/\/www.24baires.com\/?p=58356","url_meta":{"origin":58413,"position":1},"title":"Se reprogram\u00f3 la inauguraci\u00f3n del hospital de Mor\u00f3n","author":"GB","date":"09\/12\/2014","format":false,"excerpt":"Cristina Fern\u00e1ndez de Kirchner dispuso pasar para ma\u00f1ana el acto por las condiciones meteorol\u00f3gicas previstas para el d\u00eda de la fecha. Por la tarde, recibir\u00e1 por separado a los ministros en su gabinete de trabajo de la residencia de Olivos. La presidenta Cristina Fern\u00e1ndez de Kirchner recibir\u00e1 esta tarde, por\u2026","rel":"","context":"En \u00abLocales\u00bb","block_context":{"text":"Locales","link":"http:\/\/www.24baires.com\/?cat=38"},"img":{"alt_text":"cristina23","src":"https:\/\/i0.wp.com\/www.24baires.com\/wp-content\/uploads\/2014\/10\/cristina23.jpg?resize=350%2C200","width":350,"height":200,"srcset":"https:\/\/i0.wp.com\/www.24baires.com\/wp-content\/uploads\/2014\/10\/cristina23.jpg?resize=350%2C200 1x, https:\/\/i0.wp.com\/www.24baires.com\/wp-content\/uploads\/2014\/10\/cristina23.jpg?resize=525%2C300 1.5x"},"classes":[]},{"id":122467,"url":"http:\/\/www.24baires.com\/?p=122467","url_meta":{"origin":58413,"position":2},"title":"Kicillof volvi\u00f3 a pedir el voto anti motosierra: \u00bb El 7 de septiembre hay que ponerle un freno en las urna\u00bb","author":"GB","date":"18\/08\/2025","format":false,"excerpt":"Acompa\u00f1ado del intendente Pablo Zurro, el gobernador inaugur\u00f3 un centro de salud que beneficiar\u00e1 a 45.000 vecinos y entreg\u00f3 patrulleros, oponiendo gesti\u00f3n al ajuste del presidente Javier Milei. El gobernador bonaerense, Axel Kicillof, encabez\u00f3 este viernes en Pehuaj\u00f3 la inauguraci\u00f3n del Centro de Atenci\u00f3n Primaria de la Salud (CAPS) \u201cJorge\u2026","rel":"","context":"En \u00abProvincia\u00bb","block_context":{"text":"Provincia","link":"http:\/\/www.24baires.com\/?cat=40"},"img":{"alt_text":"","src":"https:\/\/i0.wp.com\/www.24baires.com\/wp-content\/uploads\/2025\/08\/axel-vecinos.webp?resize=350%2C200","width":350,"height":200,"srcset":"https:\/\/i0.wp.com\/www.24baires.com\/wp-content\/uploads\/2025\/08\/axel-vecinos.webp?resize=350%2C200 1x, https:\/\/i0.wp.com\/www.24baires.com\/wp-content\/uploads\/2025\/08\/axel-vecinos.webp?resize=525%2C300 1.5x, https:\/\/i0.wp.com\/www.24baires.com\/wp-content\/uploads\/2025\/08\/axel-vecinos.webp?resize=700%2C400 2x"},"classes":[]},{"id":58431,"url":"http:\/\/www.24baires.com\/?p=58431","url_meta":{"origin":58413,"position":3},"title":"Cristina: \u00abQue los candidatos hablen de los Derechos Humanos, el gran logro de Argentina\u00bb","author":"Grupo Sierra","date":"10\/12\/2014","format":false,"excerpt":"La Presidenta se refiri\u00f3 a las cr\u00edticas a la pol\u00edtica que lleva adelante el gobierno nacional y pidi\u00f3 que no ignoren \"semejante pol\u00edtica de Estado\". La presidenta Cristina Fern\u00e1ndez de Kirchner exhort\u00f3 hoy a los postulantes presidenciales para el 2015 a que expresen cu\u00e1l ser\u00e1 su pol\u00edtica de derechos humanos\u2026","rel":"","context":"En \u00abPol\u00edtica\u00bb","block_context":{"text":"Pol\u00edtica","link":"http:\/\/www.24baires.com\/?cat=51"},"img":{"alt_text":"","src":"https:\/\/i0.wp.com\/www.24baires.com\/wp-content\/uploads\/2014\/12\/cristina1.jpg?resize=350%2C200","width":350,"height":200,"srcset":"https:\/\/i0.wp.com\/www.24baires.com\/wp-content\/uploads\/2014\/12\/cristina1.jpg?resize=350%2C200 1x, https:\/\/i0.wp.com\/www.24baires.com\/wp-content\/uploads\/2014\/12\/cristina1.jpg?resize=525%2C300 1.5x"},"classes":[]},{"id":55914,"url":"http:\/\/www.24baires.com\/?p=55914","url_meta":{"origin":58413,"position":4},"title":"Cristina: \u00abEl logro de este proyecto fue hacerse cargo de la historia de los argentinos\u00bb","author":"Grupo Sierra","date":"23\/10\/2014","format":false,"excerpt":"La Presidenta realiz\u00f3 un acto en Chaco en el que present\u00f3 el Centro Biotecnol\u00f3gico y el Viaducto en la Ruta Nacional 16, entre otras obras.\"Felicitamos a los argentinos por poner a la tecnolog\u00eda en un lugar de excelencia\", expres\u00f3. La presidenta Cristina Fern\u00e1ndez de Kirchner sostuvo hoy que \"el construir\"\u2026","rel":"","context":"En \u00abSociedad\u00bb","block_context":{"text":"Sociedad","link":"http:\/\/www.24baires.com\/?cat=1"},"img":{"alt_text":"","src":"https:\/\/i0.wp.com\/www.24baires.com\/wp-content\/uploads\/2014\/10\/cristina4.jpg?resize=350%2C200","width":350,"height":200,"srcset":"https:\/\/i0.wp.com\/www.24baires.com\/wp-content\/uploads\/2014\/10\/cristina4.jpg?resize=350%2C200 1x, https:\/\/i0.wp.com\/www.24baires.com\/wp-content\/uploads\/2014\/10\/cristina4.jpg?resize=525%2C300 1.5x"},"classes":[]},{"id":115446,"url":"http:\/\/www.24baires.com\/?p=115446","url_meta":{"origin":58413,"position":5},"title":"Pilar: se inaugur\u00f3 un hospital para pacientes con COVID-19","author":"GB","date":"24\/06\/2020","format":false,"excerpt":"Se trata del Hospital Municipal de Presidente Derqui que funcionar\u00e1 como el primer Centro de Internaci\u00f3n de la localidad. El acto cont\u00f3 con la presencia del Gobernador Axel Kicillof quien estuvo acompa\u00f1ado por el intendente del distrito, Federico Ach\u00e1val, y por el ministro de Salud de la provincia, Daniel Goll\u00e1n.\u2026","rel":"","context":"En \u00abMunicipios\u00bb","block_context":{"text":"Municipios","link":"http:\/\/www.24baires.com\/?cat=44"},"img":{"alt_text":"","src":"https:\/\/i0.wp.com\/www.24baires.com\/wp-content\/uploads\/2020\/06\/hospital-covid-pilar.jpeg?resize=350%2C200","width":350,"height":200,"srcset":"https:\/\/i0.wp.com\/www.24baires.com\/wp-content\/uploads\/2020\/06\/hospital-covid-pilar.jpeg?resize=350%2C200 1x, https:\/\/i0.wp.com\/www.24baires.com\/wp-content\/uploads\/2020\/06\/hospital-covid-pilar.jpeg?resize=525%2C300 1.5x"},"classes":[]}],"jetpack_sharing_enabled":true,"jetpack_likes_enabled":true,"jetpack_featured_media_url":"","_links":{"self":[{"href":"http:\/\/www.24baires.com\/index.php?rest_route=\/wp\/v2\/posts\/58413","targetHints":{"allow":["GET"]}}],"collection":[{"href":"http:\/\/www.24baires.com\/index.php?rest_route=\/wp\/v2\/posts"}],"about":[{"href":"http:\/\/www.24baires.com\/index.php?rest_route=\/wp\/v2\/types\/post"}],"author":[{"embeddable":true,"href":"http:\/\/www.24baires.com\/index.php?rest_route=\/wp\/v2\/users\/8"}],"replies":[{"embeddable":true,"href":"http:\/\/www.24baires.com\/index.php?rest_route=%2Fwp%2Fv2%2Fcomments&post=58413"}],"version-history":[{"count":1,"href":"http:\/\/www.24baires.com\/index.php?rest_route=\/wp\/v2\/posts\/58413\/revisions"}],"predecessor-version":[{"id":58414,"href":"http:\/\/www.24baires.com\/index.php?rest_route=\/wp\/v2\/posts\/58413\/revisions\/58414"}],"wp:attachment":[{"href":"http:\/\/www.24baires.com\/index.php?rest_route=%2Fwp%2Fv2%2Fmedia&parent=58413"}],"wp:term":[{"taxonomy":"category","embeddable":true,"href":"http:\/\/www.24baires.com\/index.php?rest_route=%2Fwp%2Fv2%2Fcategories&post=58413"},{"taxonomy":"post_tag","embeddable":true,"href":"http:\/\/www.24baires.com\/index.php?rest_route=%2Fwp%2Fv2%2Ftags&post=58413"}],"curies":[{"name":"wp","href":"https:\/\/api.w.org\/{rel}","templated":true}]}}